{"id":152659,"date":"2013-11-14T12:51:06","date_gmt":"2013-11-14T12:51:06","guid":{"rendered":"https:\/\/admin.industriall-union.org\/le-harcelement-des-syndicats-se-poursuit-en-colombie-un-dirigeant-de-uso-est-detenu\/"},"modified":"2025-02-08T06:50:23","modified_gmt":"2025-02-08T06:50:23","slug":"le-harcelement-des-syndicats-se-poursuit-en-colombie-un-dirigeant-de-uso-est-detenu","status":"publish","type":"article","link":"https:\/\/admin.industriall-union.org\/fr\/le-harcelement-des-syndicats-se-poursuit-en-colombie-un-dirigeant-de-uso-est-detenu\/","title":{"rendered":"Le harc\u00e8lement des syndicats se poursuit en Colombie: un dirigeant de USO est d\u00e9tenu"},"content":{"rendered":"<p>USO, qui est affili\u00e9 \u00e0 IndustriALL, s&rsquo;\u00e9l\u00e8ve contre la d\u00e9tention de Dar\u00edo C\u00e1rdenas et annonce qu&rsquo;il rendra compte de la situation aux instances nationales et internationales, en demandant leur aide pour mettre fin au harc\u00e8lement \u00e0 l&rsquo;encontre du syndicat.<\/p><p>&ldquo;Il est clair que le gouvernement, les forces de s\u00e9curit\u00e9 de l&rsquo;\u00c9tat et les entreprises p\u00e9troli\u00e8res, notamment Pacific Rubiales Energy, ont \u00e9labor\u00e9 une strat\u00e9gie pour emp\u00eacher \u00e0 tout prix USO d&rsquo;\u00e9tablir sa pr\u00e9sence dans la nouvelle zone de production de p\u00e9trole du d\u00e9partement de Meta, \u00e9tant donn\u00e9 qu&rsquo;il s&rsquo;agit de la plus importante r\u00e9gion de production p\u00e9troli\u00e8re du pays. C&rsquo;est une nouvelle attaque du gouvernement contre le syndicalisme qui r\u00e9pond \u00e0 un aspect majeur de cette strat\u00e9gie, \u00e0 savoir que les dirigeants qui n&rsquo;ont pas d\u00e9j\u00e0 \u00e9t\u00e9 tu\u00e9s par les paramilitaires ou l&rsquo;arm\u00e9e doivent \u00eatre envoy\u00e9s devant les tribunaux et emprisonn\u00e9s. Nous faisons face \u00e0 une alliance perverse des employeurs, de fonctionnaires corrompus des tribunaux et de membres des forces de s\u00e9curit\u00e9, qui se sont regroup\u00e9s dans une croisade contre les libert\u00e9s syndicales pour punir les organisations de travailleurs et travailleuses de mener des activit\u00e9s&rdquo;, a d\u00e9clar\u00e9 le syndicat.<\/p><p>USO r\u00e9affirme que les accusations port\u00e9es contre son dirigeant sont fausses et rel\u00e8vent d&rsquo;une campagne contre la libert\u00e9 de l&rsquo;organisation de mener des activit\u00e9s comme la distribution de tracts, une campagne de diffamation et de menaces contre les dirigeants et leurs familles.<\/p><p>IndustriALL Global Union s&rsquo;\u00e9l\u00e8ve contre ce harc\u00e8lement regrettable \u00e0 l&rsquo;encontre de notre coll\u00e8gue syndical, Dar\u00edo C\u00e1rdenas, qui constitue une infraction aux droits syndicaux. IndustriALL Global Union assure USO de sa solidarit\u00e9 et soutient ses actions pour assurer la d\u00e9fense des int\u00e9r\u00eats des travailleurs et travailleuses en Colombie.<\/p>","protected":false},"featured_media":0,"template":"","issues":[422,424],"companies":[103],"regions":[264],"sectors":[483],"article_tags":[],"class_list":["post-152659","article","type-article","status-publish","hentry","issues-human-trade-union-rights","issues-violation","companies-pacific-rubiales-energy","regions-colombia","sectors-energy-oil-gas-electricity-and-nuclear"],"acf":[],"yoast_head":"<!-- This site is optimized with the Yoast SEO Premium plugin v27.1 (Yoast SEO v27.1) - https:\/\/yoast.com\/product\/yoast-seo-premium-wordpress\/ -->\n<title>Le harc\u00e8lement des syndicats se poursuit en Colombie: un dirigeant de USO est d\u00e9tenu - industriall-union<\/title>\n<meta name=\"description\" content=\"USO, qui est affili\u00e9 \u00e0 IndustriALL, s&rsquo;\u00e9l\u00e8ve contre la d\u00e9tention de Dar\u00edo C\u00e1rdenas et annonce qu&rsquo;il rendra compte de la situation aux instances\" \/>\n<meta name=\"robots\" content=\"index, follow, max-snippet:-1, max-image-preview:large, max-video-preview:-1\" \/>\n<link rel=\"canonical\" href=\"https:\/\/admin.industriall-union.org\/fr\/le-harcelement-des-syndicats-se-poursuit-en-colombie-un-dirigeant-de-uso-est-detenu\/\" \/>\n<meta property=\"og:locale\" content=\"fr_FR\" \/>\n<meta property=\"og:type\" content=\"article\" \/>\n<meta property=\"og:title\" content=\"Le harc\u00e8lement des syndicats se poursuit en Colombie: un dirigeant de USO est d\u00e9tenu\" \/>\n<meta property=\"og:description\" content=\"USO, qui est affili\u00e9 \u00e0 IndustriALL, s&rsquo;\u00e9l\u00e8ve contre la d\u00e9tention de Dar\u00edo C\u00e1rdenas et annonce qu&rsquo;il rendra compte de la situation aux instances\" \/>\n<meta property=\"og:url\" content=\"https:\/\/admin.industriall-union.org\/fr\/le-harcelement-des-syndicats-se-poursuit-en-colombie-un-dirigeant-de-uso-est-detenu\/\" \/>\n<meta property=\"og:site_name\" content=\"industriall-union\" \/>\n<meta property=\"article:modified_time\" content=\"2025-02-08T06:50:23+00:00\" \/>\n<meta name=\"twitter:card\" content=\"summary_large_image\" \/>\n<meta name=\"twitter:label1\" content=\"Est. reading time\" \/>\n\t<meta name=\"twitter:data1\" content=\"2 minutes\" \/>\n<script type=\"application\/ld+json\" class=\"yoast-schema-graph\">{\"@context\":\"https:\/\/schema.org\",\"@graph\":[{\"@type\":\"WebPage\",\"@id\":\"https:\/\/admin.industriall-union.org\/fr\/le-harcelement-des-syndicats-se-poursuit-en-colombie-un-dirigeant-de-uso-est-detenu\/\",\"url\":\"https:\/\/admin.industriall-union.org\/fr\/le-harcelement-des-syndicats-se-poursuit-en-colombie-un-dirigeant-de-uso-est-detenu\/\",\"name\":\"Le harc\u00e8lement des syndicats se poursuit en Colombie: un dirigeant de USO est d\u00e9tenu - industriall-union\",\"isPartOf\":{\"@id\":\"https:\/\/admin.industriall-union.org\/#website\"},\"datePublished\":\"2013-11-14T12:51:06+00:00\",\"dateModified\":\"2025-02-08T06:50:23+00:00\",\"description\":\"USO, qui est affili\u00e9 \u00e0 IndustriALL, s&rsquo;\u00e9l\u00e8ve contre la d\u00e9tention de Dar\u00edo C\u00e1rdenas et annonce qu&rsquo;il rendra compte de la situation aux instances\",\"breadcrumb\":{\"@id\":\"https:\/\/admin.industriall-union.org\/fr\/le-harcelement-des-syndicats-se-poursuit-en-colombie-un-dirigeant-de-uso-est-detenu\/#breadcrumb\"},\"inLanguage\":\"fr-FR\",\"potentialAction\":[{\"@type\":\"ReadAction\",\"target\":[\"https:\/\/admin.industriall-union.org\/fr\/le-harcelement-des-syndicats-se-poursuit-en-colombie-un-dirigeant-de-uso-est-detenu\/\"]}]},{\"@type\":\"BreadcrumbList\",\"@id\":\"https:\/\/admin.industriall-union.org\/fr\/le-harcelement-des-syndicats-se-poursuit-en-colombie-un-dirigeant-de-uso-est-detenu\/#breadcrumb\",\"itemListElement\":[{\"@type\":\"ListItem\",\"position\":1,\"name\":\"Home\",\"item\":\"https:\/\/admin.industriall-union.org\/\"},{\"@type\":\"ListItem\",\"position\":2,\"name\":\"Articles\",\"item\":\"https:\/\/admin.industriall-union.org\/article\/\"},{\"@type\":\"ListItem\",\"position\":3,\"name\":\"Le harc\u00e8lement des syndicats se poursuit en Colombie: un dirigeant de USO est d\u00e9tenu\"}]},{\"@type\":\"WebSite\",\"@id\":\"https:\/\/admin.industriall-union.org\/#website\",\"url\":\"https:\/\/admin.industriall-union.org\/\",\"name\":\"industriall-union\",\"description\":\"\",\"potentialAction\":[{\"@type\":\"SearchAction\",\"target\":{\"@type\":\"EntryPoint\",\"urlTemplate\":\"https:\/\/admin.industriall-union.org\/?s={search_term_string}\"},\"query-input\":{\"@type\":\"PropertyValueSpecification\",\"valueRequired\":true,\"valueName\":\"search_term_string\"}}],\"inLanguage\":\"fr-FR\"}]}<\/script>\n<!-- \/ Yoast SEO Premium plugin. -->","yoast_head_json":{"title":"Le harc\u00e8lement des syndicats se poursuit en Colombie: un dirigeant de USO est d\u00e9tenu - industriall-union","description":"USO, qui est affili\u00e9 \u00e0 IndustriALL, s&rsquo;\u00e9l\u00e8ve contre la d\u00e9tention de Dar\u00edo C\u00e1rdenas et annonce qu&rsquo;il rendra compte de la situation aux instances","robots":{"index":"index","follow":"follow","max-snippet":"max-snippet:-1","max-image-preview":"max-image-preview:large","max-video-preview":"max-video-preview:-1"},"canonical":"https:\/\/admin.industriall-union.org\/fr\/le-harcelement-des-syndicats-se-poursuit-en-colombie-un-dirigeant-de-uso-est-detenu\/","og_locale":"fr_FR","og_type":"article","og_title":"Le harc\u00e8lement des syndicats se poursuit en Colombie: un dirigeant de USO est d\u00e9tenu","og_description":"USO, qui est affili\u00e9 \u00e0 IndustriALL, s&rsquo;\u00e9l\u00e8ve contre la d\u00e9tention de Dar\u00edo C\u00e1rdenas et annonce qu&rsquo;il rendra compte de la situation aux instances","og_url":"https:\/\/admin.industriall-union.org\/fr\/le-harcelement-des-syndicats-se-poursuit-en-colombie-un-dirigeant-de-uso-est-detenu\/","og_site_name":"industriall-union","article_modified_time":"2025-02-08T06:50:23+00:00","twitter_card":"summary_large_image","twitter_misc":{"Est. reading time":"2 minutes"},"schema":{"@context":"https:\/\/schema.org","@graph":[{"@type":"WebPage","@id":"https:\/\/admin.industriall-union.org\/fr\/le-harcelement-des-syndicats-se-poursuit-en-colombie-un-dirigeant-de-uso-est-detenu\/","url":"https:\/\/admin.industriall-union.org\/fr\/le-harcelement-des-syndicats-se-poursuit-en-colombie-un-dirigeant-de-uso-est-detenu\/","name":"Le harc\u00e8lement des syndicats se poursuit en Colombie: un dirigeant de USO est d\u00e9tenu - industriall-union","isPartOf":{"@id":"https:\/\/admin.industriall-union.org\/#website"},"datePublished":"2013-11-14T12:51:06+00:00","dateModified":"2025-02-08T06:50:23+00:00","description":"USO, qui est affili\u00e9 \u00e0 IndustriALL, s&rsquo;\u00e9l\u00e8ve contre la d\u00e9tention de Dar\u00edo C\u00e1rdenas et annonce qu&rsquo;il rendra compte de la situation aux instances","breadcrumb":{"@id":"https:\/\/admin.industriall-union.org\/fr\/le-harcelement-des-syndicats-se-poursuit-en-colombie-un-dirigeant-de-uso-est-detenu\/#breadcrumb"},"inLanguage":"fr-FR","potentialAction":[{"@type":"ReadAction","target":["https:\/\/admin.industriall-union.org\/fr\/le-harcelement-des-syndicats-se-poursuit-en-colombie-un-dirigeant-de-uso-est-detenu\/"]}]},{"@type":"BreadcrumbList","@id":"https:\/\/admin.industriall-union.org\/fr\/le-harcelement-des-syndicats-se-poursuit-en-colombie-un-dirigeant-de-uso-est-detenu\/#breadcrumb","itemListElement":[{"@type":"ListItem","position":1,"name":"Home","item":"https:\/\/admin.industriall-union.org\/"},{"@type":"ListItem","position":2,"name":"Articles","item":"https:\/\/admin.industriall-union.org\/article\/"},{"@type":"ListItem","position":3,"name":"Le harc\u00e8lement des syndicats se poursuit en Colombie: un dirigeant de USO est d\u00e9tenu"}]},{"@type":"WebSite","@id":"https:\/\/admin.industriall-union.org\/#website","url":"https:\/\/admin.industriall-union.org\/","name":"industriall-union","description":"","potentialAction":[{"@type":"SearchAction","target":{"@type":"EntryPoint","urlTemplate":"https:\/\/admin.industriall-union.org\/?s={search_term_string}"},"query-input":{"@type":"PropertyValueSpecification","valueRequired":true,"valueName":"search_term_string"}}],"inLanguage":"fr-FR"}]}},"_links":{"self":[{"href":"https:\/\/admin.industriall-union.org\/fr\/wp-json\/wp\/v2\/article\/152659","targetHints":{"allow":["GET"]}}],"collection":[{"href":"https:\/\/admin.industriall-union.org\/fr\/wp-json\/wp\/v2\/article"}],"about":[{"href":"https:\/\/admin.industriall-union.org\/fr\/wp-json\/wp\/v2\/types\/article"}],"wp:attachment":[{"href":"https:\/\/admin.industriall-union.org\/fr\/wp-json\/wp\/v2\/media?parent=152659"}],"wp:term":[{"taxonomy":"issues","embeddable":true,"href":"https:\/\/admin.industriall-union.org\/fr\/wp-json\/wp\/v2\/issues?post=152659"},{"taxonomy":"companies","embeddable":true,"href":"https:\/\/admin.industriall-union.org\/fr\/wp-json\/wp\/v2\/companies?post=152659"},{"taxonomy":"regions","embeddable":true,"href":"https:\/\/admin.industriall-union.org\/fr\/wp-json\/wp\/v2\/regions?post=152659"},{"taxonomy":"sectors","embeddable":true,"href":"https:\/\/admin.industriall-union.org\/fr\/wp-json\/wp\/v2\/sectors?post=152659"},{"taxonomy":"article_tags","embeddable":true,"href":"https:\/\/admin.industriall-union.org\/fr\/wp-json\/wp\/v2\/article_tags?post=152659"}],"curies":[{"name":"wp","href":"https:\/\/api.w.org\/{rel}","templated":true}]}}