{"id":152656,"date":"2013-11-15T12:02:21","date_gmt":"2013-11-15T12:02:21","guid":{"rendered":"https:\/\/admin.industriall-union.org\/les-affilies-de-tunisie-et-du-maroc-renforcent-leur-unite\/"},"modified":"2025-02-08T06:41:58","modified_gmt":"2025-02-08T06:41:58","slug":"les-affilies-de-tunisie-et-du-maroc-renforcent-leur-unite","status":"publish","type":"article","link":"https:\/\/admin.industriall-union.org\/fr\/les-affilies-de-tunisie-et-du-maroc-renforcent-leur-unite\/","title":{"rendered":"Les affili\u00e9s de Tunisie et du Maroc renforcent leur unit\u00e9"},"content":{"rendered":"<p>Avec la pr\u00e9sence des affili\u00e9s de IndustriALL Global Union en Tunisie et au Maroc, des r\u00e9unions visant au renforcement de l&#039;unit\u00e9 ont eu lieu, l&#039;une \u00e0 Tunis les 21-22 octobre et l&#039;autre \u00e0 Casablanca les 23-24 octobre, o\u00f9 des discussions ont eu lieu sur les expectations et sur l&rsquo;officialisation des priorit\u00e9s. Des affili\u00e9s allemands en fran\u00e7ais ont \u00e9galement assist\u00e9 aux r\u00e9unions.<\/p><p>Les participants aux r\u00e9unions en Tunisie venaient des syndicats affili\u00e9s des secteurs de la m\u00e9tallurgie, de la p\u00e9trochimie, du textile et de la confection, et appartenaient \u00e0 la centrale nationale UGTT, qui est en fait la plus grande conf\u00e9d\u00e9ration syndicale du pays. UGTT qui a jou\u00e9 un r\u00f4le-cl\u00e9 pendant le Printemps arabe est un partenaire respect\u00e9 dans les n\u00e9gociations politiques qui ont lieu actuellement dans le pays.<br \/>&nbsp;&nbsp;&nbsp;&nbsp;&nbsp;&nbsp;&nbsp;&nbsp;&nbsp;&nbsp;&nbsp;&nbsp;&nbsp;&nbsp;&nbsp;&nbsp;&nbsp;&nbsp;<br \/>Les syndicats ont exprim\u00e9 l&#039;espoir d&rsquo;une poursuite du renforcement des activit\u00e9s bilat\u00e9rales actuelles concernant les multinationales dans le secteur de la m\u00e9tallurgie, et l&rsquo;extension de ces activit\u00e9s \u00e0 d&#039;autres entreprises, pays et industries. L&#039;aide apport\u00e9e aux luttes contre le ch\u00f4mage, et en particulier contre le ch\u00f4mage des jeunes, est consid\u00e9r\u00e9e comme \u00e9tant d&#039;une importance particuli\u00e8re pour IndustriALL.<\/p><p>Au s\u00e9minaire de Casablanca, les participant(e)s appartenaient \u00e0 deux affili\u00e9s de IndustriALL, repr\u00e9sentant les travailleurs et travailleuses de l&rsquo;industrie \u00e9lectrique et du textile, \u00e0 c\u00f4t\u00e9 d&#039;affili\u00e9s potentiels des secteurs de la m\u00e9tallurgie, de la chimie, des mines, du p\u00e9trole et du gaz. La discussion a port\u00e9 \u00e0 la fois sur l&rsquo;a\u00e9rospatial, une nouvelle industrie pour les syndicats pr\u00e9sents, et sur les secteurs de l&rsquo;\u00e9lectricit\u00e9, de l&#039;automobile et du textile.<\/p><p><strong>Probl\u00e8mes communs en Tunisie et au Maroc <\/strong><br \/>La d\u00e9cision a \u00e9t\u00e9 prise dans les deux pays d&rsquo;\u00e9tablir des conseils nationaux. C&#039;est une \u00e9tape vers le rassemblement d&#039;affili\u00e9s et d&#039;affili\u00e9s potentiels pour examiner les activit\u00e9s internationales et coordonner les activit\u00e9s de IndustriALL dans le pays. L&#039;emploi pr\u00e9caire, notamment dans les secteurs de la m\u00e9tallurgie et des mines, et la protection des travailleuses, sont des questions qui b\u00e9n\u00e9ficieront d&#039;une coordination dans la r\u00e9gion.<\/p><p>Les r\u00e9seaux ont \u00e9galement fait l&#039;objet d&#039;une discussion, \u00e0 la fois au plan industriel et \u00e0 celui de l&#039;entreprise, aux niveaux sous-r\u00e9gional, r\u00e9gional et mondial. Les syndicats pr\u00e9sents ont fait remarquer le besoin pour IndustriALL de d\u00e9velopper des r\u00e9seaux s&#039;appliquant aux travailleurs et travailleuses du p\u00e9trole et du gaz, de l&#039;extraction des phosphates et du textile, ainsi que d&rsquo;encourager leur pr\u00e9sence dans tous les r\u00e9seaux syndicaux concern\u00e9s au niveau industriel comme au niveau de l&#039;entreprise.<\/p><p>&ldquo;La situation industrielle en Tunisie et au Maroc exige une strat\u00e9gie syndicale sp\u00e9ciale&rdquo;, a d\u00e9clar\u00e9 Kemal \u00d6zkan, secr\u00e9taire g\u00e9n\u00e9ral adjoint de IndustriALL. &ldquo;Ces deux pays d\u00e9tiennent un \u00e9norme potentiel, ils m\u00e8neront des actions visant \u00e0 obtenir des r\u00e9sultats pour valoriser la pr\u00e9sence syndicale dans les entreprises multinationales &rdquo;.<\/p>","protected":false},"featured_media":0,"template":"","issues":[396],"companies":[],"regions":[300,305],"sectors":[],"article_tags":[],"class_list":["post-152656","article","type-article","status-publish","hentry","issues-building-strong-unions","regions-morocco","regions-tunisia"],"acf":[],"yoast_head":"<!-- This site is optimized with the Yoast SEO Premium plugin v27.1 (Yoast SEO v27.1) - https:\/\/yoast.com\/product\/yoast-seo-premium-wordpress\/ -->\n<title>Les affili\u00e9s de Tunisie et du Maroc renforcent leur unit\u00e9 - industriall-union<\/title>\n<meta name=\"description\" content=\"Avec la pr\u00e9sence des affili\u00e9s de IndustriALL Global Union en Tunisie et au Maroc, des r\u00e9unions visant au renforcement de l&#039;unit\u00e9 ont eu lieu,\" \/>\n<meta name=\"robots\" content=\"index, follow, max-snippet:-1, max-image-preview:large, max-video-preview:-1\" \/>\n<link rel=\"canonical\" href=\"https:\/\/admin.industriall-union.org\/fr\/les-affilies-de-tunisie-et-du-maroc-renforcent-leur-unite\/\" \/>\n<meta property=\"og:locale\" content=\"fr_FR\" \/>\n<meta property=\"og:type\" content=\"article\" \/>\n<meta property=\"og:title\" content=\"Les affili\u00e9s de Tunisie et du Maroc renforcent leur unit\u00e9\" \/>\n<meta property=\"og:description\" content=\"Avec la pr\u00e9sence des affili\u00e9s de IndustriALL Global Union en Tunisie et au Maroc, des r\u00e9unions visant au renforcement de l&#039;unit\u00e9 ont eu lieu,\" \/>\n<meta property=\"og:url\" content=\"https:\/\/admin.industriall-union.org\/fr\/les-affilies-de-tunisie-et-du-maroc-renforcent-leur-unite\/\" \/>\n<meta property=\"og:site_name\" content=\"industriall-union\" \/>\n<meta property=\"article:modified_time\" content=\"2025-02-08T06:41:58+00:00\" \/>\n<meta name=\"twitter:card\" content=\"summary_large_image\" \/>\n<meta name=\"twitter:label1\" content=\"Est. reading time\" \/>\n\t<meta name=\"twitter:data1\" content=\"3 minutes\" \/>\n<script type=\"application\/ld+json\" class=\"yoast-schema-graph\">{\"@context\":\"https:\/\/schema.org\",\"@graph\":[{\"@type\":\"WebPage\",\"@id\":\"https:\/\/admin.industriall-union.org\/fr\/les-affilies-de-tunisie-et-du-maroc-renforcent-leur-unite\/\",\"url\":\"https:\/\/admin.industriall-union.org\/fr\/les-affilies-de-tunisie-et-du-maroc-renforcent-leur-unite\/\",\"name\":\"Les affili\u00e9s de Tunisie et du Maroc renforcent leur unit\u00e9 - industriall-union\",\"isPartOf\":{\"@id\":\"https:\/\/admin.industriall-union.org\/#website\"},\"datePublished\":\"2013-11-15T12:02:21+00:00\",\"dateModified\":\"2025-02-08T06:41:58+00:00\",\"description\":\"Avec la pr\u00e9sence des affili\u00e9s de IndustriALL Global Union en Tunisie et au Maroc, des r\u00e9unions visant au renforcement de l&#039;unit\u00e9 ont eu lieu,\",\"breadcrumb\":{\"@id\":\"https:\/\/admin.industriall-union.org\/fr\/les-affilies-de-tunisie-et-du-maroc-renforcent-leur-unite\/#breadcrumb\"},\"inLanguage\":\"fr-FR\",\"potentialAction\":[{\"@type\":\"ReadAction\",\"target\":[\"https:\/\/admin.industriall-union.org\/fr\/les-affilies-de-tunisie-et-du-maroc-renforcent-leur-unite\/\"]}]},{\"@type\":\"BreadcrumbList\",\"@id\":\"https:\/\/admin.industriall-union.org\/fr\/les-affilies-de-tunisie-et-du-maroc-renforcent-leur-unite\/#breadcrumb\",\"itemListElement\":[{\"@type\":\"ListItem\",\"position\":1,\"name\":\"Home\",\"item\":\"https:\/\/admin.industriall-union.org\/\"},{\"@type\":\"ListItem\",\"position\":2,\"name\":\"Articles\",\"item\":\"https:\/\/admin.industriall-union.org\/article\/\"},{\"@type\":\"ListItem\",\"position\":3,\"name\":\"Les affili\u00e9s de Tunisie et du Maroc renforcent leur unit\u00e9\"}]},{\"@type\":\"WebSite\",\"@id\":\"https:\/\/admin.industriall-union.org\/#website\",\"url\":\"https:\/\/admin.industriall-union.org\/\",\"name\":\"industriall-union\",\"description\":\"\",\"potentialAction\":[{\"@type\":\"SearchAction\",\"target\":{\"@type\":\"EntryPoint\",\"urlTemplate\":\"https:\/\/admin.industriall-union.org\/?s={search_term_string}\"},\"query-input\":{\"@type\":\"PropertyValueSpecification\",\"valueRequired\":true,\"valueName\":\"search_term_string\"}}],\"inLanguage\":\"fr-FR\"}]}<\/script>\n<!-- \/ Yoast SEO Premium plugin. -->","yoast_head_json":{"title":"Les affili\u00e9s de Tunisie et du Maroc renforcent leur unit\u00e9 - industriall-union","description":"Avec la pr\u00e9sence des affili\u00e9s de IndustriALL Global Union en Tunisie et au Maroc, des r\u00e9unions visant au renforcement de l&#039;unit\u00e9 ont eu lieu,","robots":{"index":"index","follow":"follow","max-snippet":"max-snippet:-1","max-image-preview":"max-image-preview:large","max-video-preview":"max-video-preview:-1"},"canonical":"https:\/\/admin.industriall-union.org\/fr\/les-affilies-de-tunisie-et-du-maroc-renforcent-leur-unite\/","og_locale":"fr_FR","og_type":"article","og_title":"Les affili\u00e9s de Tunisie et du Maroc renforcent leur unit\u00e9","og_description":"Avec la pr\u00e9sence des affili\u00e9s de IndustriALL Global Union en Tunisie et au Maroc, des r\u00e9unions visant au renforcement de l&#039;unit\u00e9 ont eu lieu,","og_url":"https:\/\/admin.industriall-union.org\/fr\/les-affilies-de-tunisie-et-du-maroc-renforcent-leur-unite\/","og_site_name":"industriall-union","article_modified_time":"2025-02-08T06:41:58+00:00","twitter_card":"summary_large_image","twitter_misc":{"Est. reading time":"3 minutes"},"schema":{"@context":"https:\/\/schema.org","@graph":[{"@type":"WebPage","@id":"https:\/\/admin.industriall-union.org\/fr\/les-affilies-de-tunisie-et-du-maroc-renforcent-leur-unite\/","url":"https:\/\/admin.industriall-union.org\/fr\/les-affilies-de-tunisie-et-du-maroc-renforcent-leur-unite\/","name":"Les affili\u00e9s de Tunisie et du Maroc renforcent leur unit\u00e9 - industriall-union","isPartOf":{"@id":"https:\/\/admin.industriall-union.org\/#website"},"datePublished":"2013-11-15T12:02:21+00:00","dateModified":"2025-02-08T06:41:58+00:00","description":"Avec la pr\u00e9sence des affili\u00e9s de IndustriALL Global Union en Tunisie et au Maroc, des r\u00e9unions visant au renforcement de l&#039;unit\u00e9 ont eu lieu,","breadcrumb":{"@id":"https:\/\/admin.industriall-union.org\/fr\/les-affilies-de-tunisie-et-du-maroc-renforcent-leur-unite\/#breadcrumb"},"inLanguage":"fr-FR","potentialAction":[{"@type":"ReadAction","target":["https:\/\/admin.industriall-union.org\/fr\/les-affilies-de-tunisie-et-du-maroc-renforcent-leur-unite\/"]}]},{"@type":"BreadcrumbList","@id":"https:\/\/admin.industriall-union.org\/fr\/les-affilies-de-tunisie-et-du-maroc-renforcent-leur-unite\/#breadcrumb","itemListElement":[{"@type":"ListItem","position":1,"name":"Home","item":"https:\/\/admin.industriall-union.org\/"},{"@type":"ListItem","position":2,"name":"Articles","item":"https:\/\/admin.industriall-union.org\/article\/"},{"@type":"ListItem","position":3,"name":"Les affili\u00e9s de Tunisie et du Maroc renforcent leur unit\u00e9"}]},{"@type":"WebSite","@id":"https:\/\/admin.industriall-union.org\/#website","url":"https:\/\/admin.industriall-union.org\/","name":"industriall-union","description":"","potentialAction":[{"@type":"SearchAction","target":{"@type":"EntryPoint","urlTemplate":"https:\/\/admin.industriall-union.org\/?s={search_term_string}"},"query-input":{"@type":"PropertyValueSpecification","valueRequired":true,"valueName":"search_term_string"}}],"inLanguage":"fr-FR"}]}},"_links":{"self":[{"href":"https:\/\/admin.industriall-union.org\/fr\/wp-json\/wp\/v2\/article\/152656","targetHints":{"allow":["GET"]}}],"collection":[{"href":"https:\/\/admin.industriall-union.org\/fr\/wp-json\/wp\/v2\/article"}],"about":[{"href":"https:\/\/admin.industriall-union.org\/fr\/wp-json\/wp\/v2\/types\/article"}],"wp:attachment":[{"href":"https:\/\/admin.industriall-union.org\/fr\/wp-json\/wp\/v2\/media?parent=152656"}],"wp:term":[{"taxonomy":"issues","embeddable":true,"href":"https:\/\/admin.industriall-union.org\/fr\/wp-json\/wp\/v2\/issues?post=152656"},{"taxonomy":"companies","embeddable":true,"href":"https:\/\/admin.industriall-union.org\/fr\/wp-json\/wp\/v2\/companies?post=152656"},{"taxonomy":"regions","embeddable":true,"href":"https:\/\/admin.industriall-union.org\/fr\/wp-json\/wp\/v2\/regions?post=152656"},{"taxonomy":"sectors","embeddable":true,"href":"https:\/\/admin.industriall-union.org\/fr\/wp-json\/wp\/v2\/sectors?post=152656"},{"taxonomy":"article_tags","embeddable":true,"href":"https:\/\/admin.industriall-union.org\/fr\/wp-json\/wp\/v2\/article_tags?post=152656"}],"curies":[{"name":"wp","href":"https:\/\/api.w.org\/{rel}","templated":true}]}}