{"id":152638,"date":"2013-11-21T14:33:49","date_gmt":"2013-11-21T14:33:49","guid":{"rendered":"https:\/\/admin.industriall-union.org\/les-syndicats-quittent-les-pourparlers-sur-le-climat-a-varsovie-en-signe-de-protestation\/"},"modified":"2025-02-08T06:15:08","modified_gmt":"2025-02-08T06:15:08","slug":"les-syndicats-quittent-les-pourparlers-sur-le-climat-a-varsovie-en-signe-de-protestation","status":"publish","type":"article","link":"https:\/\/admin.industriall-union.org\/fr\/les-syndicats-quittent-les-pourparlers-sur-le-climat-a-varsovie-en-signe-de-protestation\/","title":{"rendered":"Les syndicats quittent les pourparlers sur le climat \u00e0 Varsovie en signe de protestation"},"content":{"rendered":"<p>Brian Kohler, directeur de la sant\u00e9, de la s\u00e9curit\u00e9 et de la viabilit\u00e9 de IndustriALL a fait le point:<\/p><blockquote><p>Ces pourparlers sont pass\u00e9s de la trag\u00e9die \u00e0 la farce. M\u00eame apr\u00e8s l&#039;avertissement s\u00e9v\u00e8re de Typhoon Haiyan\/Yolanda, les dirigeants nationaux n&#039;ont pas r\u00e9ussi \u00e0 faire preuve d&#039;une ambition suffisante pour traiter les probl\u00e8mes. En fait, nous avons observ\u00e9 l&#039;\u00e9volution inverse, \u00e0 savoir des tentatives de faire marche arri\u00e8re sur des d\u00e9cisions prises aux COP pr\u00e9c\u00e9dentes.<\/p><\/blockquote><p>La secr\u00e9taire g\u00e9n\u00e9rale de la CSI, Sharan Burrow, a d\u00e9clar\u00e9:<\/p><blockquote><p>Nous avons \u00e9t\u00e9 choqu\u00e9s de voir que certains pays les plus riches, comme le Canada et l&#039;Australie, ont fait preuve d&rsquo;un manque de responsabilit\u00e9 pour des objectifs ambitieux, et que presque tous les pays d\u00e9velopp\u00e9s n&#039;ont pas r\u00e9ussi \u00e0 relever le d\u00e9fi vital du financement en remettant m\u00eame en question la n\u00e9cessit\u00e9 de prendre des mesures de &#039;transition juste&#039; pour les travailleurs et travailleuses du monde et leurs familles.&quot;<\/p><\/blockquote><p>La domination des entreprises sur cette r\u00e9union est inacceptable. Ce sont ces m\u00eames entreprises qui pr\u00e9conisent une responsabilit\u00e9 environnementale et sociale, qui exploitent les travailleurs et travailleuses et l&#039;environnement dans leurs cha\u00eenes d&#039;approvisionnement.<\/p><p>Kohler a ajout\u00e9: &quot;Seul, un processus ordonn\u00e9 et planifi\u00e9 pour un avenir viable, qui respecte et prot\u00e8ge le monde ouvrier tout en recherchant et en partageant les techniques permettant de cr\u00e9er des emplois d\u00e9cents dans l&#039;avenir, nous sauvera d&rsquo;une catastrophe climatique. Nos demandes restent les m\u00eames, comme elles l&rsquo;ont \u00e9t\u00e9 durant de nombreuses ann\u00e9es: une transition juste pour un avenir viable bas\u00e9 sur un r\u00e9gime \u00e9quitable, ambitieux et juridiquement contraignant d&rsquo;\u00e9missions dans le monde.&quot;<\/p><p>Il n&#039;est pas surprenant que des entreprises puissantes lancent une campagne de d\u00e9sinformation et de chantage sur les emplois dans une action dilatoire. Cela n&#039;a rien \u00e0 voir avec la science, et a tout \u00e0 voir avec des r\u00e9serves de combustibles fossiles de milliers de milliards de dollars dont la valeur peut \u00eatre affect\u00e9e par un plan d&#039;action. Ce qui est honteux, c&#039;est que des gouvernements d\u00e9mocratiquement \u00e9lus \u00e9coutent ces voix plut\u00f4t que celles de leurs propres citoyens et citoyennes, et des autres populations de la plan\u00e8te Terre. Les syndicats attendent des n\u00e9gociateurs gouvernementaux qu&rsquo;ils r\u00e9fl\u00e9chissent aux int\u00e9r\u00eats qu&#039;ils servent et retournent \u00e0 la prochaine COP, pr\u00e9vue \u00e0 Lima, P\u00e9rou, en 2014, avec un mandat destin\u00e9 \u00e0 parvenir \u00e0 un accord significatif. Le temps presse.<\/p>","protected":false},"featured_media":0,"template":"","issues":[393,418],"companies":[],"regions":[],"sectors":[],"article_tags":[],"class_list":["post-152638","article","type-article","status-publish","hentry","issues-climate-change-just-transition","issues-sustainability"],"acf":[],"yoast_head":"<!-- This site is optimized with the Yoast SEO Premium plugin v27.1 (Yoast SEO v27.1) - https:\/\/yoast.com\/product\/yoast-seo-premium-wordpress\/ -->\n<title>Les syndicats quittent les pourparlers sur le climat \u00e0 Varsovie en signe de protestation - industriall-union<\/title>\n<meta name=\"description\" content=\"Brian Kohler, directeur de la sant\u00e9, de la s\u00e9curit\u00e9 et de la viabilit\u00e9 de IndustriALL a fait le point:Ces pourparlers sont pass\u00e9s de la trag\u00e9die \u00e0 la\" \/>\n<meta name=\"robots\" content=\"index, follow, max-snippet:-1, max-image-preview:large, max-video-preview:-1\" \/>\n<link rel=\"canonical\" href=\"https:\/\/admin.industriall-union.org\/fr\/les-syndicats-quittent-les-pourparlers-sur-le-climat-a-varsovie-en-signe-de-protestation\/\" \/>\n<meta property=\"og:locale\" content=\"fr_FR\" \/>\n<meta property=\"og:type\" content=\"article\" \/>\n<meta property=\"og:title\" content=\"Les syndicats quittent les pourparlers sur le climat \u00e0 Varsovie en signe de protestation\" \/>\n<meta property=\"og:description\" content=\"Brian Kohler, directeur de la sant\u00e9, de la s\u00e9curit\u00e9 et de la viabilit\u00e9 de IndustriALL a fait le point:Ces pourparlers sont pass\u00e9s de la trag\u00e9die \u00e0 la\" \/>\n<meta property=\"og:url\" content=\"https:\/\/admin.industriall-union.org\/fr\/les-syndicats-quittent-les-pourparlers-sur-le-climat-a-varsovie-en-signe-de-protestation\/\" \/>\n<meta property=\"og:site_name\" content=\"industriall-union\" \/>\n<meta property=\"article:modified_time\" content=\"2025-02-08T06:15:08+00:00\" \/>\n<meta name=\"twitter:card\" content=\"summary_large_image\" \/>\n<meta name=\"twitter:label1\" content=\"Est. reading time\" \/>\n\t<meta name=\"twitter:data1\" content=\"2 minutes\" \/>\n<script type=\"application\/ld+json\" class=\"yoast-schema-graph\">{\"@context\":\"https:\/\/schema.org\",\"@graph\":[{\"@type\":\"WebPage\",\"@id\":\"https:\/\/admin.industriall-union.org\/fr\/les-syndicats-quittent-les-pourparlers-sur-le-climat-a-varsovie-en-signe-de-protestation\/\",\"url\":\"https:\/\/admin.industriall-union.org\/fr\/les-syndicats-quittent-les-pourparlers-sur-le-climat-a-varsovie-en-signe-de-protestation\/\",\"name\":\"Les syndicats quittent les pourparlers sur le climat \u00e0 Varsovie en signe de protestation - industriall-union\",\"isPartOf\":{\"@id\":\"https:\/\/admin.industriall-union.org\/#website\"},\"datePublished\":\"2013-11-21T14:33:49+00:00\",\"dateModified\":\"2025-02-08T06:15:08+00:00\",\"description\":\"Brian Kohler, directeur de la sant\u00e9, de la s\u00e9curit\u00e9 et de la viabilit\u00e9 de IndustriALL a fait le point:Ces pourparlers sont pass\u00e9s de la trag\u00e9die \u00e0 la\",\"breadcrumb\":{\"@id\":\"https:\/\/admin.industriall-union.org\/fr\/les-syndicats-quittent-les-pourparlers-sur-le-climat-a-varsovie-en-signe-de-protestation\/#breadcrumb\"},\"inLanguage\":\"fr-FR\",\"potentialAction\":[{\"@type\":\"ReadAction\",\"target\":[\"https:\/\/admin.industriall-union.org\/fr\/les-syndicats-quittent-les-pourparlers-sur-le-climat-a-varsovie-en-signe-de-protestation\/\"]}]},{\"@type\":\"BreadcrumbList\",\"@id\":\"https:\/\/admin.industriall-union.org\/fr\/les-syndicats-quittent-les-pourparlers-sur-le-climat-a-varsovie-en-signe-de-protestation\/#breadcrumb\",\"itemListElement\":[{\"@type\":\"ListItem\",\"position\":1,\"name\":\"Home\",\"item\":\"https:\/\/admin.industriall-union.org\/\"},{\"@type\":\"ListItem\",\"position\":2,\"name\":\"Articles\",\"item\":\"https:\/\/admin.industriall-union.org\/article\/\"},{\"@type\":\"ListItem\",\"position\":3,\"name\":\"Les syndicats quittent les pourparlers sur le climat \u00e0 Varsovie en signe de protestation\"}]},{\"@type\":\"WebSite\",\"@id\":\"https:\/\/admin.industriall-union.org\/#website\",\"url\":\"https:\/\/admin.industriall-union.org\/\",\"name\":\"industriall-union\",\"description\":\"\",\"potentialAction\":[{\"@type\":\"SearchAction\",\"target\":{\"@type\":\"EntryPoint\",\"urlTemplate\":\"https:\/\/admin.industriall-union.org\/?s={search_term_string}\"},\"query-input\":{\"@type\":\"PropertyValueSpecification\",\"valueRequired\":true,\"valueName\":\"search_term_string\"}}],\"inLanguage\":\"fr-FR\"}]}<\/script>\n<!-- \/ Yoast SEO Premium plugin. -->","yoast_head_json":{"title":"Les syndicats quittent les pourparlers sur le climat \u00e0 Varsovie en signe de protestation - industriall-union","description":"Brian Kohler, directeur de la sant\u00e9, de la s\u00e9curit\u00e9 et de la viabilit\u00e9 de IndustriALL a fait le point:Ces pourparlers sont pass\u00e9s de la trag\u00e9die \u00e0 la","robots":{"index":"index","follow":"follow","max-snippet":"max-snippet:-1","max-image-preview":"max-image-preview:large","max-video-preview":"max-video-preview:-1"},"canonical":"https:\/\/admin.industriall-union.org\/fr\/les-syndicats-quittent-les-pourparlers-sur-le-climat-a-varsovie-en-signe-de-protestation\/","og_locale":"fr_FR","og_type":"article","og_title":"Les syndicats quittent les pourparlers sur le climat \u00e0 Varsovie en signe de protestation","og_description":"Brian Kohler, directeur de la sant\u00e9, de la s\u00e9curit\u00e9 et de la viabilit\u00e9 de IndustriALL a fait le point:Ces pourparlers sont pass\u00e9s de la trag\u00e9die \u00e0 la","og_url":"https:\/\/admin.industriall-union.org\/fr\/les-syndicats-quittent-les-pourparlers-sur-le-climat-a-varsovie-en-signe-de-protestation\/","og_site_name":"industriall-union","article_modified_time":"2025-02-08T06:15:08+00:00","twitter_card":"summary_large_image","twitter_misc":{"Est. reading time":"2 minutes"},"schema":{"@context":"https:\/\/schema.org","@graph":[{"@type":"WebPage","@id":"https:\/\/admin.industriall-union.org\/fr\/les-syndicats-quittent-les-pourparlers-sur-le-climat-a-varsovie-en-signe-de-protestation\/","url":"https:\/\/admin.industriall-union.org\/fr\/les-syndicats-quittent-les-pourparlers-sur-le-climat-a-varsovie-en-signe-de-protestation\/","name":"Les syndicats quittent les pourparlers sur le climat \u00e0 Varsovie en signe de protestation - industriall-union","isPartOf":{"@id":"https:\/\/admin.industriall-union.org\/#website"},"datePublished":"2013-11-21T14:33:49+00:00","dateModified":"2025-02-08T06:15:08+00:00","description":"Brian Kohler, directeur de la sant\u00e9, de la s\u00e9curit\u00e9 et de la viabilit\u00e9 de IndustriALL a fait le point:Ces pourparlers sont pass\u00e9s de la trag\u00e9die \u00e0 la","breadcrumb":{"@id":"https:\/\/admin.industriall-union.org\/fr\/les-syndicats-quittent-les-pourparlers-sur-le-climat-a-varsovie-en-signe-de-protestation\/#breadcrumb"},"inLanguage":"fr-FR","potentialAction":[{"@type":"ReadAction","target":["https:\/\/admin.industriall-union.org\/fr\/les-syndicats-quittent-les-pourparlers-sur-le-climat-a-varsovie-en-signe-de-protestation\/"]}]},{"@type":"BreadcrumbList","@id":"https:\/\/admin.industriall-union.org\/fr\/les-syndicats-quittent-les-pourparlers-sur-le-climat-a-varsovie-en-signe-de-protestation\/#breadcrumb","itemListElement":[{"@type":"ListItem","position":1,"name":"Home","item":"https:\/\/admin.industriall-union.org\/"},{"@type":"ListItem","position":2,"name":"Articles","item":"https:\/\/admin.industriall-union.org\/article\/"},{"@type":"ListItem","position":3,"name":"Les syndicats quittent les pourparlers sur le climat \u00e0 Varsovie en signe de protestation"}]},{"@type":"WebSite","@id":"https:\/\/admin.industriall-union.org\/#website","url":"https:\/\/admin.industriall-union.org\/","name":"industriall-union","description":"","potentialAction":[{"@type":"SearchAction","target":{"@type":"EntryPoint","urlTemplate":"https:\/\/admin.industriall-union.org\/?s={search_term_string}"},"query-input":{"@type":"PropertyValueSpecification","valueRequired":true,"valueName":"search_term_string"}}],"inLanguage":"fr-FR"}]}},"_links":{"self":[{"href":"https:\/\/admin.industriall-union.org\/fr\/wp-json\/wp\/v2\/article\/152638","targetHints":{"allow":["GET"]}}],"collection":[{"href":"https:\/\/admin.industriall-union.org\/fr\/wp-json\/wp\/v2\/article"}],"about":[{"href":"https:\/\/admin.industriall-union.org\/fr\/wp-json\/wp\/v2\/types\/article"}],"wp:attachment":[{"href":"https:\/\/admin.industriall-union.org\/fr\/wp-json\/wp\/v2\/media?parent=152638"}],"wp:term":[{"taxonomy":"issues","embeddable":true,"href":"https:\/\/admin.industriall-union.org\/fr\/wp-json\/wp\/v2\/issues?post=152638"},{"taxonomy":"companies","embeddable":true,"href":"https:\/\/admin.industriall-union.org\/fr\/wp-json\/wp\/v2\/companies?post=152638"},{"taxonomy":"regions","embeddable":true,"href":"https:\/\/admin.industriall-union.org\/fr\/wp-json\/wp\/v2\/regions?post=152638"},{"taxonomy":"sectors","embeddable":true,"href":"https:\/\/admin.industriall-union.org\/fr\/wp-json\/wp\/v2\/sectors?post=152638"},{"taxonomy":"article_tags","embeddable":true,"href":"https:\/\/admin.industriall-union.org\/fr\/wp-json\/wp\/v2\/article_tags?post=152638"}],"curies":[{"name":"wp","href":"https:\/\/api.w.org\/{rel}","templated":true}]}}