{"id":152636,"date":"2013-11-21T16:44:18","date_gmt":"2013-11-21T16:44:18","guid":{"rendered":"https:\/\/admin.industriall-union.org\/les-travailleurs-de-kronos-approuvent-le-nouvel-accord\/"},"modified":"2025-02-08T06:15:04","modified_gmt":"2025-02-08T06:15:04","slug":"les-travailleurs-de-kronos-approuvent-le-nouvel-accord","status":"publish","type":"article","link":"https:\/\/admin.industriall-union.org\/fr\/les-travailleurs-de-kronos-approuvent-le-nouvel-accord\/","title":{"rendered":"Les travailleurs de Kronos approuvent le nouvel accord"},"content":{"rendered":"<p>Des n\u00e9gociations \u00e9clair avaient repris le 13 novembre, cinq mois apr\u00e8s le d\u00e9but du conflit, quand deux jours avant la date d&rsquo;expiration de la convention collective, <a href=\"http:\/\/www.industriall-union.org\/fr\/les-travailleurs-denoncent-lillegalite-du-lock-out-de-kronos-au-canada\">Kronos Canada avait annonc\u00e9 un lock-out<\/a>.<\/p><p>IndustriALL f\u00e9licite son affili\u00e9 canadien, la F\u00e9d\u00e9ration de l&rsquo;Industrie Manufacturi\u00e8re de la Conf\u00e9d\u00e9ration des Syndicats Nationaux &#8211; FIM-CSN, qui repr\u00e9sente les travailleurs et travailleuses de Kronos, pour sa grande victoire. La CSN remercie \u00e0 son tour l&rsquo;ensemble du mouvement syndical international pour la solidarit\u00e9 obtenue, qui a aid\u00e9 les salari\u00e9s de Kronos \u00e0 remporter la victoire.<\/p><p>Selon la FIM-CSN, le nouvel accord conclu, qui sera en vigueur jusqu&rsquo;au 15 juin 2018, r\u00e9sout de nombreux points de d\u00e9saccord \u00e0 l&rsquo;origine du conflit. Par exemple, l&#039;accord pr\u00e9voit que les membres du syndicat employ\u00e9s en sous-traitance obtiendront une garantie totale d&#039;emploi, et que le travail en sous-traitance sera limit\u00e9 \u00e0 quelques d\u00e9partements.&nbsp;<\/p><p>Les salari\u00e9s conservent leurs droits acquis pour les horaires de travail et le travail accompli en heures suppl\u00e9mentaires. En outre, un programme de formation professionnelle sera institu\u00e9 pour donner aux salari\u00e9s qui veulent obtenir un nouveau poste la possibilit\u00e9 de suivre une formation sp\u00e9ciale.<\/p><p>En ce qui concerne les avantages financiers, les salari\u00e9s obtiendront r\u00e9troactivement une augmentation salariale bas\u00e9e sur l&#039;index des prix \u00e0 la consommation (IPC) avec \u00e9galement un versement forfaitaire de 1.000 CAD (710 euros) la premi\u00e8re ann\u00e9e, et pour les quatre ann\u00e9es restantes de l&#039;accord, l&rsquo;augmentation sera \u00e9gale \u00e0 l&rsquo;IPC plus 0,5 pour cent chaque ann\u00e9e.<\/p><p>Le r\u00e9gime des retraites sera r\u00e9form\u00e9 pour passer des prestations fixes \u00e0 un syst\u00e8me de contributions fixes. Le personnel en poste et retrait\u00e9 conservera l&#039;assurance vie actuellement en vigueur, et l&#039;employeur a accept\u00e9 en outre d&#039;accro\u00eetre sa contribution.<\/p><p>L&rsquo;usine se remettra graduellement en marche jusqu&#039;\u00e0 retrouver sa capacit\u00e9 totale de production en f\u00e9vrier 2014.<\/p>","protected":false},"featured_media":0,"template":"","issues":[425],"companies":[85],"regions":[309],"sectors":[477],"article_tags":[515],"class_list":["post-152636","article","type-article","status-publish","hentry","issues-workers-rights","companies-kronos","regions-canada","sectors-chemical","article_tags-lockout"],"acf":[],"yoast_head":"<!-- This site is optimized with the Yoast SEO Premium plugin v27.1 (Yoast SEO v27.1) - https:\/\/yoast.com\/product\/yoast-seo-premium-wordpress\/ -->\n<title>Les travailleurs de Kronos approuvent le nouvel accord - industriall-union<\/title>\n<meta name=\"description\" content=\"Des n\u00e9gociations \u00e9clair avaient repris le 13 novembre, cinq mois apr\u00e8s le d\u00e9but du conflit, quand deux jours avant la date d&rsquo;expiration de la\" \/>\n<meta name=\"robots\" content=\"index, follow, max-snippet:-1, max-image-preview:large, max-video-preview:-1\" \/>\n<link rel=\"canonical\" href=\"https:\/\/admin.industriall-union.org\/fr\/les-travailleurs-de-kronos-approuvent-le-nouvel-accord\/\" \/>\n<meta property=\"og:locale\" content=\"fr_FR\" \/>\n<meta property=\"og:type\" content=\"article\" \/>\n<meta property=\"og:title\" content=\"Les travailleurs de Kronos approuvent le nouvel accord\" \/>\n<meta property=\"og:description\" content=\"Des n\u00e9gociations \u00e9clair avaient repris le 13 novembre, cinq mois apr\u00e8s le d\u00e9but du conflit, quand deux jours avant la date d&rsquo;expiration de la\" \/>\n<meta property=\"og:url\" content=\"https:\/\/admin.industriall-union.org\/fr\/les-travailleurs-de-kronos-approuvent-le-nouvel-accord\/\" \/>\n<meta property=\"og:site_name\" content=\"industriall-union\" \/>\n<meta property=\"article:modified_time\" content=\"2025-02-08T06:15:04+00:00\" \/>\n<meta name=\"twitter:card\" content=\"summary_large_image\" \/>\n<meta name=\"twitter:label1\" content=\"Est. reading time\" \/>\n\t<meta name=\"twitter:data1\" content=\"2 minutes\" \/>\n<script type=\"application\/ld+json\" class=\"yoast-schema-graph\">{\"@context\":\"https:\/\/schema.org\",\"@graph\":[{\"@type\":\"WebPage\",\"@id\":\"https:\/\/admin.industriall-union.org\/fr\/les-travailleurs-de-kronos-approuvent-le-nouvel-accord\/\",\"url\":\"https:\/\/admin.industriall-union.org\/fr\/les-travailleurs-de-kronos-approuvent-le-nouvel-accord\/\",\"name\":\"Les travailleurs de Kronos approuvent le nouvel accord - industriall-union\",\"isPartOf\":{\"@id\":\"https:\/\/admin.industriall-union.org\/#website\"},\"datePublished\":\"2013-11-21T16:44:18+00:00\",\"dateModified\":\"2025-02-08T06:15:04+00:00\",\"description\":\"Des n\u00e9gociations \u00e9clair avaient repris le 13 novembre, cinq mois apr\u00e8s le d\u00e9but du conflit, quand deux jours avant la date d&rsquo;expiration de la\",\"breadcrumb\":{\"@id\":\"https:\/\/admin.industriall-union.org\/fr\/les-travailleurs-de-kronos-approuvent-le-nouvel-accord\/#breadcrumb\"},\"inLanguage\":\"fr-FR\",\"potentialAction\":[{\"@type\":\"ReadAction\",\"target\":[\"https:\/\/admin.industriall-union.org\/fr\/les-travailleurs-de-kronos-approuvent-le-nouvel-accord\/\"]}]},{\"@type\":\"BreadcrumbList\",\"@id\":\"https:\/\/admin.industriall-union.org\/fr\/les-travailleurs-de-kronos-approuvent-le-nouvel-accord\/#breadcrumb\",\"itemListElement\":[{\"@type\":\"ListItem\",\"position\":1,\"name\":\"Home\",\"item\":\"https:\/\/admin.industriall-union.org\/\"},{\"@type\":\"ListItem\",\"position\":2,\"name\":\"Articles\",\"item\":\"https:\/\/admin.industriall-union.org\/article\/\"},{\"@type\":\"ListItem\",\"position\":3,\"name\":\"Les travailleurs de Kronos approuvent le nouvel accord\"}]},{\"@type\":\"WebSite\",\"@id\":\"https:\/\/admin.industriall-union.org\/#website\",\"url\":\"https:\/\/admin.industriall-union.org\/\",\"name\":\"industriall-union\",\"description\":\"\",\"potentialAction\":[{\"@type\":\"SearchAction\",\"target\":{\"@type\":\"EntryPoint\",\"urlTemplate\":\"https:\/\/admin.industriall-union.org\/?s={search_term_string}\"},\"query-input\":{\"@type\":\"PropertyValueSpecification\",\"valueRequired\":true,\"valueName\":\"search_term_string\"}}],\"inLanguage\":\"fr-FR\"}]}<\/script>\n<!-- \/ Yoast SEO Premium plugin. -->","yoast_head_json":{"title":"Les travailleurs de Kronos approuvent le nouvel accord - industriall-union","description":"Des n\u00e9gociations \u00e9clair avaient repris le 13 novembre, cinq mois apr\u00e8s le d\u00e9but du conflit, quand deux jours avant la date d&rsquo;expiration de la","robots":{"index":"index","follow":"follow","max-snippet":"max-snippet:-1","max-image-preview":"max-image-preview:large","max-video-preview":"max-video-preview:-1"},"canonical":"https:\/\/admin.industriall-union.org\/fr\/les-travailleurs-de-kronos-approuvent-le-nouvel-accord\/","og_locale":"fr_FR","og_type":"article","og_title":"Les travailleurs de Kronos approuvent le nouvel accord","og_description":"Des n\u00e9gociations \u00e9clair avaient repris le 13 novembre, cinq mois apr\u00e8s le d\u00e9but du conflit, quand deux jours avant la date d&rsquo;expiration de la","og_url":"https:\/\/admin.industriall-union.org\/fr\/les-travailleurs-de-kronos-approuvent-le-nouvel-accord\/","og_site_name":"industriall-union","article_modified_time":"2025-02-08T06:15:04+00:00","twitter_card":"summary_large_image","twitter_misc":{"Est. reading time":"2 minutes"},"schema":{"@context":"https:\/\/schema.org","@graph":[{"@type":"WebPage","@id":"https:\/\/admin.industriall-union.org\/fr\/les-travailleurs-de-kronos-approuvent-le-nouvel-accord\/","url":"https:\/\/admin.industriall-union.org\/fr\/les-travailleurs-de-kronos-approuvent-le-nouvel-accord\/","name":"Les travailleurs de Kronos approuvent le nouvel accord - industriall-union","isPartOf":{"@id":"https:\/\/admin.industriall-union.org\/#website"},"datePublished":"2013-11-21T16:44:18+00:00","dateModified":"2025-02-08T06:15:04+00:00","description":"Des n\u00e9gociations \u00e9clair avaient repris le 13 novembre, cinq mois apr\u00e8s le d\u00e9but du conflit, quand deux jours avant la date d&rsquo;expiration de la","breadcrumb":{"@id":"https:\/\/admin.industriall-union.org\/fr\/les-travailleurs-de-kronos-approuvent-le-nouvel-accord\/#breadcrumb"},"inLanguage":"fr-FR","potentialAction":[{"@type":"ReadAction","target":["https:\/\/admin.industriall-union.org\/fr\/les-travailleurs-de-kronos-approuvent-le-nouvel-accord\/"]}]},{"@type":"BreadcrumbList","@id":"https:\/\/admin.industriall-union.org\/fr\/les-travailleurs-de-kronos-approuvent-le-nouvel-accord\/#breadcrumb","itemListElement":[{"@type":"ListItem","position":1,"name":"Home","item":"https:\/\/admin.industriall-union.org\/"},{"@type":"ListItem","position":2,"name":"Articles","item":"https:\/\/admin.industriall-union.org\/article\/"},{"@type":"ListItem","position":3,"name":"Les travailleurs de Kronos approuvent le nouvel accord"}]},{"@type":"WebSite","@id":"https:\/\/admin.industriall-union.org\/#website","url":"https:\/\/admin.industriall-union.org\/","name":"industriall-union","description":"","potentialAction":[{"@type":"SearchAction","target":{"@type":"EntryPoint","urlTemplate":"https:\/\/admin.industriall-union.org\/?s={search_term_string}"},"query-input":{"@type":"PropertyValueSpecification","valueRequired":true,"valueName":"search_term_string"}}],"inLanguage":"fr-FR"}]}},"_links":{"self":[{"href":"https:\/\/admin.industriall-union.org\/fr\/wp-json\/wp\/v2\/article\/152636","targetHints":{"allow":["GET"]}}],"collection":[{"href":"https:\/\/admin.industriall-union.org\/fr\/wp-json\/wp\/v2\/article"}],"about":[{"href":"https:\/\/admin.industriall-union.org\/fr\/wp-json\/wp\/v2\/types\/article"}],"wp:attachment":[{"href":"https:\/\/admin.industriall-union.org\/fr\/wp-json\/wp\/v2\/media?parent=152636"}],"wp:term":[{"taxonomy":"issues","embeddable":true,"href":"https:\/\/admin.industriall-union.org\/fr\/wp-json\/wp\/v2\/issues?post=152636"},{"taxonomy":"companies","embeddable":true,"href":"https:\/\/admin.industriall-union.org\/fr\/wp-json\/wp\/v2\/companies?post=152636"},{"taxonomy":"regions","embeddable":true,"href":"https:\/\/admin.industriall-union.org\/fr\/wp-json\/wp\/v2\/regions?post=152636"},{"taxonomy":"sectors","embeddable":true,"href":"https:\/\/admin.industriall-union.org\/fr\/wp-json\/wp\/v2\/sectors?post=152636"},{"taxonomy":"article_tags","embeddable":true,"href":"https:\/\/admin.industriall-union.org\/fr\/wp-json\/wp\/v2\/article_tags?post=152636"}],"curies":[{"name":"wp","href":"https:\/\/api.w.org\/{rel}","templated":true}]}}