{"id":152635,"date":"2013-11-22T10:16:57","date_gmt":"2013-11-22T10:16:57","guid":{"rendered":"https:\/\/admin.industriall-union.org\/soutenir-la-croissance-syndicale-dans-la-region-mena\/"},"modified":"2025-02-08T06:14:31","modified_gmt":"2025-02-08T06:14:31","slug":"soutenir-la-croissance-syndicale-dans-la-region-mena","status":"publish","type":"article","link":"https:\/\/admin.industriall-union.org\/fr\/soutenir-la-croissance-syndicale-dans-la-region-mena\/","title":{"rendered":"Soutenir la croissance syndicale dans la r\u00e9gion MENA"},"content":{"rendered":"<p>Dans le cadre de ses priorit\u00e9s, IndustriALL Global Union continue \u00e0 soutenir avec vigueur le travail et les actions de ses affili\u00e9s dans la r\u00e9gion MENA (Moyen-Orient et Afrique du Nord). Les pays qui retiennent particuli\u00e8rement notre attention sont l&rsquo;Egypte, l&rsquo;Irak, la Tunisie et le Maroc.<\/p><p>En Egypte, le pr\u00e9sident Mohammed Morsi a \u00e9t\u00e9 d\u00e9mis par l&rsquo;arm\u00e9e en juillet, apr\u00e8s des manifestations monstres o\u00f9 les syndicats ind\u00e9pendants \u00e9taient en vue. Le gouvernement des Fr\u00e8res Musulmans de Morsi avait d\u00e9cid\u00e9 de s&rsquo;approprier la conf\u00e9d\u00e9ration ETUF. Les biens consid\u00e9rables accumul\u00e9es par cette organisation durant des d\u00e9cennies, elle qui a joui de la protection des r\u00e9gimes ant\u00e9rieurs, n&rsquo;y \u00e9taient certainement pas \u00e9trangers. Les leaders syndicaux, \u00e2g\u00e9 de plus de 60 ans, avaient \u00e9t\u00e9 remplac\u00e9s par des proches du gouvernement.<\/p><p>Apr\u00e8s cette seconde r\u00e9volution, le mouvement syndical est aussi dans la tourmente. Malheureusement, m\u00eame le nouveau gouvernement a intervenu dans la d\u00e9mocracie syndicale et a nomm\u00e9 de nouveaux dirigeants de l&rsquo;ETUF. La situation reste confuse.<\/p><p>Entretemps, IndustriALL soutient les syndicats ind\u00e9pendants d&rsquo;Egypte par la formation \u00e0 la syndicalisation et \u00e0 la construction d&rsquo;organisations plus fortes. Avec le soutien du Solidarity Center de l&rsquo;AFL-CIO, nous avons tenu un certain nombre de <a href=\"http:\/\/www.industriall-union.org\/fr\/industriall-renforce-son-programme-pour-les-syndicats-independants-en-egypte\">s\u00e9minaires pour les secteurs du m\u00e9tal, de l&#039;\u00e9nergie, du textile et de la confection<\/a> en 2013. En octobre, nous avons tenu une <a href=\"http:\/\/www.industriall-union.org\/fr\/les-travailleurs-egyptiens-se-battent-dans-les-emn-pour-leurs-droits-et-la-justice\">conf\u00e9rence sur les droits syndicaux et les relations sociales au sein des multinationales<\/a>. En pr\u00e9sence du Ministre de la Main d&rsquo;\u0152uvre, de parlementaires et de repr\u00e9sentants du milieu acad\u00e9mique, les 100 d\u00e9l\u00e9gu\u00e9s ont adopt\u00e9 une s\u00e9rie de recommandations sur le droit du travail, les salaires minimums vitaux, le travail pr\u00e9caire et les violations de droits fondamentaux au sein des multinationales.<\/p><p>En Irak, IndustriALL et la CSI ont lanc\u00e9 une <a href=\"http:\/\/www.industriall-union.org\/fr\/il-faut-pour-les-travailleurs-irakiens-des-legislations-adequates-sans-delai\">campagne pour la r\u00e9forme du droit du travail<\/a> qui est une mati\u00e8re urgente. La l\u00e9gislation actuelle est un reliquat du r\u00e9gime oppresseur de Saddam Hussein, qui emp\u00eache les syndicats de recruter des membres, de n\u00e9gocier collectivement et de faire gr\u00e8ve. En juillet, les six affili\u00e9s irakiens d&rsquo;IndustriALL se sont regroup\u00e9s pour cr\u00e9er un nouveau <a href=\"http:\/\/www.industriall-union.org\/fr\/des-syndicats-irakiens-joignent-leurs-forces-en-faveur-dune-legislation-syndicale\">Conseil National<\/a> afin de rassembler les forces et de lutter pour une meilleure l\u00e9gislation qui garantisse les droits fondamentaux des travailleurs.<\/p><p>En Tunisie et au Maroc, nos affili\u00e9s ont cr\u00e9\u00e9 des <a href=\"http:\/\/www.industriall-union.org\/affiliates-in-tunisia-and-morocco-reinforce-unity\">Conseils<\/a><a href=\"http:\/\/www.industriall-union.org\/fr\/les-affilies-de-tunisie-et-du-maroc-renforcent-leur-unite\"> Nationaux<\/a> dans une volont\u00e9 d&rsquo;accro\u00eetre l&rsquo;unit\u00e9 et la coordination des actions internationales. L&rsquo;attention se focalise sur le d\u00e9veloppement du r\u00e9seautage au sein des multinationales qui sont pr\u00e9sentes dans ces pays, la syndicalisation, le travail pr\u00e9caire et la protection des femmes travailleuses.<\/p><p>La Tunisie est le pays o\u00f9 le Printemps Arabe a tourn\u00e9 en r\u00e9volution en janvier 2011. Les affili\u00e9s d&rsquo;IndustriALL dans les industries du m\u00e9tal, de la p\u00e9trochimie, du textile et de la confection font tous partie de l&rsquo;UGTT, qui est de loin la plus grande conf\u00e9d\u00e9ration syndicale et un partenaire respect\u00e9 dans les n\u00e9gociations politiques en cours. En d\u00e9pit de r\u00e9centes difficult\u00e9s, la Tunisie montre la voie de la construction d&rsquo;une soci\u00e9t\u00e9 d\u00e9mocratique par la consultation et le dialogue social.<\/p><p>Des probl\u00e8mes subsistent dans la r\u00e9gion MENA. Les syndicats sont hors-la-loi en Arabie Saoudite et dans les Emirats. Et il existe d&rsquo;autres bonnes raisons qu&rsquo;une chaleur torride pour <a href=\"http:\/\/act.equaltimes.org\/fr\">ne pas tenir la Coupe du Monde de football 2022 au Qatar.<\/a><\/p><p>Le but d&rsquo;IndustriALL est d&rsquo;aider les syndicats \u00e0 devenir les piliers centraux de soci\u00e9t\u00e9s nouvelles et esp\u00e9rons-le d\u00e9mocratiques au Moyen-Orient et en Afrique du Nord. Nous faisons des progr\u00e8s, mais la route ne sera pas simple.<\/p><p>Jyrki Raina<\/p><p>Secr\u00e9taire g\u00e9n\u00e9ral<\/p>","protected":false},"featured_media":0,"template":"","issues":[],"companies":[],"regions":[288],"sectors":[],"article_tags":[510],"class_list":["post-152635","article","type-article","status-publish","hentry","regions-middle-east-and-north-africa","article_tags-gs-corner"],"acf":[],"yoast_head":"<!-- This site is optimized with the Yoast SEO Premium plugin v27.1 (Yoast SEO v27.1) - https:\/\/yoast.com\/product\/yoast-seo-premium-wordpress\/ -->\n<title>Soutenir la croissance syndicale dans la r\u00e9gion MENA - industriall-union<\/title>\n<meta name=\"description\" content=\"Dans le cadre de ses priorit\u00e9s, IndustriALL Global Union continue \u00e0 soutenir avec vigueur le travail et les actions de ses affili\u00e9s dans la r\u00e9gion MENA\" \/>\n<meta name=\"robots\" content=\"index, follow, max-snippet:-1, max-image-preview:large, max-video-preview:-1\" \/>\n<link rel=\"canonical\" href=\"https:\/\/admin.industriall-union.org\/fr\/soutenir-la-croissance-syndicale-dans-la-region-mena\/\" \/>\n<meta property=\"og:locale\" content=\"fr_FR\" \/>\n<meta property=\"og:type\" content=\"article\" \/>\n<meta property=\"og:title\" content=\"Soutenir la croissance syndicale dans la r\u00e9gion MENA\" \/>\n<meta property=\"og:description\" content=\"Dans le cadre de ses priorit\u00e9s, IndustriALL Global Union continue \u00e0 soutenir avec vigueur le travail et les actions de ses affili\u00e9s dans la r\u00e9gion MENA\" \/>\n<meta property=\"og:url\" content=\"https:\/\/admin.industriall-union.org\/fr\/soutenir-la-croissance-syndicale-dans-la-region-mena\/\" \/>\n<meta property=\"og:site_name\" content=\"industriall-union\" \/>\n<meta property=\"article:modified_time\" content=\"2025-02-08T06:14:31+00:00\" \/>\n<meta name=\"twitter:card\" content=\"summary_large_image\" \/>\n<meta name=\"twitter:label1\" content=\"Est. reading time\" \/>\n\t<meta name=\"twitter:data1\" content=\"3 minutes\" \/>\n<script type=\"application\/ld+json\" class=\"yoast-schema-graph\">{\"@context\":\"https:\/\/schema.org\",\"@graph\":[{\"@type\":\"WebPage\",\"@id\":\"https:\/\/admin.industriall-union.org\/fr\/soutenir-la-croissance-syndicale-dans-la-region-mena\/\",\"url\":\"https:\/\/admin.industriall-union.org\/fr\/soutenir-la-croissance-syndicale-dans-la-region-mena\/\",\"name\":\"Soutenir la croissance syndicale dans la r\u00e9gion MENA - industriall-union\",\"isPartOf\":{\"@id\":\"https:\/\/admin.industriall-union.org\/#website\"},\"datePublished\":\"2013-11-22T10:16:57+00:00\",\"dateModified\":\"2025-02-08T06:14:31+00:00\",\"description\":\"Dans le cadre de ses priorit\u00e9s, IndustriALL Global Union continue \u00e0 soutenir avec vigueur le travail et les actions de ses affili\u00e9s dans la r\u00e9gion MENA\",\"breadcrumb\":{\"@id\":\"https:\/\/admin.industriall-union.org\/fr\/soutenir-la-croissance-syndicale-dans-la-region-mena\/#breadcrumb\"},\"inLanguage\":\"fr-FR\",\"potentialAction\":[{\"@type\":\"ReadAction\",\"target\":[\"https:\/\/admin.industriall-union.org\/fr\/soutenir-la-croissance-syndicale-dans-la-region-mena\/\"]}]},{\"@type\":\"BreadcrumbList\",\"@id\":\"https:\/\/admin.industriall-union.org\/fr\/soutenir-la-croissance-syndicale-dans-la-region-mena\/#breadcrumb\",\"itemListElement\":[{\"@type\":\"ListItem\",\"position\":1,\"name\":\"Home\",\"item\":\"https:\/\/admin.industriall-union.org\/\"},{\"@type\":\"ListItem\",\"position\":2,\"name\":\"Articles\",\"item\":\"https:\/\/admin.industriall-union.org\/article\/\"},{\"@type\":\"ListItem\",\"position\":3,\"name\":\"Soutenir la croissance syndicale dans la r\u00e9gion MENA\"}]},{\"@type\":\"WebSite\",\"@id\":\"https:\/\/admin.industriall-union.org\/#website\",\"url\":\"https:\/\/admin.industriall-union.org\/\",\"name\":\"industriall-union\",\"description\":\"\",\"potentialAction\":[{\"@type\":\"SearchAction\",\"target\":{\"@type\":\"EntryPoint\",\"urlTemplate\":\"https:\/\/admin.industriall-union.org\/?s={search_term_string}\"},\"query-input\":{\"@type\":\"PropertyValueSpecification\",\"valueRequired\":true,\"valueName\":\"search_term_string\"}}],\"inLanguage\":\"fr-FR\"}]}<\/script>\n<!-- \/ Yoast SEO Premium plugin. -->","yoast_head_json":{"title":"Soutenir la croissance syndicale dans la r\u00e9gion MENA - industriall-union","description":"Dans le cadre de ses priorit\u00e9s, IndustriALL Global Union continue \u00e0 soutenir avec vigueur le travail et les actions de ses affili\u00e9s dans la r\u00e9gion MENA","robots":{"index":"index","follow":"follow","max-snippet":"max-snippet:-1","max-image-preview":"max-image-preview:large","max-video-preview":"max-video-preview:-1"},"canonical":"https:\/\/admin.industriall-union.org\/fr\/soutenir-la-croissance-syndicale-dans-la-region-mena\/","og_locale":"fr_FR","og_type":"article","og_title":"Soutenir la croissance syndicale dans la r\u00e9gion MENA","og_description":"Dans le cadre de ses priorit\u00e9s, IndustriALL Global Union continue \u00e0 soutenir avec vigueur le travail et les actions de ses affili\u00e9s dans la r\u00e9gion MENA","og_url":"https:\/\/admin.industriall-union.org\/fr\/soutenir-la-croissance-syndicale-dans-la-region-mena\/","og_site_name":"industriall-union","article_modified_time":"2025-02-08T06:14:31+00:00","twitter_card":"summary_large_image","twitter_misc":{"Est. reading time":"3 minutes"},"schema":{"@context":"https:\/\/schema.org","@graph":[{"@type":"WebPage","@id":"https:\/\/admin.industriall-union.org\/fr\/soutenir-la-croissance-syndicale-dans-la-region-mena\/","url":"https:\/\/admin.industriall-union.org\/fr\/soutenir-la-croissance-syndicale-dans-la-region-mena\/","name":"Soutenir la croissance syndicale dans la r\u00e9gion MENA - industriall-union","isPartOf":{"@id":"https:\/\/admin.industriall-union.org\/#website"},"datePublished":"2013-11-22T10:16:57+00:00","dateModified":"2025-02-08T06:14:31+00:00","description":"Dans le cadre de ses priorit\u00e9s, IndustriALL Global Union continue \u00e0 soutenir avec vigueur le travail et les actions de ses affili\u00e9s dans la r\u00e9gion MENA","breadcrumb":{"@id":"https:\/\/admin.industriall-union.org\/fr\/soutenir-la-croissance-syndicale-dans-la-region-mena\/#breadcrumb"},"inLanguage":"fr-FR","potentialAction":[{"@type":"ReadAction","target":["https:\/\/admin.industriall-union.org\/fr\/soutenir-la-croissance-syndicale-dans-la-region-mena\/"]}]},{"@type":"BreadcrumbList","@id":"https:\/\/admin.industriall-union.org\/fr\/soutenir-la-croissance-syndicale-dans-la-region-mena\/#breadcrumb","itemListElement":[{"@type":"ListItem","position":1,"name":"Home","item":"https:\/\/admin.industriall-union.org\/"},{"@type":"ListItem","position":2,"name":"Articles","item":"https:\/\/admin.industriall-union.org\/article\/"},{"@type":"ListItem","position":3,"name":"Soutenir la croissance syndicale dans la r\u00e9gion MENA"}]},{"@type":"WebSite","@id":"https:\/\/admin.industriall-union.org\/#website","url":"https:\/\/admin.industriall-union.org\/","name":"industriall-union","description":"","potentialAction":[{"@type":"SearchAction","target":{"@type":"EntryPoint","urlTemplate":"https:\/\/admin.industriall-union.org\/?s={search_term_string}"},"query-input":{"@type":"PropertyValueSpecification","valueRequired":true,"valueName":"search_term_string"}}],"inLanguage":"fr-FR"}]}},"_links":{"self":[{"href":"https:\/\/admin.industriall-union.org\/fr\/wp-json\/wp\/v2\/article\/152635","targetHints":{"allow":["GET"]}}],"collection":[{"href":"https:\/\/admin.industriall-union.org\/fr\/wp-json\/wp\/v2\/article"}],"about":[{"href":"https:\/\/admin.industriall-union.org\/fr\/wp-json\/wp\/v2\/types\/article"}],"wp:attachment":[{"href":"https:\/\/admin.industriall-union.org\/fr\/wp-json\/wp\/v2\/media?parent=152635"}],"wp:term":[{"taxonomy":"issues","embeddable":true,"href":"https:\/\/admin.industriall-union.org\/fr\/wp-json\/wp\/v2\/issues?post=152635"},{"taxonomy":"companies","embeddable":true,"href":"https:\/\/admin.industriall-union.org\/fr\/wp-json\/wp\/v2\/companies?post=152635"},{"taxonomy":"regions","embeddable":true,"href":"https:\/\/admin.industriall-union.org\/fr\/wp-json\/wp\/v2\/regions?post=152635"},{"taxonomy":"sectors","embeddable":true,"href":"https:\/\/admin.industriall-union.org\/fr\/wp-json\/wp\/v2\/sectors?post=152635"},{"taxonomy":"article_tags","embeddable":true,"href":"https:\/\/admin.industriall-union.org\/fr\/wp-json\/wp\/v2\/article_tags?post=152635"}],"curies":[{"name":"wp","href":"https:\/\/api.w.org\/{rel}","templated":true}]}}