{"id":152603,"date":"2013-11-28T09:20:44","date_gmt":"2013-11-28T09:20:44","guid":{"rendered":"https:\/\/admin.industriall-union.org\/profil-fusion-au-canada-a-l-origine-d-un-super-syndicat\/"},"modified":"2025-02-08T05:53:17","modified_gmt":"2025-02-08T05:53:17","slug":"profil-fusion-au-canada-a-l-origine-d-un-super-syndicat","status":"publish","type":"article","link":"https:\/\/admin.industriall-union.org\/fr\/profil-fusion-au-canada-a-l-origine-d-un-super-syndicat\/","title":{"rendered":"PROFIL: Fusion au Canada \u00e0 l\u2019origine d\u2019un super syndicat"},"content":{"rendered":"<h2>PROFIL<\/h2><p><strong>PAYS: <\/strong>Canada<br \/><strong>SYNDIICAT:<\/strong>&nbsp;Unifor<\/p><p><strong>TextE:<\/strong>&nbsp;Petra Br\u00e4nnmark<br \/><strong>Photo:<\/strong>&nbsp;Jerry Dias, Unifor President, at founding convention in Toronto,&nbsp;1 September 2013. Unifor<\/p><p>Le 1er septembre a vu la cr\u00e9ation du plus grand syndicat du secteur priv\u00e9 au Canada lorsque les affili\u00e9s canadiens d&rsquo;IndustriALL les TCA et le SCEP ont joint leurs forces pour former Unifor, qui repr\u00e9sente 300.000 membres dans un large \u00e9ventail de secteurs comprenant l&rsquo;industrie manufacturi\u00e8re, l&rsquo;\u00e9nergie, l&rsquo;exploitation foresti\u00e8re, les t\u00e9l\u00e9communications et le transport.<\/p><p>Plus de 2.500 d\u00e9l\u00e9gu\u00e9s \u00e9lus en provenance du Syndicat des Travailleurs Canadiens de l&rsquo;Automobile (les TCA) et du Syndicat Canadien des Communications, de l&#039;Energie et du Papier (le SCEP) ont vot\u00e9 en faveur de la cr\u00e9ation du nouveau super syndicat. Les statuts ont \u00e9t\u00e9 adopt\u00e9s par 96% des votants lors du congr\u00e8s de fondation. Le congr\u00e8s a \u00e9lu Jerry Dias Pr\u00e9sident national, Peter Kennedy Secr\u00e9taire-tr\u00e9sorier et Michel Ouimet Directeur qu\u00e9b\u00e9cois. Au sein de l&rsquo;ex\u00e9cutif d&rsquo;Unifor compos\u00e9 de 25 membres, 44 pour cent sont des femmes, soit bien plus que les 28 pour cent qu&rsquo;elles repr\u00e9sentent au niveau des adh\u00e9rents.<\/p><p>Jerry Dias a entam\u00e9 sa vie professionnelle en 1978 chez l&rsquo;avionneur Haviland (aujourd&rsquo;hui Bombardier Aerospace) et a \u00e9t\u00e9 \u00e9lu d\u00e9l\u00e9gu\u00e9 syndical la m\u00eame ann\u00e9e. Il est ensuite devenu pr\u00e9sident de la section locale avant d&rsquo;\u00eatre appel\u00e9 au sein du bureau national en 1993 pour coordonner le secteur a\u00e9rospatial. Avant d&rsquo;\u00eatre \u00e9lu Pr\u00e9sident d&rsquo;Unifor, Dias \u00e9tait Vice-pr\u00e9sident des TCA.<\/p><blockquote><p>Nous voulons un Canada qui traite chaque personne d\u00e9cemment, avec respect et dans la s\u00e9curit\u00e9. Un Canada qui appr\u00e9cie la valeur des travailleurs qui produisent les richesses plut\u00f4t que de nous rabaisser et nous sacrifier,<\/p><\/blockquote><p>a d\u00e9clar\u00e9 Dias dans son discours inaugural.<\/p><h3>Amener la politique des recrutements \u00e0 un autre niveau<\/h3><p>Le Congr\u00e8s a adopt\u00e9 des politiques de recrutement innovantes. Un \u00e9l\u00e9ment nouveau est l&rsquo;introduction de sections communautaires. Par ce biais, de nouveaux groupes de travailleurs peuvent rejoindre Unifor m\u00eame s&rsquo;ils n&rsquo;appartiennent pas d\u00e9j\u00e0 \u00e0 une unit\u00e9 de n\u00e9gociation reconnue. Unifor va consacrer annuellement 10 pour cent de ses revenus, soit 10 millions de dollars canadiens, au recrutement de nouveaux membres. Unifor va poursuivre la tradition du syndicalisme social des TCA et du SCEP. Cette action politique signifie un large engagement dans des communaut\u00e9s, la participation \u00e0 des campagnes th\u00e9matiques et l&rsquo;implication dans des processus \u00e9lectoraux pour soulever des probl\u00e9matiques et soutenir des candidats qui les portent.<\/p><p>Le Congr\u00e8s a salu\u00e9 d&rsquo;une salve d&rsquo;applaudissements le pr\u00e9sident des TCA Ken Lewenza et le pr\u00e9sident du SCEP Dave Coles qui partent tous deux \u00e0 la retraite.<\/p><p>Dans son allocution, le secr\u00e9taire g\u00e9n\u00e9ral d&rsquo;IndustriALL Jyrki Raina a rendu hommage \u00e0 la tradition de solidarit\u00e9 internationale des organisations fondatrices :<\/p><blockquote><p>Dans un univers mondialis\u00e9 et sans fronti\u00e8res, nous devons plus que jamais travailler ensemble. Je suis confiant dans le fait qu&rsquo;Unifor va continuer \u00e0 apporter son soutien \u00e0 nos coll\u00e8gues de Colombie, du Mozambique et d&rsquo;ailleurs.<\/p><\/blockquote>","protected":false},"featured_media":0,"template":"","issues":[396,408,425],"companies":[],"regions":[309],"sectors":[483],"article_tags":[],"class_list":["post-152603","article","type-article","status-publish","hentry","issues-building-strong-unions","issues-global-worker","issues-workers-rights","regions-canada","sectors-energy-oil-gas-electricity-and-nuclear"],"acf":[],"yoast_head":"<!-- This site is optimized with the Yoast SEO Premium plugin v27.1 (Yoast SEO v27.1) - https:\/\/yoast.com\/product\/yoast-seo-premium-wordpress\/ -->\n<title>PROFIL: Fusion au Canada \u00e0 l\u2019origine d\u2019un super syndicat - industriall-union<\/title>\n<meta name=\"description\" content=\"PROFILPAYS: CanadaSYNDIICAT:&nbsp;UniforTextE:&nbsp;Petra Br\u00e4nnmarkPhoto:&nbsp;Jerry Dias, Unifor President, at founding convention in Toronto,&nbsp;1\" \/>\n<meta name=\"robots\" content=\"index, follow, max-snippet:-1, max-image-preview:large, max-video-preview:-1\" \/>\n<link rel=\"canonical\" href=\"https:\/\/admin.industriall-union.org\/fr\/profil-fusion-au-canada-a-l-origine-d-un-super-syndicat\/\" \/>\n<meta property=\"og:locale\" content=\"fr_FR\" \/>\n<meta property=\"og:type\" content=\"article\" \/>\n<meta property=\"og:title\" content=\"PROFIL: Fusion au Canada \u00e0 l\u2019origine d\u2019un super syndicat\" \/>\n<meta property=\"og:description\" content=\"PROFILPAYS: CanadaSYNDIICAT:&nbsp;UniforTextE:&nbsp;Petra Br\u00e4nnmarkPhoto:&nbsp;Jerry Dias, Unifor President, at founding convention in Toronto,&nbsp;1\" \/>\n<meta property=\"og:url\" content=\"https:\/\/admin.industriall-union.org\/fr\/profil-fusion-au-canada-a-l-origine-d-un-super-syndicat\/\" \/>\n<meta property=\"og:site_name\" content=\"industriall-union\" \/>\n<meta property=\"article:modified_time\" content=\"2025-02-08T05:53:17+00:00\" \/>\n<meta name=\"twitter:card\" content=\"summary_large_image\" \/>\n<meta name=\"twitter:label1\" content=\"Est. reading time\" \/>\n\t<meta name=\"twitter:data1\" content=\"3 minutes\" \/>\n<script type=\"application\/ld+json\" class=\"yoast-schema-graph\">{\"@context\":\"https:\/\/schema.org\",\"@graph\":[{\"@type\":\"WebPage\",\"@id\":\"https:\/\/admin.industriall-union.org\/fr\/profil-fusion-au-canada-a-l-origine-d-un-super-syndicat\/\",\"url\":\"https:\/\/admin.industriall-union.org\/fr\/profil-fusion-au-canada-a-l-origine-d-un-super-syndicat\/\",\"name\":\"PROFIL: Fusion au Canada \u00e0 l\u2019origine d\u2019un super syndicat - industriall-union\",\"isPartOf\":{\"@id\":\"https:\/\/admin.industriall-union.org\/#website\"},\"datePublished\":\"2013-11-28T09:20:44+00:00\",\"dateModified\":\"2025-02-08T05:53:17+00:00\",\"description\":\"PROFILPAYS: CanadaSYNDIICAT:&nbsp;UniforTextE:&nbsp;Petra Br\u00e4nnmarkPhoto:&nbsp;Jerry Dias, Unifor President, at founding convention in Toronto,&nbsp;1\",\"breadcrumb\":{\"@id\":\"https:\/\/admin.industriall-union.org\/fr\/profil-fusion-au-canada-a-l-origine-d-un-super-syndicat\/#breadcrumb\"},\"inLanguage\":\"fr-FR\",\"potentialAction\":[{\"@type\":\"ReadAction\",\"target\":[\"https:\/\/admin.industriall-union.org\/fr\/profil-fusion-au-canada-a-l-origine-d-un-super-syndicat\/\"]}]},{\"@type\":\"BreadcrumbList\",\"@id\":\"https:\/\/admin.industriall-union.org\/fr\/profil-fusion-au-canada-a-l-origine-d-un-super-syndicat\/#breadcrumb\",\"itemListElement\":[{\"@type\":\"ListItem\",\"position\":1,\"name\":\"Home\",\"item\":\"https:\/\/admin.industriall-union.org\/\"},{\"@type\":\"ListItem\",\"position\":2,\"name\":\"Articles\",\"item\":\"https:\/\/admin.industriall-union.org\/article\/\"},{\"@type\":\"ListItem\",\"position\":3,\"name\":\"PROFIL: Fusion au Canada \u00e0 l\u2019origine d\u2019un super syndicat\"}]},{\"@type\":\"WebSite\",\"@id\":\"https:\/\/admin.industriall-union.org\/#website\",\"url\":\"https:\/\/admin.industriall-union.org\/\",\"name\":\"industriall-union\",\"description\":\"\",\"potentialAction\":[{\"@type\":\"SearchAction\",\"target\":{\"@type\":\"EntryPoint\",\"urlTemplate\":\"https:\/\/admin.industriall-union.org\/?s={search_term_string}\"},\"query-input\":{\"@type\":\"PropertyValueSpecification\",\"valueRequired\":true,\"valueName\":\"search_term_string\"}}],\"inLanguage\":\"fr-FR\"}]}<\/script>\n<!-- \/ Yoast SEO Premium plugin. -->","yoast_head_json":{"title":"PROFIL: Fusion au Canada \u00e0 l\u2019origine d\u2019un super syndicat - industriall-union","description":"PROFILPAYS: CanadaSYNDIICAT:&nbsp;UniforTextE:&nbsp;Petra Br\u00e4nnmarkPhoto:&nbsp;Jerry Dias, Unifor President, at founding convention in Toronto,&nbsp;1","robots":{"index":"index","follow":"follow","max-snippet":"max-snippet:-1","max-image-preview":"max-image-preview:large","max-video-preview":"max-video-preview:-1"},"canonical":"https:\/\/admin.industriall-union.org\/fr\/profil-fusion-au-canada-a-l-origine-d-un-super-syndicat\/","og_locale":"fr_FR","og_type":"article","og_title":"PROFIL: Fusion au Canada \u00e0 l\u2019origine d\u2019un super syndicat","og_description":"PROFILPAYS: CanadaSYNDIICAT:&nbsp;UniforTextE:&nbsp;Petra Br\u00e4nnmarkPhoto:&nbsp;Jerry Dias, Unifor President, at founding convention in Toronto,&nbsp;1","og_url":"https:\/\/admin.industriall-union.org\/fr\/profil-fusion-au-canada-a-l-origine-d-un-super-syndicat\/","og_site_name":"industriall-union","article_modified_time":"2025-02-08T05:53:17+00:00","twitter_card":"summary_large_image","twitter_misc":{"Est. reading time":"3 minutes"},"schema":{"@context":"https:\/\/schema.org","@graph":[{"@type":"WebPage","@id":"https:\/\/admin.industriall-union.org\/fr\/profil-fusion-au-canada-a-l-origine-d-un-super-syndicat\/","url":"https:\/\/admin.industriall-union.org\/fr\/profil-fusion-au-canada-a-l-origine-d-un-super-syndicat\/","name":"PROFIL: Fusion au Canada \u00e0 l\u2019origine d\u2019un super syndicat - industriall-union","isPartOf":{"@id":"https:\/\/admin.industriall-union.org\/#website"},"datePublished":"2013-11-28T09:20:44+00:00","dateModified":"2025-02-08T05:53:17+00:00","description":"PROFILPAYS: CanadaSYNDIICAT:&nbsp;UniforTextE:&nbsp;Petra Br\u00e4nnmarkPhoto:&nbsp;Jerry Dias, Unifor President, at founding convention in Toronto,&nbsp;1","breadcrumb":{"@id":"https:\/\/admin.industriall-union.org\/fr\/profil-fusion-au-canada-a-l-origine-d-un-super-syndicat\/#breadcrumb"},"inLanguage":"fr-FR","potentialAction":[{"@type":"ReadAction","target":["https:\/\/admin.industriall-union.org\/fr\/profil-fusion-au-canada-a-l-origine-d-un-super-syndicat\/"]}]},{"@type":"BreadcrumbList","@id":"https:\/\/admin.industriall-union.org\/fr\/profil-fusion-au-canada-a-l-origine-d-un-super-syndicat\/#breadcrumb","itemListElement":[{"@type":"ListItem","position":1,"name":"Home","item":"https:\/\/admin.industriall-union.org\/"},{"@type":"ListItem","position":2,"name":"Articles","item":"https:\/\/admin.industriall-union.org\/article\/"},{"@type":"ListItem","position":3,"name":"PROFIL: Fusion au Canada \u00e0 l\u2019origine d\u2019un super syndicat"}]},{"@type":"WebSite","@id":"https:\/\/admin.industriall-union.org\/#website","url":"https:\/\/admin.industriall-union.org\/","name":"industriall-union","description":"","potentialAction":[{"@type":"SearchAction","target":{"@type":"EntryPoint","urlTemplate":"https:\/\/admin.industriall-union.org\/?s={search_term_string}"},"query-input":{"@type":"PropertyValueSpecification","valueRequired":true,"valueName":"search_term_string"}}],"inLanguage":"fr-FR"}]}},"_links":{"self":[{"href":"https:\/\/admin.industriall-union.org\/fr\/wp-json\/wp\/v2\/article\/152603","targetHints":{"allow":["GET"]}}],"collection":[{"href":"https:\/\/admin.industriall-union.org\/fr\/wp-json\/wp\/v2\/article"}],"about":[{"href":"https:\/\/admin.industriall-union.org\/fr\/wp-json\/wp\/v2\/types\/article"}],"wp:attachment":[{"href":"https:\/\/admin.industriall-union.org\/fr\/wp-json\/wp\/v2\/media?parent=152603"}],"wp:term":[{"taxonomy":"issues","embeddable":true,"href":"https:\/\/admin.industriall-union.org\/fr\/wp-json\/wp\/v2\/issues?post=152603"},{"taxonomy":"companies","embeddable":true,"href":"https:\/\/admin.industriall-union.org\/fr\/wp-json\/wp\/v2\/companies?post=152603"},{"taxonomy":"regions","embeddable":true,"href":"https:\/\/admin.industriall-union.org\/fr\/wp-json\/wp\/v2\/regions?post=152603"},{"taxonomy":"sectors","embeddable":true,"href":"https:\/\/admin.industriall-union.org\/fr\/wp-json\/wp\/v2\/sectors?post=152603"},{"taxonomy":"article_tags","embeddable":true,"href":"https:\/\/admin.industriall-union.org\/fr\/wp-json\/wp\/v2\/article_tags?post=152603"}],"curies":[{"name":"wp","href":"https:\/\/api.w.org\/{rel}","templated":true}]}}