{"id":152601,"date":"2013-11-28T15:41:54","date_gmt":"2013-11-28T15:41:54","guid":{"rendered":"https:\/\/admin.industriall-union.org\/jyrki-raina-bienvenue-dans-ce-numero-de-global-worker\/"},"modified":"2025-02-08T05:52:43","modified_gmt":"2025-02-08T05:52:43","slug":"jyrki-raina-bienvenue-dans-ce-numero-de-global-worker","status":"publish","type":"article","link":"https:\/\/admin.industriall-union.org\/fr\/jyrki-raina-bienvenue-dans-ce-numero-de-global-worker\/","title":{"rendered":"JYRKI RAINA: Bienvenue dans ce num\u00e9ro de Global Worker"},"content":{"rendered":"<h2>Jyrki Raina, IndustriALL Secr\u00e9taire G\u00e9n\u00e9ral<\/h2><blockquote><p>Nous sommes d\u00e9termin\u00e9s \u00e0 faire tout ce qu&rsquo;il faut pour provoquer un changement en profondeur au Bangladesh.&nbsp;<\/p><\/blockquote><h3>Lutte pour la dignit\u00e9<\/h3><p>Au Bangladesh, au Moyen-Orient et en Afrique du Nord ainsi que chez Rio Tinto,&nbsp; IndustriALL Global Union m\u00e8ne la lutte aux c\u00f4t\u00e9s des travailleurs pour le respect et la dignit\u00e9.<\/p><p>En avril, le b\u00e2timent Rana Plaza, haut de huit \u00e9tage, s&rsquo;est effondr\u00e9 pr\u00e8s de Dacca au Bangladesh, tuant 1.129 travailleurs et travailleuses de la confection. Cet homicide industriel a pr\u00e9cipit\u00e9 les n\u00e9gociations sur un Accord contraignant portant sur les mesures de s\u00e9curit\u00e9 ayant trait aux incendies et aux b\u00e2timents au Bangladesh, avec \u00e0 leur t\u00eate IndustriALL et son organisation s\u0153ur UNI.<\/p><p>Apr\u00e8s les premi\u00e8res signatures appos\u00e9es par H&amp;M, Inditex et C&amp;A, plus de 100 marques et d\u00e9taillants de premier plan du monde entier ont sign\u00e9 cet Accord historique qui va permettre de rendre l&rsquo;industrie du v\u00eatement bangladaise s\u00fbre et soutenable par le biais d&rsquo;un projet sur cinq ans.<br \/>Les entreprises participantes se sont engag\u00e9es en faveur d&rsquo;inspections exhaustives, de la mise \u00e0 disposition de moyens pour les am\u00e9nagements des usines dangereuses ainsi que pour la formation des cadres et des travailleurs.<\/p><p>La route sera longue et sem\u00e9e d&rsquo;emb\u00fbches, comme le montrent les probl\u00e8mes dans les usines qui ont d\u00e9j\u00e0 \u00e9t\u00e9 identifi\u00e9es comme \u00e9tant dangereuses. Beaucoup de d\u00e9cisions difficiles et impopulaires nous attendent.<\/p><p>Mais nous devons en finir avec ces usines meurtri\u00e8res qui fabriquent des T-shirts bon march\u00e9 pour les consommateurs occidentaux. En fait, nous esp\u00e9rons que les n\u00e9gociations en cours sur les indemnit\u00e9s compensatoires pour Rana Plaza, Tazreen Fashions et Aswad puissent \u00eatre les derni\u00e8res.<\/p><p>IndustriALL va \u00e9galement continuer \u00e0 mettre la pression pour \u00e9lever le salaire mensuel minimum de 38 US$ vers un salaire viable, insister pour une r\u00e9forme de la l\u00e9gislation du travail conforme aux normes de l&rsquo;OIT et lancer un grand projet de syndicalisation en collaboration avec nos partenaires. Nous sommes d\u00e9termin\u00e9s \u00e0 faire tout ce qu&rsquo;il faut pour provoquer un changement en profondeur au Bangladesh.<\/p><p>Dans la r\u00e9gion Moyen-Orient et Afrique du Nord (MENA), IndustriALL soutient&nbsp; l&rsquo;av\u00e8nement et la croissance de syndicats libres et ind\u00e9pendants. Dans ce num\u00e9ro de Global Worker, nous vous expliquons comment.<br \/>En janvier 2011, le peuple tunisien a renvers\u00e9 le r\u00e9gime du pr\u00e9sident Ben-Ali dans un soul\u00e8vement qui a marqu\u00e9 le d\u00e9but du Printemps Arabe. De l&rsquo;agitation, des r\u00e9volutions et m\u00eames des guerres s&rsquo;en sont suivies dans diff\u00e9rents pays de la r\u00e9gion.<\/p><p>Ces peuples en avaient clairement assez de la pauvret\u00e9, du ch\u00f4mage, de l&rsquo;injustice sociale, de l&rsquo;absence de d\u00e9mocratie et de perspectives de vie meilleure. Ils \u00e9taient en col\u00e8re et sont descendus dans les rues pour exiger du changement.<br \/>Aujourd&rsquo;hui, plus de deux ans apr\u00e8s ce Printemps Arabe, nous avons vu des changements dans la r\u00e9gion Moyen-Orient et Afrique du Nord (MENA), mais aussi de profondes frustrations et d\u00e9sillusions parmi ces peuples en raison de leurs grandes attentes et des promesses bris\u00e9es. La dictature n&rsquo;est pas automatiquement suivie de la d\u00e9mocratie. Dans un certain nombre de pays, la libert\u00e9 d&rsquo;association est menac\u00e9e.<\/p><p>IndustriALL agit d\u00e8s lors tr\u00e8s concr\u00e8tement pour sauvegarder les droits syndicaux et aider les syndicats ind\u00e9pendants \u00e0 acqu\u00e9rir une capacit\u00e9 \u00e0 cro\u00eetre, en Egypte, en Irak, en Tunisie et ailleurs encore dans la r\u00e9gion.<br \/>Dans ce num\u00e9ro de Global Worker, nous d\u00e9non\u00e7ons les violations des droits de la&nbsp; personne et des droits syndicaux du g\u00e9ant minier Rio Tinto. IndustriALL b\u00e2ti un contre-pouvoir par le biais d&rsquo;un r\u00e9seau syndical international pour forcer l&rsquo;entreprise \u00e0 respecter ses travailleurs. La lutte pour la dignit\u00e9 de par le monde n&rsquo;a pas de fin.<\/p><p>Jyrki Raina<br \/>Secr\u00e9taire g\u00e9n\u00e9ral<br \/>&nbsp;<\/p>","protected":false},"featured_media":0,"template":"","issues":[396,408,416],"companies":[],"regions":[159,288],"sectors":[],"article_tags":[510],"class_list":["post-152601","article","type-article","status-publish","hentry","issues-building-strong-unions","issues-global-worker","issues-living-wage","regions-bangladesh","regions-middle-east-and-north-africa","article_tags-gs-corner"],"acf":[],"yoast_head":"<!-- This site is optimized with the Yoast SEO Premium plugin v27.1 (Yoast SEO v27.1) - https:\/\/yoast.com\/product\/yoast-seo-premium-wordpress\/ -->\n<title>JYRKI RAINA: Bienvenue dans ce num\u00e9ro de Global Worker - industriall-union<\/title>\n<meta name=\"description\" content=\"Jyrki Raina, IndustriALL Secr\u00e9taire G\u00e9n\u00e9ralNous sommes d\u00e9termin\u00e9s \u00e0 faire tout ce qu&rsquo;il faut pour provoquer un changement en profondeur au\" \/>\n<meta name=\"robots\" content=\"index, follow, max-snippet:-1, max-image-preview:large, max-video-preview:-1\" \/>\n<link rel=\"canonical\" href=\"https:\/\/admin.industriall-union.org\/fr\/jyrki-raina-bienvenue-dans-ce-numero-de-global-worker\/\" \/>\n<meta property=\"og:locale\" content=\"fr_FR\" \/>\n<meta property=\"og:type\" content=\"article\" \/>\n<meta property=\"og:title\" content=\"JYRKI RAINA: Bienvenue dans ce num\u00e9ro de Global Worker\" \/>\n<meta property=\"og:description\" content=\"Jyrki Raina, IndustriALL Secr\u00e9taire G\u00e9n\u00e9ralNous sommes d\u00e9termin\u00e9s \u00e0 faire tout ce qu&rsquo;il faut pour provoquer un changement en profondeur au\" \/>\n<meta property=\"og:url\" content=\"https:\/\/admin.industriall-union.org\/fr\/jyrki-raina-bienvenue-dans-ce-numero-de-global-worker\/\" \/>\n<meta property=\"og:site_name\" content=\"industriall-union\" \/>\n<meta property=\"article:modified_time\" content=\"2025-02-08T05:52:43+00:00\" \/>\n<meta name=\"twitter:card\" content=\"summary_large_image\" \/>\n<meta name=\"twitter:label1\" content=\"Est. reading time\" \/>\n\t<meta name=\"twitter:data1\" content=\"4 minutes\" \/>\n<script type=\"application\/ld+json\" class=\"yoast-schema-graph\">{\"@context\":\"https:\/\/schema.org\",\"@graph\":[{\"@type\":\"WebPage\",\"@id\":\"https:\/\/admin.industriall-union.org\/fr\/jyrki-raina-bienvenue-dans-ce-numero-de-global-worker\/\",\"url\":\"https:\/\/admin.industriall-union.org\/fr\/jyrki-raina-bienvenue-dans-ce-numero-de-global-worker\/\",\"name\":\"JYRKI RAINA: Bienvenue dans ce num\u00e9ro de Global Worker - industriall-union\",\"isPartOf\":{\"@id\":\"https:\/\/admin.industriall-union.org\/#website\"},\"datePublished\":\"2013-11-28T15:41:54+00:00\",\"dateModified\":\"2025-02-08T05:52:43+00:00\",\"description\":\"Jyrki Raina, IndustriALL Secr\u00e9taire G\u00e9n\u00e9ralNous sommes d\u00e9termin\u00e9s \u00e0 faire tout ce qu&rsquo;il faut pour provoquer un changement en profondeur au\",\"breadcrumb\":{\"@id\":\"https:\/\/admin.industriall-union.org\/fr\/jyrki-raina-bienvenue-dans-ce-numero-de-global-worker\/#breadcrumb\"},\"inLanguage\":\"fr-FR\",\"potentialAction\":[{\"@type\":\"ReadAction\",\"target\":[\"https:\/\/admin.industriall-union.org\/fr\/jyrki-raina-bienvenue-dans-ce-numero-de-global-worker\/\"]}]},{\"@type\":\"BreadcrumbList\",\"@id\":\"https:\/\/admin.industriall-union.org\/fr\/jyrki-raina-bienvenue-dans-ce-numero-de-global-worker\/#breadcrumb\",\"itemListElement\":[{\"@type\":\"ListItem\",\"position\":1,\"name\":\"Home\",\"item\":\"https:\/\/admin.industriall-union.org\/\"},{\"@type\":\"ListItem\",\"position\":2,\"name\":\"Articles\",\"item\":\"https:\/\/admin.industriall-union.org\/article\/\"},{\"@type\":\"ListItem\",\"position\":3,\"name\":\"JYRKI RAINA: Bienvenue dans ce num\u00e9ro de Global Worker\"}]},{\"@type\":\"WebSite\",\"@id\":\"https:\/\/admin.industriall-union.org\/#website\",\"url\":\"https:\/\/admin.industriall-union.org\/\",\"name\":\"industriall-union\",\"description\":\"\",\"potentialAction\":[{\"@type\":\"SearchAction\",\"target\":{\"@type\":\"EntryPoint\",\"urlTemplate\":\"https:\/\/admin.industriall-union.org\/?s={search_term_string}\"},\"query-input\":{\"@type\":\"PropertyValueSpecification\",\"valueRequired\":true,\"valueName\":\"search_term_string\"}}],\"inLanguage\":\"fr-FR\"}]}<\/script>\n<!-- \/ Yoast SEO Premium plugin. -->","yoast_head_json":{"title":"JYRKI RAINA: Bienvenue dans ce num\u00e9ro de Global Worker - industriall-union","description":"Jyrki Raina, IndustriALL Secr\u00e9taire G\u00e9n\u00e9ralNous sommes d\u00e9termin\u00e9s \u00e0 faire tout ce qu&rsquo;il faut pour provoquer un changement en profondeur au","robots":{"index":"index","follow":"follow","max-snippet":"max-snippet:-1","max-image-preview":"max-image-preview:large","max-video-preview":"max-video-preview:-1"},"canonical":"https:\/\/admin.industriall-union.org\/fr\/jyrki-raina-bienvenue-dans-ce-numero-de-global-worker\/","og_locale":"fr_FR","og_type":"article","og_title":"JYRKI RAINA: Bienvenue dans ce num\u00e9ro de Global Worker","og_description":"Jyrki Raina, IndustriALL Secr\u00e9taire G\u00e9n\u00e9ralNous sommes d\u00e9termin\u00e9s \u00e0 faire tout ce qu&rsquo;il faut pour provoquer un changement en profondeur au","og_url":"https:\/\/admin.industriall-union.org\/fr\/jyrki-raina-bienvenue-dans-ce-numero-de-global-worker\/","og_site_name":"industriall-union","article_modified_time":"2025-02-08T05:52:43+00:00","twitter_card":"summary_large_image","twitter_misc":{"Est. reading time":"4 minutes"},"schema":{"@context":"https:\/\/schema.org","@graph":[{"@type":"WebPage","@id":"https:\/\/admin.industriall-union.org\/fr\/jyrki-raina-bienvenue-dans-ce-numero-de-global-worker\/","url":"https:\/\/admin.industriall-union.org\/fr\/jyrki-raina-bienvenue-dans-ce-numero-de-global-worker\/","name":"JYRKI RAINA: Bienvenue dans ce num\u00e9ro de Global Worker - industriall-union","isPartOf":{"@id":"https:\/\/admin.industriall-union.org\/#website"},"datePublished":"2013-11-28T15:41:54+00:00","dateModified":"2025-02-08T05:52:43+00:00","description":"Jyrki Raina, IndustriALL Secr\u00e9taire G\u00e9n\u00e9ralNous sommes d\u00e9termin\u00e9s \u00e0 faire tout ce qu&rsquo;il faut pour provoquer un changement en profondeur au","breadcrumb":{"@id":"https:\/\/admin.industriall-union.org\/fr\/jyrki-raina-bienvenue-dans-ce-numero-de-global-worker\/#breadcrumb"},"inLanguage":"fr-FR","potentialAction":[{"@type":"ReadAction","target":["https:\/\/admin.industriall-union.org\/fr\/jyrki-raina-bienvenue-dans-ce-numero-de-global-worker\/"]}]},{"@type":"BreadcrumbList","@id":"https:\/\/admin.industriall-union.org\/fr\/jyrki-raina-bienvenue-dans-ce-numero-de-global-worker\/#breadcrumb","itemListElement":[{"@type":"ListItem","position":1,"name":"Home","item":"https:\/\/admin.industriall-union.org\/"},{"@type":"ListItem","position":2,"name":"Articles","item":"https:\/\/admin.industriall-union.org\/article\/"},{"@type":"ListItem","position":3,"name":"JYRKI RAINA: Bienvenue dans ce num\u00e9ro de Global Worker"}]},{"@type":"WebSite","@id":"https:\/\/admin.industriall-union.org\/#website","url":"https:\/\/admin.industriall-union.org\/","name":"industriall-union","description":"","potentialAction":[{"@type":"SearchAction","target":{"@type":"EntryPoint","urlTemplate":"https:\/\/admin.industriall-union.org\/?s={search_term_string}"},"query-input":{"@type":"PropertyValueSpecification","valueRequired":true,"valueName":"search_term_string"}}],"inLanguage":"fr-FR"}]}},"_links":{"self":[{"href":"https:\/\/admin.industriall-union.org\/fr\/wp-json\/wp\/v2\/article\/152601","targetHints":{"allow":["GET"]}}],"collection":[{"href":"https:\/\/admin.industriall-union.org\/fr\/wp-json\/wp\/v2\/article"}],"about":[{"href":"https:\/\/admin.industriall-union.org\/fr\/wp-json\/wp\/v2\/types\/article"}],"wp:attachment":[{"href":"https:\/\/admin.industriall-union.org\/fr\/wp-json\/wp\/v2\/media?parent=152601"}],"wp:term":[{"taxonomy":"issues","embeddable":true,"href":"https:\/\/admin.industriall-union.org\/fr\/wp-json\/wp\/v2\/issues?post=152601"},{"taxonomy":"companies","embeddable":true,"href":"https:\/\/admin.industriall-union.org\/fr\/wp-json\/wp\/v2\/companies?post=152601"},{"taxonomy":"regions","embeddable":true,"href":"https:\/\/admin.industriall-union.org\/fr\/wp-json\/wp\/v2\/regions?post=152601"},{"taxonomy":"sectors","embeddable":true,"href":"https:\/\/admin.industriall-union.org\/fr\/wp-json\/wp\/v2\/sectors?post=152601"},{"taxonomy":"article_tags","embeddable":true,"href":"https:\/\/admin.industriall-union.org\/fr\/wp-json\/wp\/v2\/article_tags?post=152601"}],"curies":[{"name":"wp","href":"https:\/\/api.w.org\/{rel}","templated":true}]}}