{"id":152593,"date":"2013-12-12T16:17:57","date_gmt":"2013-12-12T16:17:57","guid":{"rendered":"https:\/\/admin.industriall-union.org\/revision-par-le-comite-des-femmes-de-industriall-de-la-participation-des-femmes-aux-reunion-sectorielles\/"},"modified":"2025-02-08T05:37:47","modified_gmt":"2025-02-08T05:37:47","slug":"revision-par-le-comite-des-femmes-de-industriall-de-la-participation-des-femmes-aux-reunion-sectorielles","status":"publish","type":"article","link":"https:\/\/admin.industriall-union.org\/fr\/revision-par-le-comite-des-femmes-de-industriall-de-la-participation-des-femmes-aux-reunion-sectorielles\/","title":{"rendered":"R\u00e9vision par le Comit\u00e9 des femmes de IndustriALL de la participation des femmes aux r\u00e9union sectorielles"},"content":{"rendered":"<p>Le Comit\u00e9 en est arriv\u00e9 \u00e0 la conclusion que des mesures draconiennes doivent \u00eatre prises pour redresser la situation et am\u00e9liorer la participation des femmes pauvres aux r\u00e9unions de IndustriALL. Cette conclusion a \u00e9t\u00e9 suivie par le secr\u00e9taire g\u00e9n\u00e9ral, Jyrki Raina, de m\u00eame que par le Comit\u00e9 ex\u00e9cutif qui s&rsquo;est r\u00e9uni les deux jours suivants.<\/p><p>La r\u00e9union se d\u00e9roulait dans le contexte des 16 journ\u00e9es organis\u00e9es pour combattre la violence \u00e0 l&rsquo;\u00e9gard des femmes et des enfants. Ce combat devrait \u00eatre men\u00e9 365 jours par an. Dans le secteur minier, les femmes qui travaillent sous terre sont particuli\u00e8rement vuln\u00e9rables. &ldquo;Nous devons mettre au point de bonnes pratiques permettant de prendre des mesures contre la violence. En plus, nous devons syndiquer les femmes autour de leurs priorit\u00e9s, dont l&rsquo;une est la violence,&rdquo; a d\u00e9clar\u00e9 Carol Bruce, directrice du d\u00e9partement des travailleuses et des non-manuels de IndustriALL.<\/p><p>Jyrki Raina a rendu compte des tendances au sein de IndustriALL dont plusieurs touchent les femmes, notamment les travailleuses au Bangladesh. Des structures propres aux femmes ont \u00e9t\u00e9 mises en place dans les r\u00e9gions en 2013. Le secr\u00e9taire g\u00e9n\u00e9ral a donn\u00e9 lecture de l&rsquo;accord politique obtenu au Congr\u00e8s fondateur en 2012, o\u00f9 il \u00e9tait question d&rsquo;am\u00e9liorer la repr\u00e9sentation des femmes \u00e0 tous les niveaux pour le prochain congr\u00e8s.<\/p><p>La pierre d&rsquo;achoppement sur la repr\u00e9sentation des femmes porte sur la question des pr\u00e9sidences sectorielles. En attendant, il a \u00e9t\u00e9 \u00e9tabli que chaque conf\u00e9rence sectorielle devait \u00e9lire une co-pr\u00e9sidence pour le secteur avec une femme et un homme. Il s&rsquo;agit d&rsquo;un petit pas vers une am\u00e9lioration de la repr\u00e9sentation des femmes aux r\u00e9unions sectorielles. Le si\u00e8ge de IndustriALL doit \u00e9galement contr\u00f4ler les enregistrements et rejeter les d\u00e9l\u00e9gations dans lesquelles il n&rsquo;y a pas de femmes. Il sera \u00e9galement tenu compte de l&rsquo;\u00e9quilibre entre femmes et hommes pour l&rsquo;attribution d&rsquo;un soutien financier. L&rsquo;une des possibilit\u00e9s consiste \u00e0 appliquer aux autres r\u00e9unions les dispositions des Statuts pr\u00e9vues pour le Congr\u00e8s, soit un quota de 30 pour cent qui devrait s&rsquo;appliquer partout, m\u00eame dans les pays d\u00e9velopp\u00e9s.<\/p><p>Des statistiques ont \u00e9t\u00e9 pr\u00e9sent\u00e9es sur la repr\u00e9sentation des femmes dans les r\u00e9unions sectorielles, les conf\u00e9rences et les r\u00e9seaux. Les femmes d\u00e9sapprouvent les chiffres pr\u00e9sent\u00e9s dans ce rapport . Dans beaucoup de r\u00e9unions en 2013, une seule femme \u00e9tait pr\u00e9sente, et leur pourcentage dans d&rsquo;autres r\u00e9unions \u00e9tait souvent inf\u00e9rieur \u00e0 10 pour cent. Les femmes exigent un audit consacr\u00e9 \u00e0 l&rsquo;ensemble de l&rsquo;organisation pour conna\u00eetre la pr\u00e9sence de dirigeantes \u00e0 tous les niveaux. Il sera \u00e9galement demand\u00e9 \u00e0 un groupe de travail d&rsquo;examiner la question de la repr\u00e9sentation des femmes. La CSI sera invit\u00e9e \u00e0 faire un expos\u00e9 \u00e0 la prochaine r\u00e9union sur le r\u00e9sultat de ses r\u00e9glementations sur la parit\u00e9 entre femmes et hommes.<\/p><p>Des conf\u00e9rences r\u00e9gionales se tiendront en 2014 dans les diff\u00e9rentes r\u00e9gions de IndustriALL. Elles auront pour th\u00e8me &ldquo;<em>Travailleuses: s\u00e9curit\u00e9 et dignit\u00e9 dans le travail &rdquo;<\/em>. L&rsquo;envoi d&rsquo;une autre proposition de th\u00e8me doit se faire avant le 15 f\u00e9vrier 2014. La proposition sur l&rsquo;engagement d&rsquo;une action de soutien aux femmes concerne la solidarit\u00e9 port\u00e9e aux femmes \u00e9gyptiennes. Une information compl\u00e9mentaire concernant les femmes \u00e9gyptiennes et leur combat sera fournie d&rsquo;ici le 1<sup>er<\/sup> f\u00e9vrier 2014 afin que des messages puissent \u00eatre envoy\u00e9s pour le 8 mars.<\/p><p>Les femmes ont \u00e9t\u00e9 invit\u00e9es \u00e0 Vienne, Autriche, pour la conf\u00e9rence mondiale des femmes en 2015. Une date appropri\u00e9e devra \u00eatre fix\u00e9e, soit en mai soit en octobre. Le titre propos\u00e9 de la conf\u00e9rence est <em>&ldquo;Transformation des structures sous la direction des femmes&rdquo;.<\/em> D&rsquo;autres propositions pourront \u00eatre faites d&rsquo;ici le 1<sup>er<\/sup> mars 2014.<\/p><p>Des rapports ont \u00e9t\u00e9 pr\u00e9sent\u00e9s sur les travaux men\u00e9s dans les domaines du salaire minimum vital, de l&rsquo;emploi pr\u00e9caire, de la protection de la maternit\u00e9 et de la violence. Compte tenu des longues discussions qui eurent lieu lors de la r\u00e9union, des doutes ont \u00e9t\u00e9 exprim\u00e9s pour savoir si une demi-journ\u00e9e \u00e9tait suffisante pour rendre justice aux pr\u00e9occupations des femmes.<\/p><p>Dans tous ces travaux, l&rsquo;objectif fix\u00e9 d&rsquo;une plus forte pr\u00e9sence des femmes au Congr\u00e8s et dans toutes les autres activit\u00e9s de IndustriALL, s&rsquo;est rapproch\u00e9 de son point d&rsquo;ex\u00e9cution.<\/p>","protected":false},"featured_media":0,"template":"","issues":[397],"companies":[],"regions":[248],"sectors":[],"article_tags":[],"class_list":["post-152593","article","type-article","status-publish","hentry","issues-women","regions-switzerland"],"acf":[],"yoast_head":"<!-- This site is optimized with the Yoast SEO Premium plugin v27.1 (Yoast SEO v27.1) - https:\/\/yoast.com\/product\/yoast-seo-premium-wordpress\/ -->\n<title>R\u00e9vision par le Comit\u00e9 des femmes de IndustriALL de la participation des femmes aux r\u00e9union sectorielles - industriall-union<\/title>\n<meta name=\"description\" content=\"Le Comit\u00e9 en est arriv\u00e9 \u00e0 la conclusion que des mesures draconiennes doivent \u00eatre prises pour redresser la situation et am\u00e9liorer la participation des\" \/>\n<meta name=\"robots\" content=\"index, follow, max-snippet:-1, max-image-preview:large, max-video-preview:-1\" \/>\n<link rel=\"canonical\" href=\"https:\/\/admin.industriall-union.org\/fr\/revision-par-le-comite-des-femmes-de-industriall-de-la-participation-des-femmes-aux-reunion-sectorielles\/\" \/>\n<meta property=\"og:locale\" content=\"fr_FR\" \/>\n<meta property=\"og:type\" content=\"article\" \/>\n<meta property=\"og:title\" content=\"R\u00e9vision par le Comit\u00e9 des femmes de IndustriALL de la participation des femmes aux r\u00e9union sectorielles\" \/>\n<meta property=\"og:description\" content=\"Le Comit\u00e9 en est arriv\u00e9 \u00e0 la conclusion que des mesures draconiennes doivent \u00eatre prises pour redresser la situation et am\u00e9liorer la participation des\" \/>\n<meta property=\"og:url\" content=\"https:\/\/admin.industriall-union.org\/fr\/revision-par-le-comite-des-femmes-de-industriall-de-la-participation-des-femmes-aux-reunion-sectorielles\/\" \/>\n<meta property=\"og:site_name\" content=\"industriall-union\" \/>\n<meta property=\"article:modified_time\" content=\"2025-02-08T05:37:47+00:00\" \/>\n<meta name=\"twitter:card\" content=\"summary_large_image\" \/>\n<meta name=\"twitter:label1\" content=\"Est. reading time\" \/>\n\t<meta name=\"twitter:data1\" content=\"4 minutes\" \/>\n<script type=\"application\/ld+json\" class=\"yoast-schema-graph\">{\"@context\":\"https:\/\/schema.org\",\"@graph\":[{\"@type\":\"WebPage\",\"@id\":\"https:\/\/admin.industriall-union.org\/fr\/revision-par-le-comite-des-femmes-de-industriall-de-la-participation-des-femmes-aux-reunion-sectorielles\/\",\"url\":\"https:\/\/admin.industriall-union.org\/fr\/revision-par-le-comite-des-femmes-de-industriall-de-la-participation-des-femmes-aux-reunion-sectorielles\/\",\"name\":\"R\u00e9vision par le Comit\u00e9 des femmes de IndustriALL de la participation des femmes aux r\u00e9union sectorielles - industriall-union\",\"isPartOf\":{\"@id\":\"https:\/\/admin.industriall-union.org\/#website\"},\"datePublished\":\"2013-12-12T16:17:57+00:00\",\"dateModified\":\"2025-02-08T05:37:47+00:00\",\"description\":\"Le Comit\u00e9 en est arriv\u00e9 \u00e0 la conclusion que des mesures draconiennes doivent \u00eatre prises pour redresser la situation et am\u00e9liorer la participation des\",\"breadcrumb\":{\"@id\":\"https:\/\/admin.industriall-union.org\/fr\/revision-par-le-comite-des-femmes-de-industriall-de-la-participation-des-femmes-aux-reunion-sectorielles\/#breadcrumb\"},\"inLanguage\":\"fr-FR\",\"potentialAction\":[{\"@type\":\"ReadAction\",\"target\":[\"https:\/\/admin.industriall-union.org\/fr\/revision-par-le-comite-des-femmes-de-industriall-de-la-participation-des-femmes-aux-reunion-sectorielles\/\"]}]},{\"@type\":\"BreadcrumbList\",\"@id\":\"https:\/\/admin.industriall-union.org\/fr\/revision-par-le-comite-des-femmes-de-industriall-de-la-participation-des-femmes-aux-reunion-sectorielles\/#breadcrumb\",\"itemListElement\":[{\"@type\":\"ListItem\",\"position\":1,\"name\":\"Home\",\"item\":\"https:\/\/admin.industriall-union.org\/\"},{\"@type\":\"ListItem\",\"position\":2,\"name\":\"Articles\",\"item\":\"https:\/\/admin.industriall-union.org\/article\/\"},{\"@type\":\"ListItem\",\"position\":3,\"name\":\"R\u00e9vision par le Comit\u00e9 des femmes de IndustriALL de la participation des femmes aux r\u00e9union sectorielles\"}]},{\"@type\":\"WebSite\",\"@id\":\"https:\/\/admin.industriall-union.org\/#website\",\"url\":\"https:\/\/admin.industriall-union.org\/\",\"name\":\"industriall-union\",\"description\":\"\",\"potentialAction\":[{\"@type\":\"SearchAction\",\"target\":{\"@type\":\"EntryPoint\",\"urlTemplate\":\"https:\/\/admin.industriall-union.org\/?s={search_term_string}\"},\"query-input\":{\"@type\":\"PropertyValueSpecification\",\"valueRequired\":true,\"valueName\":\"search_term_string\"}}],\"inLanguage\":\"fr-FR\"}]}<\/script>\n<!-- \/ Yoast SEO Premium plugin. -->","yoast_head_json":{"title":"R\u00e9vision par le Comit\u00e9 des femmes de IndustriALL de la participation des femmes aux r\u00e9union sectorielles - industriall-union","description":"Le Comit\u00e9 en est arriv\u00e9 \u00e0 la conclusion que des mesures draconiennes doivent \u00eatre prises pour redresser la situation et am\u00e9liorer la participation des","robots":{"index":"index","follow":"follow","max-snippet":"max-snippet:-1","max-image-preview":"max-image-preview:large","max-video-preview":"max-video-preview:-1"},"canonical":"https:\/\/admin.industriall-union.org\/fr\/revision-par-le-comite-des-femmes-de-industriall-de-la-participation-des-femmes-aux-reunion-sectorielles\/","og_locale":"fr_FR","og_type":"article","og_title":"R\u00e9vision par le Comit\u00e9 des femmes de IndustriALL de la participation des femmes aux r\u00e9union sectorielles","og_description":"Le Comit\u00e9 en est arriv\u00e9 \u00e0 la conclusion que des mesures draconiennes doivent \u00eatre prises pour redresser la situation et am\u00e9liorer la participation des","og_url":"https:\/\/admin.industriall-union.org\/fr\/revision-par-le-comite-des-femmes-de-industriall-de-la-participation-des-femmes-aux-reunion-sectorielles\/","og_site_name":"industriall-union","article_modified_time":"2025-02-08T05:37:47+00:00","twitter_card":"summary_large_image","twitter_misc":{"Est. reading time":"4 minutes"},"schema":{"@context":"https:\/\/schema.org","@graph":[{"@type":"WebPage","@id":"https:\/\/admin.industriall-union.org\/fr\/revision-par-le-comite-des-femmes-de-industriall-de-la-participation-des-femmes-aux-reunion-sectorielles\/","url":"https:\/\/admin.industriall-union.org\/fr\/revision-par-le-comite-des-femmes-de-industriall-de-la-participation-des-femmes-aux-reunion-sectorielles\/","name":"R\u00e9vision par le Comit\u00e9 des femmes de IndustriALL de la participation des femmes aux r\u00e9union sectorielles - industriall-union","isPartOf":{"@id":"https:\/\/admin.industriall-union.org\/#website"},"datePublished":"2013-12-12T16:17:57+00:00","dateModified":"2025-02-08T05:37:47+00:00","description":"Le Comit\u00e9 en est arriv\u00e9 \u00e0 la conclusion que des mesures draconiennes doivent \u00eatre prises pour redresser la situation et am\u00e9liorer la participation des","breadcrumb":{"@id":"https:\/\/admin.industriall-union.org\/fr\/revision-par-le-comite-des-femmes-de-industriall-de-la-participation-des-femmes-aux-reunion-sectorielles\/#breadcrumb"},"inLanguage":"fr-FR","potentialAction":[{"@type":"ReadAction","target":["https:\/\/admin.industriall-union.org\/fr\/revision-par-le-comite-des-femmes-de-industriall-de-la-participation-des-femmes-aux-reunion-sectorielles\/"]}]},{"@type":"BreadcrumbList","@id":"https:\/\/admin.industriall-union.org\/fr\/revision-par-le-comite-des-femmes-de-industriall-de-la-participation-des-femmes-aux-reunion-sectorielles\/#breadcrumb","itemListElement":[{"@type":"ListItem","position":1,"name":"Home","item":"https:\/\/admin.industriall-union.org\/"},{"@type":"ListItem","position":2,"name":"Articles","item":"https:\/\/admin.industriall-union.org\/article\/"},{"@type":"ListItem","position":3,"name":"R\u00e9vision par le Comit\u00e9 des femmes de IndustriALL de la participation des femmes aux r\u00e9union sectorielles"}]},{"@type":"WebSite","@id":"https:\/\/admin.industriall-union.org\/#website","url":"https:\/\/admin.industriall-union.org\/","name":"industriall-union","description":"","potentialAction":[{"@type":"SearchAction","target":{"@type":"EntryPoint","urlTemplate":"https:\/\/admin.industriall-union.org\/?s={search_term_string}"},"query-input":{"@type":"PropertyValueSpecification","valueRequired":true,"valueName":"search_term_string"}}],"inLanguage":"fr-FR"}]}},"_links":{"self":[{"href":"https:\/\/admin.industriall-union.org\/fr\/wp-json\/wp\/v2\/article\/152593","targetHints":{"allow":["GET"]}}],"collection":[{"href":"https:\/\/admin.industriall-union.org\/fr\/wp-json\/wp\/v2\/article"}],"about":[{"href":"https:\/\/admin.industriall-union.org\/fr\/wp-json\/wp\/v2\/types\/article"}],"wp:attachment":[{"href":"https:\/\/admin.industriall-union.org\/fr\/wp-json\/wp\/v2\/media?parent=152593"}],"wp:term":[{"taxonomy":"issues","embeddable":true,"href":"https:\/\/admin.industriall-union.org\/fr\/wp-json\/wp\/v2\/issues?post=152593"},{"taxonomy":"companies","embeddable":true,"href":"https:\/\/admin.industriall-union.org\/fr\/wp-json\/wp\/v2\/companies?post=152593"},{"taxonomy":"regions","embeddable":true,"href":"https:\/\/admin.industriall-union.org\/fr\/wp-json\/wp\/v2\/regions?post=152593"},{"taxonomy":"sectors","embeddable":true,"href":"https:\/\/admin.industriall-union.org\/fr\/wp-json\/wp\/v2\/sectors?post=152593"},{"taxonomy":"article_tags","embeddable":true,"href":"https:\/\/admin.industriall-union.org\/fr\/wp-json\/wp\/v2\/article_tags?post=152593"}],"curies":[{"name":"wp","href":"https:\/\/api.w.org\/{rel}","templated":true}]}}