{"id":152590,"date":"2013-12-16T15:06:06","date_gmt":"2013-12-16T15:06:06","guid":{"rendered":"https:\/\/admin.industriall-union.org\/dernier-appel-avant-noel-aux-supermarches-suisses-pour-la-signature-de-l-039-accord\/"},"modified":"2025-02-08T05:35:17","modified_gmt":"2025-02-08T05:35:17","slug":"dernier-appel-avant-noel-aux-supermarches-suisses-pour-la-signature-de-l-039-accord","status":"publish","type":"article","link":"https:\/\/admin.industriall-union.org\/fr\/dernier-appel-avant-noel-aux-supermarches-suisses-pour-la-signature-de-l-039-accord\/","title":{"rendered":"Dernier appel, avant No\u00ebl, aux supermarch\u00e9s suisses pour la signature de l&#039;Accord"},"content":{"rendered":"<p>Plus de 120 marques internationales ont sign\u00e9 ce document juridiquement contraignant qui apportera s\u00e9curit\u00e9 et durabilit\u00e9 au secteur bangladais de l&#039;habillement apr\u00e8s une s\u00e9rie de trag\u00e9dies meurtri\u00e8res. Or, les deux g\u00e9ants suisses du commerce refusent d&#039;ajouter leurs noms \u00e0 une liste o\u00f9 figurent plusieurs cha\u00eenes mondiales de supermarch\u00e9s.<\/p><p>En avril, plus de 1.100 travailleuses et travailleurs de l&#039;habillement ont p\u00e9ri dans l&#039;effondrement de l&#039;immeuble-atelier Rana Plaza, pr\u00e8s de la capitale Dacca. Cette catastrophe est \u00e0 l&#039;origine de l&#039; Accord sur l&#039;incendie et la s\u00e9curit\u00e9 des b\u00e2timents au Bangladesh, lanc\u00e9 par IndustriALL Global et UNI et qui couvre maintenant plus de 1.800 usines et de 2 millions de travailleurs.<\/p><p>Jyrki Raina et Philip Jennings, les Secr\u00e9taires g\u00e9n\u00e9raux d&#039;IndustriALL et UNI Global Union respectivement, \u00e9taient accompagn\u00e9s de leur homologue de la CSI, Sharan Burrow, lors d&#039;une action de protestation devant un magasin Migros, \u00e0 Nyon.<\/p><p>&quot;Nous sommes \u00e0 huit jours de la No\u00ebl, mais cela fait maintenant huit mois que s&#039;est produite la trag\u00e9die qui a co\u00fbt\u00e9 la vie \u00e0 plus d&#039;un millier de personnes au Bangladesh&quot;, a d\u00e9clar\u00e9 Philip Jennings.<\/p><p>&quot;Nous voulons donner \u00e0 Migros et Coop une derni\u00e8re chance de faire ce qu&#039;il faut et de signer l&#039;accord avant le Nouvel-An. Il est temps de faire passer l&#039;humanit\u00e9 avant le profit.&quot;<\/p><p>Pour sa part, Jyrki Raina a d\u00e9clar\u00e9 &quot;Nous nous sommes d\u00e9battus pour que des marques du monde entier signent cet accord et nous nous f\u00e9licitons du r\u00e9sultat obtenu. Mais, si on regarde chez nous, chez les marques suisses qui se fournissent au Bangladesh, on constate h\u00e9las que les plus grands noms sont absents.&quot;<\/p><p>Pour la Secr\u00e9taire g\u00e9n\u00e9rale de la CSI, Sharan Burrow, &quot;Les P-DG de toute une s\u00e9rie de grandes marques mondiales ont ajout\u00e9 leurs noms au bas de cet accord qui fera changer les choses dans la s\u00e9curit\u00e9 des usines au Bangladesh.<\/p><p>&quot;Ceux qui n&#039;ont pas sign\u00e9 restent dans l&#039;ombre. Ils refusent de montrer qu&#039;ils se soucient de leurs travailleurs ou de leurs cha\u00eenes d&#039;approvisionnement, et ils devraient faire le n\u00e9cessaire pour y rem\u00e9dier sans retard.&quot;<\/p><p>Dans des lettres adress\u00e9es aux P-DG de Migros et Coop, Philip Jennings et Jyrki Raina ont \u00e9crit : &quot;Nous nous adressons \u00e0 vous pour vous demander de vous joindre \u00e0 plus de 120 de marques mondiales dans un mouvement sans pr\u00e9c\u00e9dent destin\u00e9 \u00e0 am\u00e9liorer les conditions de travail et la s\u00e9curit\u00e9 des travailleuses et travailleurs de l&#039;habillement du Bangladesh o\u00f9 vos organisations s&#039;approvisionnent en partie.<\/p><blockquote><p>Cet accord a d\u00e9j\u00e0 fait bouger les choses dans le domaine de la s\u00e9curit\u00e9 des usines. Parmi les grands noms de la distribution mondiale qui l&#039;ont sign\u00e9 et participent activement \u00e0 sa mise en \u0153uvre, on trouve Carrefour, Tesco, Sainsbury, Lidl et d&#039;autres encore. Aujourd&#039;hui, nous demandons \u00e0 Coop et Migros de faire de m\u00eame.<\/p><\/blockquote>","protected":false},"featured_media":0,"template":"","issues":[414],"companies":[],"regions":[248],"sectors":[468],"article_tags":[],"class_list":["post-152590","article","type-article","status-publish","hentry","issues-action-on-bangladesh","regions-switzerland","sectors-textile-industry"],"acf":[],"yoast_head":"<!-- This site is optimized with the Yoast SEO Premium plugin v27.1 (Yoast SEO v27.1) - https:\/\/yoast.com\/product\/yoast-seo-premium-wordpress\/ -->\n<title>Dernier appel, avant No\u00ebl, aux supermarch\u00e9s suisses pour la signature de l&#039;Accord - industriall-union<\/title>\n<meta name=\"description\" content=\"Plus de 120 marques internationales ont sign\u00e9 ce document juridiquement contraignant qui apportera s\u00e9curit\u00e9 et durabilit\u00e9 au secteur bangladais de\" \/>\n<meta name=\"robots\" content=\"index, follow, max-snippet:-1, max-image-preview:large, max-video-preview:-1\" \/>\n<link rel=\"canonical\" href=\"https:\/\/admin.industriall-union.org\/fr\/dernier-appel-avant-noel-aux-supermarches-suisses-pour-la-signature-de-l-039-accord\/\" \/>\n<meta property=\"og:locale\" content=\"fr_FR\" \/>\n<meta property=\"og:type\" content=\"article\" \/>\n<meta property=\"og:title\" content=\"Dernier appel, avant No\u00ebl, aux supermarch\u00e9s suisses pour la signature de l&#039;Accord\" \/>\n<meta property=\"og:description\" content=\"Plus de 120 marques internationales ont sign\u00e9 ce document juridiquement contraignant qui apportera s\u00e9curit\u00e9 et durabilit\u00e9 au secteur bangladais de\" \/>\n<meta property=\"og:url\" content=\"https:\/\/admin.industriall-union.org\/fr\/dernier-appel-avant-noel-aux-supermarches-suisses-pour-la-signature-de-l-039-accord\/\" \/>\n<meta property=\"og:site_name\" content=\"industriall-union\" \/>\n<meta property=\"article:modified_time\" content=\"2025-02-08T05:35:17+00:00\" \/>\n<meta name=\"twitter:card\" content=\"summary_large_image\" \/>\n<meta name=\"twitter:label1\" content=\"Est. reading time\" \/>\n\t<meta name=\"twitter:data1\" content=\"3 minutes\" \/>\n<script type=\"application\/ld+json\" class=\"yoast-schema-graph\">{\"@context\":\"https:\/\/schema.org\",\"@graph\":[{\"@type\":\"WebPage\",\"@id\":\"https:\/\/admin.industriall-union.org\/fr\/dernier-appel-avant-noel-aux-supermarches-suisses-pour-la-signature-de-l-039-accord\/\",\"url\":\"https:\/\/admin.industriall-union.org\/fr\/dernier-appel-avant-noel-aux-supermarches-suisses-pour-la-signature-de-l-039-accord\/\",\"name\":\"Dernier appel, avant No\u00ebl, aux supermarch\u00e9s suisses pour la signature de l&#039;Accord - industriall-union\",\"isPartOf\":{\"@id\":\"https:\/\/admin.industriall-union.org\/#website\"},\"datePublished\":\"2013-12-16T15:06:06+00:00\",\"dateModified\":\"2025-02-08T05:35:17+00:00\",\"description\":\"Plus de 120 marques internationales ont sign\u00e9 ce document juridiquement contraignant qui apportera s\u00e9curit\u00e9 et durabilit\u00e9 au secteur bangladais de\",\"breadcrumb\":{\"@id\":\"https:\/\/admin.industriall-union.org\/fr\/dernier-appel-avant-noel-aux-supermarches-suisses-pour-la-signature-de-l-039-accord\/#breadcrumb\"},\"inLanguage\":\"fr-FR\",\"potentialAction\":[{\"@type\":\"ReadAction\",\"target\":[\"https:\/\/admin.industriall-union.org\/fr\/dernier-appel-avant-noel-aux-supermarches-suisses-pour-la-signature-de-l-039-accord\/\"]}]},{\"@type\":\"BreadcrumbList\",\"@id\":\"https:\/\/admin.industriall-union.org\/fr\/dernier-appel-avant-noel-aux-supermarches-suisses-pour-la-signature-de-l-039-accord\/#breadcrumb\",\"itemListElement\":[{\"@type\":\"ListItem\",\"position\":1,\"name\":\"Home\",\"item\":\"https:\/\/admin.industriall-union.org\/\"},{\"@type\":\"ListItem\",\"position\":2,\"name\":\"Articles\",\"item\":\"https:\/\/admin.industriall-union.org\/article\/\"},{\"@type\":\"ListItem\",\"position\":3,\"name\":\"Dernier appel, avant No\u00ebl, aux supermarch\u00e9s suisses pour la signature de l&#039;Accord\"}]},{\"@type\":\"WebSite\",\"@id\":\"https:\/\/admin.industriall-union.org\/#website\",\"url\":\"https:\/\/admin.industriall-union.org\/\",\"name\":\"industriall-union\",\"description\":\"\",\"potentialAction\":[{\"@type\":\"SearchAction\",\"target\":{\"@type\":\"EntryPoint\",\"urlTemplate\":\"https:\/\/admin.industriall-union.org\/?s={search_term_string}\"},\"query-input\":{\"@type\":\"PropertyValueSpecification\",\"valueRequired\":true,\"valueName\":\"search_term_string\"}}],\"inLanguage\":\"fr-FR\"}]}<\/script>\n<!-- \/ Yoast SEO Premium plugin. -->","yoast_head_json":{"title":"Dernier appel, avant No\u00ebl, aux supermarch\u00e9s suisses pour la signature de l&#039;Accord - industriall-union","description":"Plus de 120 marques internationales ont sign\u00e9 ce document juridiquement contraignant qui apportera s\u00e9curit\u00e9 et durabilit\u00e9 au secteur bangladais de","robots":{"index":"index","follow":"follow","max-snippet":"max-snippet:-1","max-image-preview":"max-image-preview:large","max-video-preview":"max-video-preview:-1"},"canonical":"https:\/\/admin.industriall-union.org\/fr\/dernier-appel-avant-noel-aux-supermarches-suisses-pour-la-signature-de-l-039-accord\/","og_locale":"fr_FR","og_type":"article","og_title":"Dernier appel, avant No\u00ebl, aux supermarch\u00e9s suisses pour la signature de l&#039;Accord","og_description":"Plus de 120 marques internationales ont sign\u00e9 ce document juridiquement contraignant qui apportera s\u00e9curit\u00e9 et durabilit\u00e9 au secteur bangladais de","og_url":"https:\/\/admin.industriall-union.org\/fr\/dernier-appel-avant-noel-aux-supermarches-suisses-pour-la-signature-de-l-039-accord\/","og_site_name":"industriall-union","article_modified_time":"2025-02-08T05:35:17+00:00","twitter_card":"summary_large_image","twitter_misc":{"Est. reading time":"3 minutes"},"schema":{"@context":"https:\/\/schema.org","@graph":[{"@type":"WebPage","@id":"https:\/\/admin.industriall-union.org\/fr\/dernier-appel-avant-noel-aux-supermarches-suisses-pour-la-signature-de-l-039-accord\/","url":"https:\/\/admin.industriall-union.org\/fr\/dernier-appel-avant-noel-aux-supermarches-suisses-pour-la-signature-de-l-039-accord\/","name":"Dernier appel, avant No\u00ebl, aux supermarch\u00e9s suisses pour la signature de l&#039;Accord - industriall-union","isPartOf":{"@id":"https:\/\/admin.industriall-union.org\/#website"},"datePublished":"2013-12-16T15:06:06+00:00","dateModified":"2025-02-08T05:35:17+00:00","description":"Plus de 120 marques internationales ont sign\u00e9 ce document juridiquement contraignant qui apportera s\u00e9curit\u00e9 et durabilit\u00e9 au secteur bangladais de","breadcrumb":{"@id":"https:\/\/admin.industriall-union.org\/fr\/dernier-appel-avant-noel-aux-supermarches-suisses-pour-la-signature-de-l-039-accord\/#breadcrumb"},"inLanguage":"fr-FR","potentialAction":[{"@type":"ReadAction","target":["https:\/\/admin.industriall-union.org\/fr\/dernier-appel-avant-noel-aux-supermarches-suisses-pour-la-signature-de-l-039-accord\/"]}]},{"@type":"BreadcrumbList","@id":"https:\/\/admin.industriall-union.org\/fr\/dernier-appel-avant-noel-aux-supermarches-suisses-pour-la-signature-de-l-039-accord\/#breadcrumb","itemListElement":[{"@type":"ListItem","position":1,"name":"Home","item":"https:\/\/admin.industriall-union.org\/"},{"@type":"ListItem","position":2,"name":"Articles","item":"https:\/\/admin.industriall-union.org\/article\/"},{"@type":"ListItem","position":3,"name":"Dernier appel, avant No\u00ebl, aux supermarch\u00e9s suisses pour la signature de l&#039;Accord"}]},{"@type":"WebSite","@id":"https:\/\/admin.industriall-union.org\/#website","url":"https:\/\/admin.industriall-union.org\/","name":"industriall-union","description":"","potentialAction":[{"@type":"SearchAction","target":{"@type":"EntryPoint","urlTemplate":"https:\/\/admin.industriall-union.org\/?s={search_term_string}"},"query-input":{"@type":"PropertyValueSpecification","valueRequired":true,"valueName":"search_term_string"}}],"inLanguage":"fr-FR"}]}},"_links":{"self":[{"href":"https:\/\/admin.industriall-union.org\/fr\/wp-json\/wp\/v2\/article\/152590","targetHints":{"allow":["GET"]}}],"collection":[{"href":"https:\/\/admin.industriall-union.org\/fr\/wp-json\/wp\/v2\/article"}],"about":[{"href":"https:\/\/admin.industriall-union.org\/fr\/wp-json\/wp\/v2\/types\/article"}],"wp:attachment":[{"href":"https:\/\/admin.industriall-union.org\/fr\/wp-json\/wp\/v2\/media?parent=152590"}],"wp:term":[{"taxonomy":"issues","embeddable":true,"href":"https:\/\/admin.industriall-union.org\/fr\/wp-json\/wp\/v2\/issues?post=152590"},{"taxonomy":"companies","embeddable":true,"href":"https:\/\/admin.industriall-union.org\/fr\/wp-json\/wp\/v2\/companies?post=152590"},{"taxonomy":"regions","embeddable":true,"href":"https:\/\/admin.industriall-union.org\/fr\/wp-json\/wp\/v2\/regions?post=152590"},{"taxonomy":"sectors","embeddable":true,"href":"https:\/\/admin.industriall-union.org\/fr\/wp-json\/wp\/v2\/sectors?post=152590"},{"taxonomy":"article_tags","embeddable":true,"href":"https:\/\/admin.industriall-union.org\/fr\/wp-json\/wp\/v2\/article_tags?post=152590"}],"curies":[{"name":"wp","href":"https:\/\/api.w.org\/{rel}","templated":true}]}}