{"id":152581,"date":"2013-12-27T08:09:00","date_gmt":"2013-12-27T08:09:00","guid":{"rendered":"https:\/\/admin.industriall-union.org\/glencore-xstrata-egale-a-elle-meme-au-perou\/"},"modified":"2025-02-08T05:22:49","modified_gmt":"2025-02-08T05:22:49","slug":"glencore-xstrata-egale-a-elle-meme-au-perou","status":"publish","type":"article","link":"https:\/\/admin.industriall-union.org\/fr\/glencore-xstrata-egale-a-elle-meme-au-perou\/","title":{"rendered":"Glencore Xstrata \u00e9gale \u00e0 elle-m\u00eame au P\u00e9rou"},"content":{"rendered":"<p>Les relations du travail se sont d\u00e9grad\u00e9es apr\u00e8s que Xstrata ait rachet\u00e9 l&#039;entreprise et annonc\u00e9 aux 450 techniciens et employ\u00e9s qu&#039;ils occupaient dor\u00e9navant des &quot;postes de confiance&quot;, une expression ronflante qui n&#039;est, en pratique, qu&#039;un moyen d\u00e9tourn\u00e9 de priver le personnel de la n\u00e9gociation collective.<\/p><p>Le mois dernier, la situation a encore empir\u00e9. Voulant se faire entendre par l&#039;employeur, un groupe de salari\u00e9s a d\u00e9cid\u00e9 de cr\u00e9er un syndicat. Or, le lendemain de l&#039;enregistrement du nouveau syndicat, ses trente-cinq membres fondateurs ont tous \u00e9t\u00e9 licenci\u00e9s, puis la direction leur a propos\u00e9 de les reprendre \u00e0 condition qu&#039;ils acceptent de quitter le syndicat et signent une lettre en ce sens r\u00e9dig\u00e9e par les juristes de l&#039;entreprise. Trente d&#039;entre eux ont accept\u00e9; les cinq qui ont refus\u00e9 n&#039;ont pas \u00e9t\u00e9 r\u00e9int\u00e9gr\u00e9s.<\/p><p>La semaine derni\u00e8re, les juristes de l&#039;entreprise se sont remis au travail, cette fois pour pr\u00e9parer une lettre au nom des anciens membres du syndicat demandant aux services du minist\u00e8re du Travail de lui retirer son homologation parce qu&#039;il compte maintenant moins de vingt adh\u00e9rents, le chiffre minimum impos\u00e9 par la loi.<\/p><p>\u00c0 l&#039;\u00e9vidence, Glencore Xstrata ne croit pas au droit universel de tous les travailleurs de cr\u00e9er des syndicats et d&#039;y adh\u00e9rer sans ing\u00e9rence ou discrimination.<\/p><blockquote><p>IndustriALL Global Union soutient le Sindicato de Trabajadores Funcionarios de la Compa\u00f1\u00eda Minera de Antapaccay et revendique avec lui le respect du droit de se syndiquer et de n\u00e9gocier collectivement.<\/p><\/blockquote>","protected":false},"featured_media":0,"template":"","issues":[396,409],"companies":[60],"regions":[279],"sectors":[494],"article_tags":[505],"class_list":["post-152581","article","type-article","status-publish","hentry","issues-building-strong-unions","issues-multinational-companies-mncs","companies-glencore","regions-peru","sectors-mining-and-dgojp","article_tags-collective-bargaining"],"acf":[],"yoast_head":"<!-- This site is optimized with the Yoast SEO Premium plugin v27.1 (Yoast SEO v27.1) - https:\/\/yoast.com\/product\/yoast-seo-premium-wordpress\/ -->\n<title>Glencore Xstrata \u00e9gale \u00e0 elle-m\u00eame au P\u00e9rou - industriall-union<\/title>\n<meta name=\"description\" content=\"Les relations du travail se sont d\u00e9grad\u00e9es apr\u00e8s que Xstrata ait rachet\u00e9 l&#039;entreprise et annonc\u00e9 aux 450 techniciens et employ\u00e9s qu&#039;ils\" \/>\n<meta name=\"robots\" content=\"index, follow, max-snippet:-1, max-image-preview:large, max-video-preview:-1\" \/>\n<link rel=\"canonical\" href=\"https:\/\/admin.industriall-union.org\/fr\/glencore-xstrata-egale-a-elle-meme-au-perou\/\" \/>\n<meta property=\"og:locale\" content=\"fr_FR\" \/>\n<meta property=\"og:type\" content=\"article\" \/>\n<meta property=\"og:title\" content=\"Glencore Xstrata \u00e9gale \u00e0 elle-m\u00eame au P\u00e9rou\" \/>\n<meta property=\"og:description\" content=\"Les relations du travail se sont d\u00e9grad\u00e9es apr\u00e8s que Xstrata ait rachet\u00e9 l&#039;entreprise et annonc\u00e9 aux 450 techniciens et employ\u00e9s qu&#039;ils\" \/>\n<meta property=\"og:url\" content=\"https:\/\/admin.industriall-union.org\/fr\/glencore-xstrata-egale-a-elle-meme-au-perou\/\" \/>\n<meta property=\"og:site_name\" content=\"industriall-union\" \/>\n<meta property=\"article:modified_time\" content=\"2025-02-08T05:22:49+00:00\" \/>\n<meta name=\"twitter:card\" content=\"summary_large_image\" \/>\n<meta name=\"twitter:label1\" content=\"Est. reading time\" \/>\n\t<meta name=\"twitter:data1\" content=\"1 minute\" \/>\n<script type=\"application\/ld+json\" class=\"yoast-schema-graph\">{\"@context\":\"https:\/\/schema.org\",\"@graph\":[{\"@type\":\"WebPage\",\"@id\":\"https:\/\/admin.industriall-union.org\/fr\/glencore-xstrata-egale-a-elle-meme-au-perou\/\",\"url\":\"https:\/\/admin.industriall-union.org\/fr\/glencore-xstrata-egale-a-elle-meme-au-perou\/\",\"name\":\"Glencore Xstrata \u00e9gale \u00e0 elle-m\u00eame au P\u00e9rou - industriall-union\",\"isPartOf\":{\"@id\":\"https:\/\/admin.industriall-union.org\/#website\"},\"datePublished\":\"2013-12-27T08:09:00+00:00\",\"dateModified\":\"2025-02-08T05:22:49+00:00\",\"description\":\"Les relations du travail se sont d\u00e9grad\u00e9es apr\u00e8s que Xstrata ait rachet\u00e9 l&#039;entreprise et annonc\u00e9 aux 450 techniciens et employ\u00e9s qu&#039;ils\",\"breadcrumb\":{\"@id\":\"https:\/\/admin.industriall-union.org\/fr\/glencore-xstrata-egale-a-elle-meme-au-perou\/#breadcrumb\"},\"inLanguage\":\"fr-FR\",\"potentialAction\":[{\"@type\":\"ReadAction\",\"target\":[\"https:\/\/admin.industriall-union.org\/fr\/glencore-xstrata-egale-a-elle-meme-au-perou\/\"]}]},{\"@type\":\"BreadcrumbList\",\"@id\":\"https:\/\/admin.industriall-union.org\/fr\/glencore-xstrata-egale-a-elle-meme-au-perou\/#breadcrumb\",\"itemListElement\":[{\"@type\":\"ListItem\",\"position\":1,\"name\":\"Home\",\"item\":\"https:\/\/admin.industriall-union.org\/\"},{\"@type\":\"ListItem\",\"position\":2,\"name\":\"Articles\",\"item\":\"https:\/\/admin.industriall-union.org\/article\/\"},{\"@type\":\"ListItem\",\"position\":3,\"name\":\"Glencore Xstrata \u00e9gale \u00e0 elle-m\u00eame au P\u00e9rou\"}]},{\"@type\":\"WebSite\",\"@id\":\"https:\/\/admin.industriall-union.org\/#website\",\"url\":\"https:\/\/admin.industriall-union.org\/\",\"name\":\"industriall-union\",\"description\":\"\",\"potentialAction\":[{\"@type\":\"SearchAction\",\"target\":{\"@type\":\"EntryPoint\",\"urlTemplate\":\"https:\/\/admin.industriall-union.org\/?s={search_term_string}\"},\"query-input\":{\"@type\":\"PropertyValueSpecification\",\"valueRequired\":true,\"valueName\":\"search_term_string\"}}],\"inLanguage\":\"fr-FR\"}]}<\/script>\n<!-- \/ Yoast SEO Premium plugin. -->","yoast_head_json":{"title":"Glencore Xstrata \u00e9gale \u00e0 elle-m\u00eame au P\u00e9rou - industriall-union","description":"Les relations du travail se sont d\u00e9grad\u00e9es apr\u00e8s que Xstrata ait rachet\u00e9 l&#039;entreprise et annonc\u00e9 aux 450 techniciens et employ\u00e9s qu&#039;ils","robots":{"index":"index","follow":"follow","max-snippet":"max-snippet:-1","max-image-preview":"max-image-preview:large","max-video-preview":"max-video-preview:-1"},"canonical":"https:\/\/admin.industriall-union.org\/fr\/glencore-xstrata-egale-a-elle-meme-au-perou\/","og_locale":"fr_FR","og_type":"article","og_title":"Glencore Xstrata \u00e9gale \u00e0 elle-m\u00eame au P\u00e9rou","og_description":"Les relations du travail se sont d\u00e9grad\u00e9es apr\u00e8s que Xstrata ait rachet\u00e9 l&#039;entreprise et annonc\u00e9 aux 450 techniciens et employ\u00e9s qu&#039;ils","og_url":"https:\/\/admin.industriall-union.org\/fr\/glencore-xstrata-egale-a-elle-meme-au-perou\/","og_site_name":"industriall-union","article_modified_time":"2025-02-08T05:22:49+00:00","twitter_card":"summary_large_image","twitter_misc":{"Est. reading time":"1 minute"},"schema":{"@context":"https:\/\/schema.org","@graph":[{"@type":"WebPage","@id":"https:\/\/admin.industriall-union.org\/fr\/glencore-xstrata-egale-a-elle-meme-au-perou\/","url":"https:\/\/admin.industriall-union.org\/fr\/glencore-xstrata-egale-a-elle-meme-au-perou\/","name":"Glencore Xstrata \u00e9gale \u00e0 elle-m\u00eame au P\u00e9rou - industriall-union","isPartOf":{"@id":"https:\/\/admin.industriall-union.org\/#website"},"datePublished":"2013-12-27T08:09:00+00:00","dateModified":"2025-02-08T05:22:49+00:00","description":"Les relations du travail se sont d\u00e9grad\u00e9es apr\u00e8s que Xstrata ait rachet\u00e9 l&#039;entreprise et annonc\u00e9 aux 450 techniciens et employ\u00e9s qu&#039;ils","breadcrumb":{"@id":"https:\/\/admin.industriall-union.org\/fr\/glencore-xstrata-egale-a-elle-meme-au-perou\/#breadcrumb"},"inLanguage":"fr-FR","potentialAction":[{"@type":"ReadAction","target":["https:\/\/admin.industriall-union.org\/fr\/glencore-xstrata-egale-a-elle-meme-au-perou\/"]}]},{"@type":"BreadcrumbList","@id":"https:\/\/admin.industriall-union.org\/fr\/glencore-xstrata-egale-a-elle-meme-au-perou\/#breadcrumb","itemListElement":[{"@type":"ListItem","position":1,"name":"Home","item":"https:\/\/admin.industriall-union.org\/"},{"@type":"ListItem","position":2,"name":"Articles","item":"https:\/\/admin.industriall-union.org\/article\/"},{"@type":"ListItem","position":3,"name":"Glencore Xstrata \u00e9gale \u00e0 elle-m\u00eame au P\u00e9rou"}]},{"@type":"WebSite","@id":"https:\/\/admin.industriall-union.org\/#website","url":"https:\/\/admin.industriall-union.org\/","name":"industriall-union","description":"","potentialAction":[{"@type":"SearchAction","target":{"@type":"EntryPoint","urlTemplate":"https:\/\/admin.industriall-union.org\/?s={search_term_string}"},"query-input":{"@type":"PropertyValueSpecification","valueRequired":true,"valueName":"search_term_string"}}],"inLanguage":"fr-FR"}]}},"_links":{"self":[{"href":"https:\/\/admin.industriall-union.org\/fr\/wp-json\/wp\/v2\/article\/152581","targetHints":{"allow":["GET"]}}],"collection":[{"href":"https:\/\/admin.industriall-union.org\/fr\/wp-json\/wp\/v2\/article"}],"about":[{"href":"https:\/\/admin.industriall-union.org\/fr\/wp-json\/wp\/v2\/types\/article"}],"wp:attachment":[{"href":"https:\/\/admin.industriall-union.org\/fr\/wp-json\/wp\/v2\/media?parent=152581"}],"wp:term":[{"taxonomy":"issues","embeddable":true,"href":"https:\/\/admin.industriall-union.org\/fr\/wp-json\/wp\/v2\/issues?post=152581"},{"taxonomy":"companies","embeddable":true,"href":"https:\/\/admin.industriall-union.org\/fr\/wp-json\/wp\/v2\/companies?post=152581"},{"taxonomy":"regions","embeddable":true,"href":"https:\/\/admin.industriall-union.org\/fr\/wp-json\/wp\/v2\/regions?post=152581"},{"taxonomy":"sectors","embeddable":true,"href":"https:\/\/admin.industriall-union.org\/fr\/wp-json\/wp\/v2\/sectors?post=152581"},{"taxonomy":"article_tags","embeddable":true,"href":"https:\/\/admin.industriall-union.org\/fr\/wp-json\/wp\/v2\/article_tags?post=152581"}],"curies":[{"name":"wp","href":"https:\/\/api.w.org\/{rel}","templated":true}]}}