{"id":152544,"date":"2014-02-03T08:56:27","date_gmt":"2014-02-03T08:56:27","guid":{"rendered":"https:\/\/admin.industriall-union.org\/victoire-judiciaire-pour-le-syndicat-independant-des-travailleurs-de-honda-au-mexique\/"},"modified":"2025-02-08T04:51:10","modified_gmt":"2025-02-08T04:51:10","slug":"victoire-judiciaire-pour-le-syndicat-independant-des-travailleurs-de-honda-au-mexique","status":"publish","type":"article","link":"https:\/\/admin.industriall-union.org\/fr\/victoire-judiciaire-pour-le-syndicat-independant-des-travailleurs-de-honda-au-mexique\/","title":{"rendered":"Victoire judiciaire pour le syndicat ind\u00e9pendant des travailleurs de Honda au Mexique"},"content":{"rendered":"<p>La direction et le Conseil f\u00e9d\u00e9ral conjoint de conciliation et d&#039;arbitrage (CFCA) ont tout fait pour l&#039;en emp\u00eacher. Le dernier obstacle est tomb\u00e9 le 24 janvier lorsque la justice a confirm\u00e9 le droit des travailleurs d&#039;adh\u00e9rer au syndicat de leur choix et statu\u00e9 qu&#039;un autre syndicat n&#039;est pas habilit\u00e9 \u00e0 demander l&#039;annulation de l&#039;enregistrement officiel du STUHM en tant que syndicat.<\/p><p>Ce jugement veut dire que l&#039;entreprise, le gouvernement et les syndicats de protection doivent cesser leurs attaques contre le syndicat. C&#039;est l\u00e0 une grande victoire pour le mouvement syndical ind\u00e9pendant mexicain, en particulier pour les membres du STUHM.<\/p><p>Depuis 2010, les travailleurs de Honda M\u00e9xico et leur syndicat, le STUHM, s&#039;organisent afin d&#039;obtenir le droit de n\u00e9gocier une convention collective pour am\u00e9liorer leur sant\u00e9 et leur s\u00e9curit\u00e9 au travail, augmenter les salaires, \u00e9liminer les affectations de poste excessives et arbitraires, mettre fin aux licenciements abusifs et aux pr\u00e9l\u00e8vements inexpliqu\u00e9s sur les salaires et les prestations et mettre un terme \u00e0 la repr\u00e9sentation officielle des travailleurs par le syndicat de protection, le Sindicato de Empleados y Trabajadores en la Estructura, Armadura Motriz e Industrial (SETEAMI), affili\u00e9 \u00e0 la CTM.<\/p><p>La Direction g\u00e9n\u00e9rale de l&#039;enregistrement des associations, qui d\u00e9pend du minist\u00e8re du Travail et de la Protection sociale (STPS) a commis une s\u00e9rie d&#039;irr\u00e9gularit\u00e9s en traitant la demande d&#039;enregistrement du STUHM. Elle a fait tra\u00eener la proc\u00e9dure au-del\u00e0 du d\u00e9lai pr\u00e9vu, jusqu&#039;en 2011, et \u00e0 ce moment, le comit\u00e9 ex\u00e9cutif du syndicat a \u00e9t\u00e9 licenci\u00e9 en bloc ou a fait l&#039;objet de menaces. La direction a de nouveau licenci\u00e9 des travailleurs \u00e0 l&#039;usine de Jalisco en 2013. Le STUHM a r\u00e9pliqu\u00e9 par des manifestations et des actions de solidarit\u00e9 et exig\u00e9 l&#039;intervention imm\u00e9diate du gouvernement f\u00e9d\u00e9ral pour r\u00e9int\u00e9grer les travailleurs et mettre fin \u00e0 la campagne d&#039;intimidation, de menaces et de violation du droit des travailleurs d&#039;adh\u00e9rer \u00e0 un syndicat de leur choix.<\/p><p>Le syndicat a invit\u00e9 le CFCA \u00e0 se conformer \u00e0 la d\u00e9cision de la cour et prendre une d\u00e9cision d\u00e9finitive contre le recours en annulation de sa demande d&#039;enregistrement pour absence de l\u00e9gitimit\u00e9 du plaignant. Il a \u00e9galement appel\u00e9 le CFCA \u00e0 fixer la date d&#039;\u00e9lections sociales permettant aux travailleurs de voter pour le syndicat par lequel ils veulent \u00eatre repr\u00e9sent\u00e9s dans la n\u00e9gociation collective.<\/p><p>Des organisations syndicales nationales et internationales ont exprim\u00e9 leur soutien au STUHM et demand\u00e9 que le CFCA se soumette au jugement. IndustriALL Global Union a envoy\u00e9 un message de solidarit\u00e9 souhaitant bonne chance au STUHM et \u00e0 ses adh\u00e9rents.<\/p><blockquote><p>Nous tenons \u00e0 vous f\u00e9liciter pour votre victoire juridique et nous soutenons vos d\u00e9marches pour obtenir le respect du jugement qui oblige le CFCA \u00e0 rendre une d\u00e9cision reconnaissant le droit des travailleurs de Honda M\u00e9xico \u00e0 \u00eatre membres d&#039;un syndicat de leur choix et stipulant qu&#039;aucun syndicat ne peut bloquer les activit\u00e9s d&#039;un autre, intervenir dans ses affaires int\u00e9rieures ou demander l&#039;annulation de son enregistrement.<\/p><\/blockquote><p>&#8211; Jyrki Raina, Secr\u00e9taire g\u00e9n\u00e9ral, dans sa lettre de soutien au STUHM.<\/p>","protected":false},"featured_media":0,"template":"","issues":[425],"companies":[69],"regions":[275],"sectors":[482],"article_tags":[],"class_list":["post-152544","article","type-article","status-publish","hentry","issues-workers-rights","companies-honda","regions-mexico","sectors-automotive"],"acf":[],"yoast_head":"<!-- This site is optimized with the Yoast SEO Premium plugin v27.1 (Yoast SEO v27.1) - https:\/\/yoast.com\/product\/yoast-seo-premium-wordpress\/ -->\n<title>Victoire judiciaire pour le syndicat ind\u00e9pendant des travailleurs de Honda au Mexique - industriall-union<\/title>\n<meta name=\"description\" content=\"La direction et le Conseil f\u00e9d\u00e9ral conjoint de conciliation et d&#039;arbitrage (CFCA) ont tout fait pour l&#039;en emp\u00eacher. Le dernier obstacle est\" \/>\n<meta name=\"robots\" content=\"index, follow, max-snippet:-1, max-image-preview:large, max-video-preview:-1\" \/>\n<link rel=\"canonical\" href=\"https:\/\/admin.industriall-union.org\/fr\/victoire-judiciaire-pour-le-syndicat-independant-des-travailleurs-de-honda-au-mexique\/\" \/>\n<meta property=\"og:locale\" content=\"fr_FR\" \/>\n<meta property=\"og:type\" content=\"article\" \/>\n<meta property=\"og:title\" content=\"Victoire judiciaire pour le syndicat ind\u00e9pendant des travailleurs de Honda au Mexique\" \/>\n<meta property=\"og:description\" content=\"La direction et le Conseil f\u00e9d\u00e9ral conjoint de conciliation et d&#039;arbitrage (CFCA) ont tout fait pour l&#039;en emp\u00eacher. Le dernier obstacle est\" \/>\n<meta property=\"og:url\" content=\"https:\/\/admin.industriall-union.org\/fr\/victoire-judiciaire-pour-le-syndicat-independant-des-travailleurs-de-honda-au-mexique\/\" \/>\n<meta property=\"og:site_name\" content=\"industriall-union\" \/>\n<meta property=\"article:modified_time\" content=\"2025-02-08T04:51:10+00:00\" \/>\n<meta name=\"twitter:card\" content=\"summary_large_image\" \/>\n<meta name=\"twitter:label1\" content=\"Est. reading time\" \/>\n\t<meta name=\"twitter:data1\" content=\"3 minutes\" \/>\n<script type=\"application\/ld+json\" class=\"yoast-schema-graph\">{\"@context\":\"https:\/\/schema.org\",\"@graph\":[{\"@type\":\"WebPage\",\"@id\":\"https:\/\/admin.industriall-union.org\/fr\/victoire-judiciaire-pour-le-syndicat-independant-des-travailleurs-de-honda-au-mexique\/\",\"url\":\"https:\/\/admin.industriall-union.org\/fr\/victoire-judiciaire-pour-le-syndicat-independant-des-travailleurs-de-honda-au-mexique\/\",\"name\":\"Victoire judiciaire pour le syndicat ind\u00e9pendant des travailleurs de Honda au Mexique - industriall-union\",\"isPartOf\":{\"@id\":\"https:\/\/admin.industriall-union.org\/#website\"},\"datePublished\":\"2014-02-03T08:56:27+00:00\",\"dateModified\":\"2025-02-08T04:51:10+00:00\",\"description\":\"La direction et le Conseil f\u00e9d\u00e9ral conjoint de conciliation et d&#039;arbitrage (CFCA) ont tout fait pour l&#039;en emp\u00eacher. Le dernier obstacle est\",\"breadcrumb\":{\"@id\":\"https:\/\/admin.industriall-union.org\/fr\/victoire-judiciaire-pour-le-syndicat-independant-des-travailleurs-de-honda-au-mexique\/#breadcrumb\"},\"inLanguage\":\"fr-FR\",\"potentialAction\":[{\"@type\":\"ReadAction\",\"target\":[\"https:\/\/admin.industriall-union.org\/fr\/victoire-judiciaire-pour-le-syndicat-independant-des-travailleurs-de-honda-au-mexique\/\"]}]},{\"@type\":\"BreadcrumbList\",\"@id\":\"https:\/\/admin.industriall-union.org\/fr\/victoire-judiciaire-pour-le-syndicat-independant-des-travailleurs-de-honda-au-mexique\/#breadcrumb\",\"itemListElement\":[{\"@type\":\"ListItem\",\"position\":1,\"name\":\"Home\",\"item\":\"https:\/\/admin.industriall-union.org\/\"},{\"@type\":\"ListItem\",\"position\":2,\"name\":\"Articles\",\"item\":\"https:\/\/admin.industriall-union.org\/article\/\"},{\"@type\":\"ListItem\",\"position\":3,\"name\":\"Victoire judiciaire pour le syndicat ind\u00e9pendant des travailleurs de Honda au Mexique\"}]},{\"@type\":\"WebSite\",\"@id\":\"https:\/\/admin.industriall-union.org\/#website\",\"url\":\"https:\/\/admin.industriall-union.org\/\",\"name\":\"industriall-union\",\"description\":\"\",\"potentialAction\":[{\"@type\":\"SearchAction\",\"target\":{\"@type\":\"EntryPoint\",\"urlTemplate\":\"https:\/\/admin.industriall-union.org\/?s={search_term_string}\"},\"query-input\":{\"@type\":\"PropertyValueSpecification\",\"valueRequired\":true,\"valueName\":\"search_term_string\"}}],\"inLanguage\":\"fr-FR\"}]}<\/script>\n<!-- \/ Yoast SEO Premium plugin. -->","yoast_head_json":{"title":"Victoire judiciaire pour le syndicat ind\u00e9pendant des travailleurs de Honda au Mexique - industriall-union","description":"La direction et le Conseil f\u00e9d\u00e9ral conjoint de conciliation et d&#039;arbitrage (CFCA) ont tout fait pour l&#039;en emp\u00eacher. Le dernier obstacle est","robots":{"index":"index","follow":"follow","max-snippet":"max-snippet:-1","max-image-preview":"max-image-preview:large","max-video-preview":"max-video-preview:-1"},"canonical":"https:\/\/admin.industriall-union.org\/fr\/victoire-judiciaire-pour-le-syndicat-independant-des-travailleurs-de-honda-au-mexique\/","og_locale":"fr_FR","og_type":"article","og_title":"Victoire judiciaire pour le syndicat ind\u00e9pendant des travailleurs de Honda au Mexique","og_description":"La direction et le Conseil f\u00e9d\u00e9ral conjoint de conciliation et d&#039;arbitrage (CFCA) ont tout fait pour l&#039;en emp\u00eacher. Le dernier obstacle est","og_url":"https:\/\/admin.industriall-union.org\/fr\/victoire-judiciaire-pour-le-syndicat-independant-des-travailleurs-de-honda-au-mexique\/","og_site_name":"industriall-union","article_modified_time":"2025-02-08T04:51:10+00:00","twitter_card":"summary_large_image","twitter_misc":{"Est. reading time":"3 minutes"},"schema":{"@context":"https:\/\/schema.org","@graph":[{"@type":"WebPage","@id":"https:\/\/admin.industriall-union.org\/fr\/victoire-judiciaire-pour-le-syndicat-independant-des-travailleurs-de-honda-au-mexique\/","url":"https:\/\/admin.industriall-union.org\/fr\/victoire-judiciaire-pour-le-syndicat-independant-des-travailleurs-de-honda-au-mexique\/","name":"Victoire judiciaire pour le syndicat ind\u00e9pendant des travailleurs de Honda au Mexique - industriall-union","isPartOf":{"@id":"https:\/\/admin.industriall-union.org\/#website"},"datePublished":"2014-02-03T08:56:27+00:00","dateModified":"2025-02-08T04:51:10+00:00","description":"La direction et le Conseil f\u00e9d\u00e9ral conjoint de conciliation et d&#039;arbitrage (CFCA) ont tout fait pour l&#039;en emp\u00eacher. Le dernier obstacle est","breadcrumb":{"@id":"https:\/\/admin.industriall-union.org\/fr\/victoire-judiciaire-pour-le-syndicat-independant-des-travailleurs-de-honda-au-mexique\/#breadcrumb"},"inLanguage":"fr-FR","potentialAction":[{"@type":"ReadAction","target":["https:\/\/admin.industriall-union.org\/fr\/victoire-judiciaire-pour-le-syndicat-independant-des-travailleurs-de-honda-au-mexique\/"]}]},{"@type":"BreadcrumbList","@id":"https:\/\/admin.industriall-union.org\/fr\/victoire-judiciaire-pour-le-syndicat-independant-des-travailleurs-de-honda-au-mexique\/#breadcrumb","itemListElement":[{"@type":"ListItem","position":1,"name":"Home","item":"https:\/\/admin.industriall-union.org\/"},{"@type":"ListItem","position":2,"name":"Articles","item":"https:\/\/admin.industriall-union.org\/article\/"},{"@type":"ListItem","position":3,"name":"Victoire judiciaire pour le syndicat ind\u00e9pendant des travailleurs de Honda au Mexique"}]},{"@type":"WebSite","@id":"https:\/\/admin.industriall-union.org\/#website","url":"https:\/\/admin.industriall-union.org\/","name":"industriall-union","description":"","potentialAction":[{"@type":"SearchAction","target":{"@type":"EntryPoint","urlTemplate":"https:\/\/admin.industriall-union.org\/?s={search_term_string}"},"query-input":{"@type":"PropertyValueSpecification","valueRequired":true,"valueName":"search_term_string"}}],"inLanguage":"fr-FR"}]}},"_links":{"self":[{"href":"https:\/\/admin.industriall-union.org\/fr\/wp-json\/wp\/v2\/article\/152544","targetHints":{"allow":["GET"]}}],"collection":[{"href":"https:\/\/admin.industriall-union.org\/fr\/wp-json\/wp\/v2\/article"}],"about":[{"href":"https:\/\/admin.industriall-union.org\/fr\/wp-json\/wp\/v2\/types\/article"}],"wp:attachment":[{"href":"https:\/\/admin.industriall-union.org\/fr\/wp-json\/wp\/v2\/media?parent=152544"}],"wp:term":[{"taxonomy":"issues","embeddable":true,"href":"https:\/\/admin.industriall-union.org\/fr\/wp-json\/wp\/v2\/issues?post=152544"},{"taxonomy":"companies","embeddable":true,"href":"https:\/\/admin.industriall-union.org\/fr\/wp-json\/wp\/v2\/companies?post=152544"},{"taxonomy":"regions","embeddable":true,"href":"https:\/\/admin.industriall-union.org\/fr\/wp-json\/wp\/v2\/regions?post=152544"},{"taxonomy":"sectors","embeddable":true,"href":"https:\/\/admin.industriall-union.org\/fr\/wp-json\/wp\/v2\/sectors?post=152544"},{"taxonomy":"article_tags","embeddable":true,"href":"https:\/\/admin.industriall-union.org\/fr\/wp-json\/wp\/v2\/article_tags?post=152544"}],"curies":[{"name":"wp","href":"https:\/\/api.w.org\/{rel}","templated":true}]}}