{"id":152543,"date":"2014-02-03T13:23:44","date_gmt":"2014-02-03T13:23:44","guid":{"rendered":"https:\/\/admin.industriall-union.org\/inde-marche-de-2000-protestataires-pour-la-liberation-des-travailleurs-de-maruti-suzuki-emprisonnes\/"},"modified":"2025-02-08T04:51:08","modified_gmt":"2025-02-08T04:51:08","slug":"inde-marche-de-2000-protestataires-pour-la-liberation-des-travailleurs-de-maruti-suzuki-emprisonnes","status":"publish","type":"article","link":"https:\/\/admin.industriall-union.org\/fr\/inde-marche-de-2000-protestataires-pour-la-liberation-des-travailleurs-de-maruti-suzuki-emprisonnes\/","title":{"rendered":"Inde \u2013 marche de 2000 protestataires pour la lib\u00e9ration des travailleurs de Maruti Suzuki emprisonn\u00e9s"},"content":{"rendered":"<p>L&rsquo;\u00e9norme manifestation du 31 janvier \u00e0 Jantar-Mantar dans la capitale indienne a marqu\u00e9 la fin de deux semaines de &lsquo;padyatra&rsquo; (voyage \u00e0 pied), qui avaient commenc\u00e9 le 15 janvier 2014 dans l&rsquo;\u00c9tat voisin de Haryana.<\/p><p>Les travailleurs et travailleuses, leurs familles, des \u00e9tudiant(e)s et des d\u00e9fenseurs des causes sociales se sont rassembl\u00e9s sous la banni\u00e8re du syndicat des travailleurs de Maruti Suzuki pour exiger le lib\u00e9ration imm\u00e9diate des 147 personnes arr\u00eat\u00e9es, ainsi que la r\u00e9int\u00e9gration de 2300 autres suspendues.<\/p><p>Ils ont \u00e9galement demand\u00e9 l&rsquo;ouverture d&rsquo;une enqu\u00eate judiciaire sur la mort de Avinish Kumar, directeur des ressources humaines \u00e0 l&rsquo;usine de Maruti Suzuki \u00e0 Manesar, le 18 juillet 2012.<\/p><p>Apr\u00e8s la manifestation, une liste des revendications a \u00e9t\u00e9 remise au pr\u00e9sident de l&rsquo;Inde. &nbsp;<\/p><p>Tapan Kumar Sen, membre du Parlement et dirigeant syndical \u00e9minent, a f\u00e9licit\u00e9 les travailleurs et travailleuses de Maruti Suzuki pour leur combat continuel contre le lien \u00e9troit existant entre le capitalisme national et le capitalisme international. &nbsp;Arundhati Roy et Yogendra Yadav, c\u00e9l\u00e8bres d\u00e9fenseurs des causes sociales ont \u00e9galement critiqu\u00e9 les politiques anti-ouvri\u00e8res du gouvernement indien aux niveaux f\u00e9d\u00e9ral et central. &nbsp;<\/p><p>Le camarade S.M. F. Pasha, du bureau d&rsquo;Asie du Sud de IndustriALL, a adress\u00e9 un message de solidarit\u00e9 aux travailleurs et travailleuses de Maruti Suzuki et \u00e0 leurs familles.<\/p><p>La protestation \u00e9tait soutenue par de nombreux autres syndicats indiens, parmi lesquels AITUC, HMS, CITU, NTUI et AIUTUC, ainsi que par les travailleurs et travailleuses de Sarva Karamchari Sangh-Jal Board, Samtamulak Mahila Sangathan et Janrang-Delhi, et par d&rsquo;autres encore.<\/p><p>La manifestation a pris fin avec l&rsquo;engagement de soutenir les travailleurs et travailleuses jusqu&rsquo;\u00e0 ce que leurs revendications soient satisfaites par les autorit\u00e9s.<\/p>","protected":false},"featured_media":0,"template":"","issues":[422,420,425],"companies":[131],"regions":[166],"sectors":[482],"article_tags":[],"class_list":["post-152543","article","type-article","status-publish","hentry","issues-human-trade-union-rights","issues-solidarity","issues-workers-rights","companies-suzuki","regions-india","sectors-automotive"],"acf":[],"yoast_head":"<!-- This site is optimized with the Yoast SEO Premium plugin v27.1 (Yoast SEO v27.1) - https:\/\/yoast.com\/product\/yoast-seo-premium-wordpress\/ -->\n<title>Inde \u2013 marche de 2000 protestataires pour la lib\u00e9ration des travailleurs de Maruti Suzuki emprisonn\u00e9s - industriall-union<\/title>\n<meta name=\"description\" content=\"L&rsquo;\u00e9norme manifestation du 31 janvier \u00e0 Jantar-Mantar dans la capitale indienne a marqu\u00e9 la fin de deux semaines de &lsquo;padyatra&rsquo; (voyage \u00e0\" \/>\n<meta name=\"robots\" content=\"index, follow, max-snippet:-1, max-image-preview:large, max-video-preview:-1\" \/>\n<link rel=\"canonical\" href=\"https:\/\/admin.industriall-union.org\/fr\/inde-marche-de-2000-protestataires-pour-la-liberation-des-travailleurs-de-maruti-suzuki-emprisonnes\/\" \/>\n<meta property=\"og:locale\" content=\"fr_FR\" \/>\n<meta property=\"og:type\" content=\"article\" \/>\n<meta property=\"og:title\" content=\"Inde \u2013 marche de 2000 protestataires pour la lib\u00e9ration des travailleurs de Maruti Suzuki emprisonn\u00e9s\" \/>\n<meta property=\"og:description\" content=\"L&rsquo;\u00e9norme manifestation du 31 janvier \u00e0 Jantar-Mantar dans la capitale indienne a marqu\u00e9 la fin de deux semaines de &lsquo;padyatra&rsquo; (voyage \u00e0\" \/>\n<meta property=\"og:url\" content=\"https:\/\/admin.industriall-union.org\/fr\/inde-marche-de-2000-protestataires-pour-la-liberation-des-travailleurs-de-maruti-suzuki-emprisonnes\/\" \/>\n<meta property=\"og:site_name\" content=\"industriall-union\" \/>\n<meta property=\"article:modified_time\" content=\"2025-02-08T04:51:08+00:00\" \/>\n<meta name=\"twitter:card\" content=\"summary_large_image\" \/>\n<meta name=\"twitter:label1\" content=\"Est. reading time\" \/>\n\t<meta name=\"twitter:data1\" content=\"2 minutes\" \/>\n<script type=\"application\/ld+json\" class=\"yoast-schema-graph\">{\"@context\":\"https:\/\/schema.org\",\"@graph\":[{\"@type\":\"WebPage\",\"@id\":\"https:\/\/admin.industriall-union.org\/fr\/inde-marche-de-2000-protestataires-pour-la-liberation-des-travailleurs-de-maruti-suzuki-emprisonnes\/\",\"url\":\"https:\/\/admin.industriall-union.org\/fr\/inde-marche-de-2000-protestataires-pour-la-liberation-des-travailleurs-de-maruti-suzuki-emprisonnes\/\",\"name\":\"Inde \u2013 marche de 2000 protestataires pour la lib\u00e9ration des travailleurs de Maruti Suzuki emprisonn\u00e9s - industriall-union\",\"isPartOf\":{\"@id\":\"https:\/\/admin.industriall-union.org\/#website\"},\"datePublished\":\"2014-02-03T13:23:44+00:00\",\"dateModified\":\"2025-02-08T04:51:08+00:00\",\"description\":\"L&rsquo;\u00e9norme manifestation du 31 janvier \u00e0 Jantar-Mantar dans la capitale indienne a marqu\u00e9 la fin de deux semaines de &lsquo;padyatra&rsquo; (voyage \u00e0\",\"breadcrumb\":{\"@id\":\"https:\/\/admin.industriall-union.org\/fr\/inde-marche-de-2000-protestataires-pour-la-liberation-des-travailleurs-de-maruti-suzuki-emprisonnes\/#breadcrumb\"},\"inLanguage\":\"fr-FR\",\"potentialAction\":[{\"@type\":\"ReadAction\",\"target\":[\"https:\/\/admin.industriall-union.org\/fr\/inde-marche-de-2000-protestataires-pour-la-liberation-des-travailleurs-de-maruti-suzuki-emprisonnes\/\"]}]},{\"@type\":\"BreadcrumbList\",\"@id\":\"https:\/\/admin.industriall-union.org\/fr\/inde-marche-de-2000-protestataires-pour-la-liberation-des-travailleurs-de-maruti-suzuki-emprisonnes\/#breadcrumb\",\"itemListElement\":[{\"@type\":\"ListItem\",\"position\":1,\"name\":\"Home\",\"item\":\"https:\/\/admin.industriall-union.org\/\"},{\"@type\":\"ListItem\",\"position\":2,\"name\":\"Articles\",\"item\":\"https:\/\/admin.industriall-union.org\/article\/\"},{\"@type\":\"ListItem\",\"position\":3,\"name\":\"Inde \u2013 marche de 2000 protestataires pour la lib\u00e9ration des travailleurs de Maruti Suzuki emprisonn\u00e9s\"}]},{\"@type\":\"WebSite\",\"@id\":\"https:\/\/admin.industriall-union.org\/#website\",\"url\":\"https:\/\/admin.industriall-union.org\/\",\"name\":\"industriall-union\",\"description\":\"\",\"potentialAction\":[{\"@type\":\"SearchAction\",\"target\":{\"@type\":\"EntryPoint\",\"urlTemplate\":\"https:\/\/admin.industriall-union.org\/?s={search_term_string}\"},\"query-input\":{\"@type\":\"PropertyValueSpecification\",\"valueRequired\":true,\"valueName\":\"search_term_string\"}}],\"inLanguage\":\"fr-FR\"}]}<\/script>\n<!-- \/ Yoast SEO Premium plugin. -->","yoast_head_json":{"title":"Inde \u2013 marche de 2000 protestataires pour la lib\u00e9ration des travailleurs de Maruti Suzuki emprisonn\u00e9s - industriall-union","description":"L&rsquo;\u00e9norme manifestation du 31 janvier \u00e0 Jantar-Mantar dans la capitale indienne a marqu\u00e9 la fin de deux semaines de &lsquo;padyatra&rsquo; (voyage \u00e0","robots":{"index":"index","follow":"follow","max-snippet":"max-snippet:-1","max-image-preview":"max-image-preview:large","max-video-preview":"max-video-preview:-1"},"canonical":"https:\/\/admin.industriall-union.org\/fr\/inde-marche-de-2000-protestataires-pour-la-liberation-des-travailleurs-de-maruti-suzuki-emprisonnes\/","og_locale":"fr_FR","og_type":"article","og_title":"Inde \u2013 marche de 2000 protestataires pour la lib\u00e9ration des travailleurs de Maruti Suzuki emprisonn\u00e9s","og_description":"L&rsquo;\u00e9norme manifestation du 31 janvier \u00e0 Jantar-Mantar dans la capitale indienne a marqu\u00e9 la fin de deux semaines de &lsquo;padyatra&rsquo; (voyage \u00e0","og_url":"https:\/\/admin.industriall-union.org\/fr\/inde-marche-de-2000-protestataires-pour-la-liberation-des-travailleurs-de-maruti-suzuki-emprisonnes\/","og_site_name":"industriall-union","article_modified_time":"2025-02-08T04:51:08+00:00","twitter_card":"summary_large_image","twitter_misc":{"Est. reading time":"2 minutes"},"schema":{"@context":"https:\/\/schema.org","@graph":[{"@type":"WebPage","@id":"https:\/\/admin.industriall-union.org\/fr\/inde-marche-de-2000-protestataires-pour-la-liberation-des-travailleurs-de-maruti-suzuki-emprisonnes\/","url":"https:\/\/admin.industriall-union.org\/fr\/inde-marche-de-2000-protestataires-pour-la-liberation-des-travailleurs-de-maruti-suzuki-emprisonnes\/","name":"Inde \u2013 marche de 2000 protestataires pour la lib\u00e9ration des travailleurs de Maruti Suzuki emprisonn\u00e9s - industriall-union","isPartOf":{"@id":"https:\/\/admin.industriall-union.org\/#website"},"datePublished":"2014-02-03T13:23:44+00:00","dateModified":"2025-02-08T04:51:08+00:00","description":"L&rsquo;\u00e9norme manifestation du 31 janvier \u00e0 Jantar-Mantar dans la capitale indienne a marqu\u00e9 la fin de deux semaines de &lsquo;padyatra&rsquo; (voyage \u00e0","breadcrumb":{"@id":"https:\/\/admin.industriall-union.org\/fr\/inde-marche-de-2000-protestataires-pour-la-liberation-des-travailleurs-de-maruti-suzuki-emprisonnes\/#breadcrumb"},"inLanguage":"fr-FR","potentialAction":[{"@type":"ReadAction","target":["https:\/\/admin.industriall-union.org\/fr\/inde-marche-de-2000-protestataires-pour-la-liberation-des-travailleurs-de-maruti-suzuki-emprisonnes\/"]}]},{"@type":"BreadcrumbList","@id":"https:\/\/admin.industriall-union.org\/fr\/inde-marche-de-2000-protestataires-pour-la-liberation-des-travailleurs-de-maruti-suzuki-emprisonnes\/#breadcrumb","itemListElement":[{"@type":"ListItem","position":1,"name":"Home","item":"https:\/\/admin.industriall-union.org\/"},{"@type":"ListItem","position":2,"name":"Articles","item":"https:\/\/admin.industriall-union.org\/article\/"},{"@type":"ListItem","position":3,"name":"Inde \u2013 marche de 2000 protestataires pour la lib\u00e9ration des travailleurs de Maruti Suzuki emprisonn\u00e9s"}]},{"@type":"WebSite","@id":"https:\/\/admin.industriall-union.org\/#website","url":"https:\/\/admin.industriall-union.org\/","name":"industriall-union","description":"","potentialAction":[{"@type":"SearchAction","target":{"@type":"EntryPoint","urlTemplate":"https:\/\/admin.industriall-union.org\/?s={search_term_string}"},"query-input":{"@type":"PropertyValueSpecification","valueRequired":true,"valueName":"search_term_string"}}],"inLanguage":"fr-FR"}]}},"_links":{"self":[{"href":"https:\/\/admin.industriall-union.org\/fr\/wp-json\/wp\/v2\/article\/152543","targetHints":{"allow":["GET"]}}],"collection":[{"href":"https:\/\/admin.industriall-union.org\/fr\/wp-json\/wp\/v2\/article"}],"about":[{"href":"https:\/\/admin.industriall-union.org\/fr\/wp-json\/wp\/v2\/types\/article"}],"wp:attachment":[{"href":"https:\/\/admin.industriall-union.org\/fr\/wp-json\/wp\/v2\/media?parent=152543"}],"wp:term":[{"taxonomy":"issues","embeddable":true,"href":"https:\/\/admin.industriall-union.org\/fr\/wp-json\/wp\/v2\/issues?post=152543"},{"taxonomy":"companies","embeddable":true,"href":"https:\/\/admin.industriall-union.org\/fr\/wp-json\/wp\/v2\/companies?post=152543"},{"taxonomy":"regions","embeddable":true,"href":"https:\/\/admin.industriall-union.org\/fr\/wp-json\/wp\/v2\/regions?post=152543"},{"taxonomy":"sectors","embeddable":true,"href":"https:\/\/admin.industriall-union.org\/fr\/wp-json\/wp\/v2\/sectors?post=152543"},{"taxonomy":"article_tags","embeddable":true,"href":"https:\/\/admin.industriall-union.org\/fr\/wp-json\/wp\/v2\/article_tags?post=152543"}],"curies":[{"name":"wp","href":"https:\/\/api.w.org\/{rel}","templated":true}]}}