{"id":152513,"date":"2014-02-17T09:55:07","date_gmt":"2014-02-17T09:55:07","guid":{"rendered":"https:\/\/admin.industriall-union.org\/creation-d-039-un-conseil-national-de-industriall-en-republique-dominicaine\/"},"modified":"2025-02-08T04:23:49","modified_gmt":"2025-02-08T04:23:49","slug":"creation-d-039-un-conseil-national-de-industriall-en-republique-dominicaine","status":"publish","type":"article","link":"https:\/\/admin.industriall-union.org\/fr\/creation-d-039-un-conseil-national-de-industriall-en-republique-dominicaine\/","title":{"rendered":"Cr\u00e9ation d&#039;un conseil national de IndustriALL en R\u00e9publique Dominicaine"},"content":{"rendered":"<p>Lors d&#039;une r\u00e9union tenue les 13 et 14 f\u00e9vrier, et facilit\u00e9e par Jorge Almeida et Laura Carter du bureau r\u00e9gional de IndustriALL, les dirigeants syndicaux ont approuv\u00e9 la mise en place du conseil national et ses attributions. Le conseil national repose sur la base de la coordination souple qui existait d\u00e9j\u00e0 entre les affili\u00e9s de ce pays.<\/p><p>Le conseil national procurera un forum aux affili\u00e9s, permettant d&#039;assurer la coordination de leurs plans d&#039;action respectifs, d&#039;organiser les activit\u00e9s communes et une action de solidarit\u00e9, de promouvoir l&#039;unit\u00e9 et de faciliter leur implication au sein de IndustriALL.<\/p><p>Les affili\u00e9s ont approuv\u00e9 le principe d&rsquo;une s\u00e9rie de r\u00e8gles g\u00e9n\u00e9rales visant \u00e0 obtenir l&#039;unit\u00e9 et le renforcement \u00e0 partir de la base en permettant d&#039;officialiser l&#039;accord apr\u00e8s consultation de leurs centrales nationales respectives. Ils se sont \u00e9galement mis d&#039;accord sur un m\u00e9canisme de r\u00e9solution des conflits pour d\u00e9nouer plusieurs diff\u00e9rends intersyndicaux qui touchent actuellement des lieux de travail.<\/p><p>Les affili\u00e9s se sont engag\u00e9s \u00e0 respecter les r\u00e8gles et le plan d&#039;action de IndustriALL, et de partager des id\u00e9es sur la mani\u00e8re de renforcer les syndicats dans leurs secteurs.<\/p>","protected":false},"featured_media":0,"template":"","issues":[396],"companies":[],"regions":[267],"sectors":[],"article_tags":[],"class_list":["post-152513","article","type-article","status-publish","hentry","issues-building-strong-unions","regions-dominican-republic"],"acf":[],"yoast_head":"<!-- This site is optimized with the Yoast SEO Premium plugin v27.1 (Yoast SEO v27.1) - https:\/\/yoast.com\/product\/yoast-seo-premium-wordpress\/ -->\n<title>Cr\u00e9ation d&#039;un conseil national de IndustriALL en R\u00e9publique Dominicaine - industriall-union<\/title>\n<meta name=\"description\" content=\"Lors d&#039;une r\u00e9union tenue les 13 et 14 f\u00e9vrier, et facilit\u00e9e par Jorge Almeida et Laura Carter du bureau r\u00e9gional de IndustriALL, les dirigeants\" \/>\n<meta name=\"robots\" content=\"index, follow, max-snippet:-1, max-image-preview:large, max-video-preview:-1\" \/>\n<link rel=\"canonical\" href=\"https:\/\/admin.industriall-union.org\/fr\/creation-d-039-un-conseil-national-de-industriall-en-republique-dominicaine\/\" \/>\n<meta property=\"og:locale\" content=\"fr_FR\" \/>\n<meta property=\"og:type\" content=\"article\" \/>\n<meta property=\"og:title\" content=\"Cr\u00e9ation d&#039;un conseil national de IndustriALL en R\u00e9publique Dominicaine\" \/>\n<meta property=\"og:description\" content=\"Lors d&#039;une r\u00e9union tenue les 13 et 14 f\u00e9vrier, et facilit\u00e9e par Jorge Almeida et Laura Carter du bureau r\u00e9gional de IndustriALL, les dirigeants\" \/>\n<meta property=\"og:url\" content=\"https:\/\/admin.industriall-union.org\/fr\/creation-d-039-un-conseil-national-de-industriall-en-republique-dominicaine\/\" \/>\n<meta property=\"og:site_name\" content=\"industriall-union\" \/>\n<meta property=\"article:modified_time\" content=\"2025-02-08T04:23:49+00:00\" \/>\n<meta name=\"twitter:card\" content=\"summary_large_image\" \/>\n<meta name=\"twitter:label1\" content=\"Est. reading time\" \/>\n\t<meta name=\"twitter:data1\" content=\"1 minute\" \/>\n<script type=\"application\/ld+json\" class=\"yoast-schema-graph\">{\"@context\":\"https:\/\/schema.org\",\"@graph\":[{\"@type\":\"WebPage\",\"@id\":\"https:\/\/admin.industriall-union.org\/fr\/creation-d-039-un-conseil-national-de-industriall-en-republique-dominicaine\/\",\"url\":\"https:\/\/admin.industriall-union.org\/fr\/creation-d-039-un-conseil-national-de-industriall-en-republique-dominicaine\/\",\"name\":\"Cr\u00e9ation d&#039;un conseil national de IndustriALL en R\u00e9publique Dominicaine - industriall-union\",\"isPartOf\":{\"@id\":\"https:\/\/admin.industriall-union.org\/#website\"},\"datePublished\":\"2014-02-17T09:55:07+00:00\",\"dateModified\":\"2025-02-08T04:23:49+00:00\",\"description\":\"Lors d&#039;une r\u00e9union tenue les 13 et 14 f\u00e9vrier, et facilit\u00e9e par Jorge Almeida et Laura Carter du bureau r\u00e9gional de IndustriALL, les dirigeants\",\"breadcrumb\":{\"@id\":\"https:\/\/admin.industriall-union.org\/fr\/creation-d-039-un-conseil-national-de-industriall-en-republique-dominicaine\/#breadcrumb\"},\"inLanguage\":\"fr-FR\",\"potentialAction\":[{\"@type\":\"ReadAction\",\"target\":[\"https:\/\/admin.industriall-union.org\/fr\/creation-d-039-un-conseil-national-de-industriall-en-republique-dominicaine\/\"]}]},{\"@type\":\"BreadcrumbList\",\"@id\":\"https:\/\/admin.industriall-union.org\/fr\/creation-d-039-un-conseil-national-de-industriall-en-republique-dominicaine\/#breadcrumb\",\"itemListElement\":[{\"@type\":\"ListItem\",\"position\":1,\"name\":\"Home\",\"item\":\"https:\/\/admin.industriall-union.org\/\"},{\"@type\":\"ListItem\",\"position\":2,\"name\":\"Articles\",\"item\":\"https:\/\/admin.industriall-union.org\/article\/\"},{\"@type\":\"ListItem\",\"position\":3,\"name\":\"Cr\u00e9ation d&#039;un conseil national de IndustriALL en R\u00e9publique Dominicaine\"}]},{\"@type\":\"WebSite\",\"@id\":\"https:\/\/admin.industriall-union.org\/#website\",\"url\":\"https:\/\/admin.industriall-union.org\/\",\"name\":\"industriall-union\",\"description\":\"\",\"potentialAction\":[{\"@type\":\"SearchAction\",\"target\":{\"@type\":\"EntryPoint\",\"urlTemplate\":\"https:\/\/admin.industriall-union.org\/?s={search_term_string}\"},\"query-input\":{\"@type\":\"PropertyValueSpecification\",\"valueRequired\":true,\"valueName\":\"search_term_string\"}}],\"inLanguage\":\"fr-FR\"}]}<\/script>\n<!-- \/ Yoast SEO Premium plugin. -->","yoast_head_json":{"title":"Cr\u00e9ation d&#039;un conseil national de IndustriALL en R\u00e9publique Dominicaine - industriall-union","description":"Lors d&#039;une r\u00e9union tenue les 13 et 14 f\u00e9vrier, et facilit\u00e9e par Jorge Almeida et Laura Carter du bureau r\u00e9gional de IndustriALL, les dirigeants","robots":{"index":"index","follow":"follow","max-snippet":"max-snippet:-1","max-image-preview":"max-image-preview:large","max-video-preview":"max-video-preview:-1"},"canonical":"https:\/\/admin.industriall-union.org\/fr\/creation-d-039-un-conseil-national-de-industriall-en-republique-dominicaine\/","og_locale":"fr_FR","og_type":"article","og_title":"Cr\u00e9ation d&#039;un conseil national de IndustriALL en R\u00e9publique Dominicaine","og_description":"Lors d&#039;une r\u00e9union tenue les 13 et 14 f\u00e9vrier, et facilit\u00e9e par Jorge Almeida et Laura Carter du bureau r\u00e9gional de IndustriALL, les dirigeants","og_url":"https:\/\/admin.industriall-union.org\/fr\/creation-d-039-un-conseil-national-de-industriall-en-republique-dominicaine\/","og_site_name":"industriall-union","article_modified_time":"2025-02-08T04:23:49+00:00","twitter_card":"summary_large_image","twitter_misc":{"Est. reading time":"1 minute"},"schema":{"@context":"https:\/\/schema.org","@graph":[{"@type":"WebPage","@id":"https:\/\/admin.industriall-union.org\/fr\/creation-d-039-un-conseil-national-de-industriall-en-republique-dominicaine\/","url":"https:\/\/admin.industriall-union.org\/fr\/creation-d-039-un-conseil-national-de-industriall-en-republique-dominicaine\/","name":"Cr\u00e9ation d&#039;un conseil national de IndustriALL en R\u00e9publique Dominicaine - industriall-union","isPartOf":{"@id":"https:\/\/admin.industriall-union.org\/#website"},"datePublished":"2014-02-17T09:55:07+00:00","dateModified":"2025-02-08T04:23:49+00:00","description":"Lors d&#039;une r\u00e9union tenue les 13 et 14 f\u00e9vrier, et facilit\u00e9e par Jorge Almeida et Laura Carter du bureau r\u00e9gional de IndustriALL, les dirigeants","breadcrumb":{"@id":"https:\/\/admin.industriall-union.org\/fr\/creation-d-039-un-conseil-national-de-industriall-en-republique-dominicaine\/#breadcrumb"},"inLanguage":"fr-FR","potentialAction":[{"@type":"ReadAction","target":["https:\/\/admin.industriall-union.org\/fr\/creation-d-039-un-conseil-national-de-industriall-en-republique-dominicaine\/"]}]},{"@type":"BreadcrumbList","@id":"https:\/\/admin.industriall-union.org\/fr\/creation-d-039-un-conseil-national-de-industriall-en-republique-dominicaine\/#breadcrumb","itemListElement":[{"@type":"ListItem","position":1,"name":"Home","item":"https:\/\/admin.industriall-union.org\/"},{"@type":"ListItem","position":2,"name":"Articles","item":"https:\/\/admin.industriall-union.org\/article\/"},{"@type":"ListItem","position":3,"name":"Cr\u00e9ation d&#039;un conseil national de IndustriALL en R\u00e9publique Dominicaine"}]},{"@type":"WebSite","@id":"https:\/\/admin.industriall-union.org\/#website","url":"https:\/\/admin.industriall-union.org\/","name":"industriall-union","description":"","potentialAction":[{"@type":"SearchAction","target":{"@type":"EntryPoint","urlTemplate":"https:\/\/admin.industriall-union.org\/?s={search_term_string}"},"query-input":{"@type":"PropertyValueSpecification","valueRequired":true,"valueName":"search_term_string"}}],"inLanguage":"fr-FR"}]}},"_links":{"self":[{"href":"https:\/\/admin.industriall-union.org\/fr\/wp-json\/wp\/v2\/article\/152513","targetHints":{"allow":["GET"]}}],"collection":[{"href":"https:\/\/admin.industriall-union.org\/fr\/wp-json\/wp\/v2\/article"}],"about":[{"href":"https:\/\/admin.industriall-union.org\/fr\/wp-json\/wp\/v2\/types\/article"}],"wp:attachment":[{"href":"https:\/\/admin.industriall-union.org\/fr\/wp-json\/wp\/v2\/media?parent=152513"}],"wp:term":[{"taxonomy":"issues","embeddable":true,"href":"https:\/\/admin.industriall-union.org\/fr\/wp-json\/wp\/v2\/issues?post=152513"},{"taxonomy":"companies","embeddable":true,"href":"https:\/\/admin.industriall-union.org\/fr\/wp-json\/wp\/v2\/companies?post=152513"},{"taxonomy":"regions","embeddable":true,"href":"https:\/\/admin.industriall-union.org\/fr\/wp-json\/wp\/v2\/regions?post=152513"},{"taxonomy":"sectors","embeddable":true,"href":"https:\/\/admin.industriall-union.org\/fr\/wp-json\/wp\/v2\/sectors?post=152513"},{"taxonomy":"article_tags","embeddable":true,"href":"https:\/\/admin.industriall-union.org\/fr\/wp-json\/wp\/v2\/article_tags?post=152513"}],"curies":[{"name":"wp","href":"https:\/\/api.w.org\/{rel}","templated":true}]}}