{"id":152510,"date":"2014-02-17T13:17:20","date_gmt":"2014-02-17T13:17:20","guid":{"rendered":"https:\/\/admin.industriall-union.org\/industriall-appuie-les-syndicats-de-bosnie-herzegovine-qui-luttent-pour-la-justice-economique\/"},"modified":"2025-02-08T04:15:56","modified_gmt":"2025-02-08T04:15:56","slug":"industriall-appuie-les-syndicats-de-bosnie-herzegovine-qui-luttent-pour-la-justice-economique","status":"publish","type":"article","link":"https:\/\/admin.industriall-union.org\/fr\/industriall-appuie-les-syndicats-de-bosnie-herzegovine-qui-luttent-pour-la-justice-economique\/","title":{"rendered":"IndustriALL appuie les syndicats de Bosnie-Herz\u00e9govine qui luttent pour la justice \u00e9conomique"},"content":{"rendered":"<p>IndustriALL Global Union attire \u00e9galement l&rsquo;attention sur les courageux salari\u00e9s d&rsquo;entreprises industrielles autrefois glorieuses du Canton de Tuzla qui sont \u00e0 l&rsquo;origine des protestations sociales de ce mois et <a href=\"\/wp-content\/uploads\/documents\/Jyrki_Letters\/industriall_letter_to_bosnian_afiliates_17.-02-2014.pdf\">esp\u00e8re que tous les syndicats de Bosnie-Herz\u00e9govine vont suivre<\/a> et s&rsquo;engager dans des protestations pacifiques pour remettre sur de bons rails l&rsquo;ordre social dans cette nation des Balkans.<\/p><p>&laquo;&nbsp;Les graines qui sont en train de germer dans toute la Bosnie-Herz\u00e9govine ont \u00e9t\u00e9 sem\u00e9es par une col\u00e8re n\u00e9e de la faim et d&rsquo;un appauvrissement cons\u00e9cutifs aux emplois perdus, aux salaires impay\u00e9s et au ressenti d&rsquo;une g\u00e9n\u00e9ration priv\u00e9e de perspectives,&nbsp;&raquo; a d\u00e9clar\u00e9 le Secr\u00e9taire g\u00e9n\u00e9ral d&rsquo;IndustriALL Jyrki Raina.&nbsp;&laquo;&nbsp;Il est r\u00e9confortant de voir que les syndicats encouragent une critique ouverte et pacifique du dumping social, de la d\u00e9ch\u00e9ance sociale et de l&rsquo;in\u00e9galit\u00e9 sociale croissante.&nbsp;&raquo;<\/p><p>La Bosnie-Herz\u00e9govine, avec une population de 3,8 millions d&rsquo;habitants compte actuellement un citoyen sur cinq sous le seuil de pauvret\u00e9. Elle enregistre un taux de ch\u00f4mage de plus de 40% et, pire encore, 57% de jeunes sans emploi. IndustriALL en tient pour responsable le syst\u00e8me qui, il y a 15 ans, lorsque l&rsquo;industrie a \u00e9t\u00e9 privatis\u00e9e sur un mod\u00e8le n\u00e9o-lib\u00e9ral, a engendr\u00e9 une classe de dangereux profiteurs qui ont form\u00e9 une collusion avec des fonctionnaires gouvernementaux pour d\u00e9graisser, fermer et vider les caisses en laissant dans son sillage mis\u00e8re et ch\u00f4mage.<\/p><p>IndustriALL Global Union trouve un r\u00e9confort dans ces protestations sociales spontan\u00e9es qui traversent la Bosnie-Herz\u00e9govine, g\u00e9n\u00e9reusement aliment\u00e9e par les media sociaux, et appelle les citoyens \u00e0 s&rsquo;unir par-del\u00e0 toute barri\u00e8re ethnique pour fa\u00e7onner une soci\u00e9t\u00e9 bas\u00e9e sur l&rsquo;\u00e9quit\u00e9, la justice et l&rsquo;ouverture \u00e0 l&rsquo;autre.<\/p><p>IndustriALL Global Union f\u00e9licite les travailleurs et travailleuses de ces industries d\u00e9chues du Canton de Tuzla et d&rsquo;ailleurs d&rsquo;avoir montr\u00e9 la voie \u00e0 la fois en Bosnie-Herz\u00e9govine et en dehors par des actions dans les rues pour exiger le changement&nbsp;: ceux et celles du producteur de savons et d\u00e9tergents Dita, des entreprises chimiques Polihem D.D. et Polilchem D.D.O., de l&rsquo;\u00e9quipementier automobile Resod Guming et du producteur de mobilier de cuisine, de bureau et d&rsquo;\u00e9cole Koinjuh D.D.<\/p>","protected":false},"featured_media":0,"template":"","issues":[412,420],"companies":[],"regions":[209],"sectors":[],"article_tags":[527],"class_list":["post-152510","article","type-article","status-publish","hentry","issues-social-justice-and-globalization","issues-solidarity","regions-bosnia-herzegovina","article_tags-social-protection"],"acf":[],"yoast_head":"<!-- This site is optimized with the Yoast SEO Premium plugin v27.1 (Yoast SEO v27.1) - https:\/\/yoast.com\/product\/yoast-seo-premium-wordpress\/ -->\n<title>IndustriALL appuie les syndicats de Bosnie-Herz\u00e9govine qui luttent pour la justice \u00e9conomique - industriall-union<\/title>\n<meta name=\"description\" content=\"IndustriALL Global Union attire \u00e9galement l&rsquo;attention sur les courageux salari\u00e9s d&rsquo;entreprises industrielles autrefois glorieuses du Canton de\" \/>\n<meta name=\"robots\" content=\"index, follow, max-snippet:-1, max-image-preview:large, max-video-preview:-1\" \/>\n<link rel=\"canonical\" href=\"https:\/\/admin.industriall-union.org\/fr\/industriall-appuie-les-syndicats-de-bosnie-herzegovine-qui-luttent-pour-la-justice-economique\/\" \/>\n<meta property=\"og:locale\" content=\"fr_FR\" \/>\n<meta property=\"og:type\" content=\"article\" \/>\n<meta property=\"og:title\" content=\"IndustriALL appuie les syndicats de Bosnie-Herz\u00e9govine qui luttent pour la justice \u00e9conomique\" \/>\n<meta property=\"og:description\" content=\"IndustriALL Global Union attire \u00e9galement l&rsquo;attention sur les courageux salari\u00e9s d&rsquo;entreprises industrielles autrefois glorieuses du Canton de\" \/>\n<meta property=\"og:url\" content=\"https:\/\/admin.industriall-union.org\/fr\/industriall-appuie-les-syndicats-de-bosnie-herzegovine-qui-luttent-pour-la-justice-economique\/\" \/>\n<meta property=\"og:site_name\" content=\"industriall-union\" \/>\n<meta property=\"article:modified_time\" content=\"2025-02-08T04:15:56+00:00\" \/>\n<meta name=\"twitter:card\" content=\"summary_large_image\" \/>\n<meta name=\"twitter:label1\" content=\"Est. reading time\" \/>\n\t<meta name=\"twitter:data1\" content=\"2 minutes\" \/>\n<script type=\"application\/ld+json\" class=\"yoast-schema-graph\">{\"@context\":\"https:\/\/schema.org\",\"@graph\":[{\"@type\":\"WebPage\",\"@id\":\"https:\/\/admin.industriall-union.org\/fr\/industriall-appuie-les-syndicats-de-bosnie-herzegovine-qui-luttent-pour-la-justice-economique\/\",\"url\":\"https:\/\/admin.industriall-union.org\/fr\/industriall-appuie-les-syndicats-de-bosnie-herzegovine-qui-luttent-pour-la-justice-economique\/\",\"name\":\"IndustriALL appuie les syndicats de Bosnie-Herz\u00e9govine qui luttent pour la justice \u00e9conomique - industriall-union\",\"isPartOf\":{\"@id\":\"https:\/\/admin.industriall-union.org\/#website\"},\"datePublished\":\"2014-02-17T13:17:20+00:00\",\"dateModified\":\"2025-02-08T04:15:56+00:00\",\"description\":\"IndustriALL Global Union attire \u00e9galement l&rsquo;attention sur les courageux salari\u00e9s d&rsquo;entreprises industrielles autrefois glorieuses du Canton de\",\"breadcrumb\":{\"@id\":\"https:\/\/admin.industriall-union.org\/fr\/industriall-appuie-les-syndicats-de-bosnie-herzegovine-qui-luttent-pour-la-justice-economique\/#breadcrumb\"},\"inLanguage\":\"fr-FR\",\"potentialAction\":[{\"@type\":\"ReadAction\",\"target\":[\"https:\/\/admin.industriall-union.org\/fr\/industriall-appuie-les-syndicats-de-bosnie-herzegovine-qui-luttent-pour-la-justice-economique\/\"]}]},{\"@type\":\"BreadcrumbList\",\"@id\":\"https:\/\/admin.industriall-union.org\/fr\/industriall-appuie-les-syndicats-de-bosnie-herzegovine-qui-luttent-pour-la-justice-economique\/#breadcrumb\",\"itemListElement\":[{\"@type\":\"ListItem\",\"position\":1,\"name\":\"Home\",\"item\":\"https:\/\/admin.industriall-union.org\/\"},{\"@type\":\"ListItem\",\"position\":2,\"name\":\"Articles\",\"item\":\"https:\/\/admin.industriall-union.org\/article\/\"},{\"@type\":\"ListItem\",\"position\":3,\"name\":\"IndustriALL appuie les syndicats de Bosnie-Herz\u00e9govine qui luttent pour la justice \u00e9conomique\"}]},{\"@type\":\"WebSite\",\"@id\":\"https:\/\/admin.industriall-union.org\/#website\",\"url\":\"https:\/\/admin.industriall-union.org\/\",\"name\":\"industriall-union\",\"description\":\"\",\"potentialAction\":[{\"@type\":\"SearchAction\",\"target\":{\"@type\":\"EntryPoint\",\"urlTemplate\":\"https:\/\/admin.industriall-union.org\/?s={search_term_string}\"},\"query-input\":{\"@type\":\"PropertyValueSpecification\",\"valueRequired\":true,\"valueName\":\"search_term_string\"}}],\"inLanguage\":\"fr-FR\"}]}<\/script>\n<!-- \/ Yoast SEO Premium plugin. -->","yoast_head_json":{"title":"IndustriALL appuie les syndicats de Bosnie-Herz\u00e9govine qui luttent pour la justice \u00e9conomique - industriall-union","description":"IndustriALL Global Union attire \u00e9galement l&rsquo;attention sur les courageux salari\u00e9s d&rsquo;entreprises industrielles autrefois glorieuses du Canton de","robots":{"index":"index","follow":"follow","max-snippet":"max-snippet:-1","max-image-preview":"max-image-preview:large","max-video-preview":"max-video-preview:-1"},"canonical":"https:\/\/admin.industriall-union.org\/fr\/industriall-appuie-les-syndicats-de-bosnie-herzegovine-qui-luttent-pour-la-justice-economique\/","og_locale":"fr_FR","og_type":"article","og_title":"IndustriALL appuie les syndicats de Bosnie-Herz\u00e9govine qui luttent pour la justice \u00e9conomique","og_description":"IndustriALL Global Union attire \u00e9galement l&rsquo;attention sur les courageux salari\u00e9s d&rsquo;entreprises industrielles autrefois glorieuses du Canton de","og_url":"https:\/\/admin.industriall-union.org\/fr\/industriall-appuie-les-syndicats-de-bosnie-herzegovine-qui-luttent-pour-la-justice-economique\/","og_site_name":"industriall-union","article_modified_time":"2025-02-08T04:15:56+00:00","twitter_card":"summary_large_image","twitter_misc":{"Est. reading time":"2 minutes"},"schema":{"@context":"https:\/\/schema.org","@graph":[{"@type":"WebPage","@id":"https:\/\/admin.industriall-union.org\/fr\/industriall-appuie-les-syndicats-de-bosnie-herzegovine-qui-luttent-pour-la-justice-economique\/","url":"https:\/\/admin.industriall-union.org\/fr\/industriall-appuie-les-syndicats-de-bosnie-herzegovine-qui-luttent-pour-la-justice-economique\/","name":"IndustriALL appuie les syndicats de Bosnie-Herz\u00e9govine qui luttent pour la justice \u00e9conomique - industriall-union","isPartOf":{"@id":"https:\/\/admin.industriall-union.org\/#website"},"datePublished":"2014-02-17T13:17:20+00:00","dateModified":"2025-02-08T04:15:56+00:00","description":"IndustriALL Global Union attire \u00e9galement l&rsquo;attention sur les courageux salari\u00e9s d&rsquo;entreprises industrielles autrefois glorieuses du Canton de","breadcrumb":{"@id":"https:\/\/admin.industriall-union.org\/fr\/industriall-appuie-les-syndicats-de-bosnie-herzegovine-qui-luttent-pour-la-justice-economique\/#breadcrumb"},"inLanguage":"fr-FR","potentialAction":[{"@type":"ReadAction","target":["https:\/\/admin.industriall-union.org\/fr\/industriall-appuie-les-syndicats-de-bosnie-herzegovine-qui-luttent-pour-la-justice-economique\/"]}]},{"@type":"BreadcrumbList","@id":"https:\/\/admin.industriall-union.org\/fr\/industriall-appuie-les-syndicats-de-bosnie-herzegovine-qui-luttent-pour-la-justice-economique\/#breadcrumb","itemListElement":[{"@type":"ListItem","position":1,"name":"Home","item":"https:\/\/admin.industriall-union.org\/"},{"@type":"ListItem","position":2,"name":"Articles","item":"https:\/\/admin.industriall-union.org\/article\/"},{"@type":"ListItem","position":3,"name":"IndustriALL appuie les syndicats de Bosnie-Herz\u00e9govine qui luttent pour la justice \u00e9conomique"}]},{"@type":"WebSite","@id":"https:\/\/admin.industriall-union.org\/#website","url":"https:\/\/admin.industriall-union.org\/","name":"industriall-union","description":"","potentialAction":[{"@type":"SearchAction","target":{"@type":"EntryPoint","urlTemplate":"https:\/\/admin.industriall-union.org\/?s={search_term_string}"},"query-input":{"@type":"PropertyValueSpecification","valueRequired":true,"valueName":"search_term_string"}}],"inLanguage":"fr-FR"}]}},"_links":{"self":[{"href":"https:\/\/admin.industriall-union.org\/fr\/wp-json\/wp\/v2\/article\/152510","targetHints":{"allow":["GET"]}}],"collection":[{"href":"https:\/\/admin.industriall-union.org\/fr\/wp-json\/wp\/v2\/article"}],"about":[{"href":"https:\/\/admin.industriall-union.org\/fr\/wp-json\/wp\/v2\/types\/article"}],"wp:attachment":[{"href":"https:\/\/admin.industriall-union.org\/fr\/wp-json\/wp\/v2\/media?parent=152510"}],"wp:term":[{"taxonomy":"issues","embeddable":true,"href":"https:\/\/admin.industriall-union.org\/fr\/wp-json\/wp\/v2\/issues?post=152510"},{"taxonomy":"companies","embeddable":true,"href":"https:\/\/admin.industriall-union.org\/fr\/wp-json\/wp\/v2\/companies?post=152510"},{"taxonomy":"regions","embeddable":true,"href":"https:\/\/admin.industriall-union.org\/fr\/wp-json\/wp\/v2\/regions?post=152510"},{"taxonomy":"sectors","embeddable":true,"href":"https:\/\/admin.industriall-union.org\/fr\/wp-json\/wp\/v2\/sectors?post=152510"},{"taxonomy":"article_tags","embeddable":true,"href":"https:\/\/admin.industriall-union.org\/fr\/wp-json\/wp\/v2\/article_tags?post=152510"}],"curies":[{"name":"wp","href":"https:\/\/api.w.org\/{rel}","templated":true}]}}