{"id":152502,"date":"2014-02-21T15:47:20","date_gmt":"2014-02-21T15:47:20","guid":{"rendered":"https:\/\/admin.industriall-union.org\/ukraine-une-solution-politique-doit-amener-un-veritable-retablissement-de-la-democratie-et-des-droits-de-l-039-homme\/"},"modified":"2025-02-08T04:08:03","modified_gmt":"2025-02-08T04:08:03","slug":"ukraine-une-solution-politique-doit-amener-un-veritable-retablissement-de-la-democratie-et-des-droits-de-l-039-homme","status":"publish","type":"article","link":"https:\/\/admin.industriall-union.org\/fr\/ukraine-une-solution-politique-doit-amener-un-veritable-retablissement-de-la-democratie-et-des-droits-de-l-039-homme\/","title":{"rendered":"Ukraine : une solution politique doit amener un v\u00e9ritable r\u00e9tablissement de la d\u00e9mocratie et des droits de l&#039;homme"},"content":{"rendered":"<p>Apr\u00e8s des pourparlers avec les opposants, qui ont dur\u00e9 toute la nuit sous l&#039;\u00e9gide de trois ministres des affaires \u00e9trang\u00e8res europ\u00e9ens, le 21 f\u00e9vrier, le <a href=\"http:\/\/www.president.gov.ua\/en\/news\/30116.html\">Pr\u00e9sident a accept\u00e9<\/a> de r\u00e9tablir la constitution de 2004 dans les quarante-huit heures et de constituer dans les dix jours un gouvernement d&#039;union nationale.<\/p><p>Une r\u00e9forme de la constitution destin\u00e9e \u00e0 \u00e9quilibrer les pouvoirs du pr\u00e9sident, du gouvernement et du parlement sera entam\u00e9e sur-le-champ et le scrutin pr\u00e9sidentiel se tiendra en d\u00e9cembre 2014 au plus tard.<\/p><p>Le Secr\u00e9taire g\u00e9n\u00e9ral adjoint d&#039;IndustriALL Global Union, Kemal \u00d6zkan, a d\u00e9clar\u00e9 :<\/p><blockquote><p>L&#039;Ukraine, sa population et ses syndicats ont terriblement souffert du d\u00e9ferlement de violence de ces derniers jours. Nous esp\u00e9rons qu&#039;avec ce nouvel accord politique, le gouvernement ukrainien arr\u00eatera imm\u00e9diatement les effusions de sang et concentrera tous ses efforts sur le r\u00e9tablissement de la d\u00e9mocratie et des droits de l&#039;homme et sur la mise en place d&#039;un dialogue ouvert avec l&#039;opposition.<\/p><\/blockquote><p>Pour le Secr\u00e9taire g\u00e9n\u00e9ral adjoint d&#039;IndustriALL Europe, Luc Triangle :<\/p><blockquote><p>Une chose est claire, protester pacifiquement est inh\u00e9rent \u00e0 la d\u00e9mocratie. L&#039;Ukraine doit arriver d\u00e8s que possible \u00e0 un compromis politique entre l&#039;actuel Pr\u00e9sident, le gouvernement et les manifestants. Nos pens\u00e9es et notre soutien vont \u00e0 l&#039;Ukraine, \u00e0 sa population et ses travailleurs !<\/p><\/blockquote><p>IndustriALL Global Union et IndustriALL Europe sont scandalis\u00e9s par la violence qu&#039;ont subie les activistes de la place Ma\u00efdan, \u00e0 Kiev, et par l&#039;incendie qui a ravag\u00e9 en grande partie la Maison des syndicats dans la nuit du 18 f\u00e9vrier.<\/p><p>Cet immeuble abritait les bureaux de la plupart des affili\u00e9s d&#039;IndustriALL. Le feu a d\u00e9truit un pr\u00e9cieux mat\u00e9riel, des ordinateurs et de la documentation. Il semblerait que ce soient les forces anti\u00e9meutes de la police, les &quot;berkhouts&quot;, qui aient voulu sa destruction. Tout le monde savait que le b\u00e2timent servait de refuge aux manifestants.<\/p><p>Le monde entier a les yeux tourn\u00e9s vers la place Ma\u00efdan et le Palais d&#039;octobre alors que les corps des manifestants assassin\u00e9s sont \u00e9vacu\u00e9s, certains apr\u00e8s plusieurs heures laiss\u00e9s sur les pav\u00e9s. La plupart des morts ont \u00e9t\u00e9 tu\u00e9s par la police, m\u00eame certains d&#039;entre eux qui portaient des gilets pare-balles, la police ayant tir\u00e9 \u00e0 balles perforantes.<\/p><p>Une autre menace pour les manifestants venait des &quot;snipers&quot; de la police embusqu\u00e9s sur les toits des b\u00e2timents autour de la place Ma\u00efdan et des &quot;titushki&quot;, des hommes de main qui seraient \u00e0 la solde du gouvernement.<\/p><p>La station de m\u00e9tro Arsenalna est un point de rassemblement des forces progouvernementales et les manifestants craignent qu&#039;une attaque soit lanc\u00e9e \u00e0 partir de celle-ci.<\/p><p>D&#039;autres mouvements d&#039;agitation populaire ont \u00e9clat\u00e9 un peu partout en Ukraine, des foules en col\u00e8re s&#039;en prenant \u00e0 des immeubles de l&#039;administration et des forces de s\u00e9curit\u00e9.<\/p>","protected":false},"featured_media":0,"template":"","issues":[422],"companies":[],"regions":[252],"sectors":[],"article_tags":[],"class_list":["post-152502","article","type-article","status-publish","hentry","issues-human-trade-union-rights","regions-ukraine"],"acf":[],"yoast_head":"<!-- This site is optimized with the Yoast SEO Premium plugin v27.1 (Yoast SEO v27.1) - https:\/\/yoast.com\/product\/yoast-seo-premium-wordpress\/ -->\n<title>Ukraine : une solution politique doit amener un v\u00e9ritable r\u00e9tablissement de la d\u00e9mocratie et des droits de l&#039;homme - industriall-union<\/title>\n<meta name=\"description\" content=\"Apr\u00e8s des pourparlers avec les opposants, qui ont dur\u00e9 toute la nuit sous l&#039;\u00e9gide de trois ministres des affaires \u00e9trang\u00e8res europ\u00e9ens, le 21\" \/>\n<meta name=\"robots\" content=\"index, follow, max-snippet:-1, max-image-preview:large, max-video-preview:-1\" \/>\n<link rel=\"canonical\" href=\"https:\/\/admin.industriall-union.org\/fr\/ukraine-une-solution-politique-doit-amener-un-veritable-retablissement-de-la-democratie-et-des-droits-de-l-039-homme\/\" \/>\n<meta property=\"og:locale\" content=\"fr_FR\" \/>\n<meta property=\"og:type\" content=\"article\" \/>\n<meta property=\"og:title\" content=\"Ukraine : une solution politique doit amener un v\u00e9ritable r\u00e9tablissement de la d\u00e9mocratie et des droits de l&#039;homme\" \/>\n<meta property=\"og:description\" content=\"Apr\u00e8s des pourparlers avec les opposants, qui ont dur\u00e9 toute la nuit sous l&#039;\u00e9gide de trois ministres des affaires \u00e9trang\u00e8res europ\u00e9ens, le 21\" \/>\n<meta property=\"og:url\" content=\"https:\/\/admin.industriall-union.org\/fr\/ukraine-une-solution-politique-doit-amener-un-veritable-retablissement-de-la-democratie-et-des-droits-de-l-039-homme\/\" \/>\n<meta property=\"og:site_name\" content=\"industriall-union\" \/>\n<meta property=\"article:modified_time\" content=\"2025-02-08T04:08:03+00:00\" \/>\n<meta name=\"twitter:card\" content=\"summary_large_image\" \/>\n<meta name=\"twitter:label1\" content=\"Est. reading time\" \/>\n\t<meta name=\"twitter:data1\" content=\"3 minutes\" \/>\n<script type=\"application\/ld+json\" class=\"yoast-schema-graph\">{\"@context\":\"https:\/\/schema.org\",\"@graph\":[{\"@type\":\"WebPage\",\"@id\":\"https:\/\/admin.industriall-union.org\/fr\/ukraine-une-solution-politique-doit-amener-un-veritable-retablissement-de-la-democratie-et-des-droits-de-l-039-homme\/\",\"url\":\"https:\/\/admin.industriall-union.org\/fr\/ukraine-une-solution-politique-doit-amener-un-veritable-retablissement-de-la-democratie-et-des-droits-de-l-039-homme\/\",\"name\":\"Ukraine : une solution politique doit amener un v\u00e9ritable r\u00e9tablissement de la d\u00e9mocratie et des droits de l&#039;homme - industriall-union\",\"isPartOf\":{\"@id\":\"https:\/\/admin.industriall-union.org\/#website\"},\"datePublished\":\"2014-02-21T15:47:20+00:00\",\"dateModified\":\"2025-02-08T04:08:03+00:00\",\"description\":\"Apr\u00e8s des pourparlers avec les opposants, qui ont dur\u00e9 toute la nuit sous l&#039;\u00e9gide de trois ministres des affaires \u00e9trang\u00e8res europ\u00e9ens, le 21\",\"breadcrumb\":{\"@id\":\"https:\/\/admin.industriall-union.org\/fr\/ukraine-une-solution-politique-doit-amener-un-veritable-retablissement-de-la-democratie-et-des-droits-de-l-039-homme\/#breadcrumb\"},\"inLanguage\":\"fr-FR\",\"potentialAction\":[{\"@type\":\"ReadAction\",\"target\":[\"https:\/\/admin.industriall-union.org\/fr\/ukraine-une-solution-politique-doit-amener-un-veritable-retablissement-de-la-democratie-et-des-droits-de-l-039-homme\/\"]}]},{\"@type\":\"BreadcrumbList\",\"@id\":\"https:\/\/admin.industriall-union.org\/fr\/ukraine-une-solution-politique-doit-amener-un-veritable-retablissement-de-la-democratie-et-des-droits-de-l-039-homme\/#breadcrumb\",\"itemListElement\":[{\"@type\":\"ListItem\",\"position\":1,\"name\":\"Home\",\"item\":\"https:\/\/admin.industriall-union.org\/\"},{\"@type\":\"ListItem\",\"position\":2,\"name\":\"Articles\",\"item\":\"https:\/\/admin.industriall-union.org\/article\/\"},{\"@type\":\"ListItem\",\"position\":3,\"name\":\"Ukraine : une solution politique doit amener un v\u00e9ritable r\u00e9tablissement de la d\u00e9mocratie et des droits de l&#039;homme\"}]},{\"@type\":\"WebSite\",\"@id\":\"https:\/\/admin.industriall-union.org\/#website\",\"url\":\"https:\/\/admin.industriall-union.org\/\",\"name\":\"industriall-union\",\"description\":\"\",\"potentialAction\":[{\"@type\":\"SearchAction\",\"target\":{\"@type\":\"EntryPoint\",\"urlTemplate\":\"https:\/\/admin.industriall-union.org\/?s={search_term_string}\"},\"query-input\":{\"@type\":\"PropertyValueSpecification\",\"valueRequired\":true,\"valueName\":\"search_term_string\"}}],\"inLanguage\":\"fr-FR\"}]}<\/script>\n<!-- \/ Yoast SEO Premium plugin. -->","yoast_head_json":{"title":"Ukraine : une solution politique doit amener un v\u00e9ritable r\u00e9tablissement de la d\u00e9mocratie et des droits de l&#039;homme - industriall-union","description":"Apr\u00e8s des pourparlers avec les opposants, qui ont dur\u00e9 toute la nuit sous l&#039;\u00e9gide de trois ministres des affaires \u00e9trang\u00e8res europ\u00e9ens, le 21","robots":{"index":"index","follow":"follow","max-snippet":"max-snippet:-1","max-image-preview":"max-image-preview:large","max-video-preview":"max-video-preview:-1"},"canonical":"https:\/\/admin.industriall-union.org\/fr\/ukraine-une-solution-politique-doit-amener-un-veritable-retablissement-de-la-democratie-et-des-droits-de-l-039-homme\/","og_locale":"fr_FR","og_type":"article","og_title":"Ukraine : une solution politique doit amener un v\u00e9ritable r\u00e9tablissement de la d\u00e9mocratie et des droits de l&#039;homme","og_description":"Apr\u00e8s des pourparlers avec les opposants, qui ont dur\u00e9 toute la nuit sous l&#039;\u00e9gide de trois ministres des affaires \u00e9trang\u00e8res europ\u00e9ens, le 21","og_url":"https:\/\/admin.industriall-union.org\/fr\/ukraine-une-solution-politique-doit-amener-un-veritable-retablissement-de-la-democratie-et-des-droits-de-l-039-homme\/","og_site_name":"industriall-union","article_modified_time":"2025-02-08T04:08:03+00:00","twitter_card":"summary_large_image","twitter_misc":{"Est. reading time":"3 minutes"},"schema":{"@context":"https:\/\/schema.org","@graph":[{"@type":"WebPage","@id":"https:\/\/admin.industriall-union.org\/fr\/ukraine-une-solution-politique-doit-amener-un-veritable-retablissement-de-la-democratie-et-des-droits-de-l-039-homme\/","url":"https:\/\/admin.industriall-union.org\/fr\/ukraine-une-solution-politique-doit-amener-un-veritable-retablissement-de-la-democratie-et-des-droits-de-l-039-homme\/","name":"Ukraine : une solution politique doit amener un v\u00e9ritable r\u00e9tablissement de la d\u00e9mocratie et des droits de l&#039;homme - industriall-union","isPartOf":{"@id":"https:\/\/admin.industriall-union.org\/#website"},"datePublished":"2014-02-21T15:47:20+00:00","dateModified":"2025-02-08T04:08:03+00:00","description":"Apr\u00e8s des pourparlers avec les opposants, qui ont dur\u00e9 toute la nuit sous l&#039;\u00e9gide de trois ministres des affaires \u00e9trang\u00e8res europ\u00e9ens, le 21","breadcrumb":{"@id":"https:\/\/admin.industriall-union.org\/fr\/ukraine-une-solution-politique-doit-amener-un-veritable-retablissement-de-la-democratie-et-des-droits-de-l-039-homme\/#breadcrumb"},"inLanguage":"fr-FR","potentialAction":[{"@type":"ReadAction","target":["https:\/\/admin.industriall-union.org\/fr\/ukraine-une-solution-politique-doit-amener-un-veritable-retablissement-de-la-democratie-et-des-droits-de-l-039-homme\/"]}]},{"@type":"BreadcrumbList","@id":"https:\/\/admin.industriall-union.org\/fr\/ukraine-une-solution-politique-doit-amener-un-veritable-retablissement-de-la-democratie-et-des-droits-de-l-039-homme\/#breadcrumb","itemListElement":[{"@type":"ListItem","position":1,"name":"Home","item":"https:\/\/admin.industriall-union.org\/"},{"@type":"ListItem","position":2,"name":"Articles","item":"https:\/\/admin.industriall-union.org\/article\/"},{"@type":"ListItem","position":3,"name":"Ukraine : une solution politique doit amener un v\u00e9ritable r\u00e9tablissement de la d\u00e9mocratie et des droits de l&#039;homme"}]},{"@type":"WebSite","@id":"https:\/\/admin.industriall-union.org\/#website","url":"https:\/\/admin.industriall-union.org\/","name":"industriall-union","description":"","potentialAction":[{"@type":"SearchAction","target":{"@type":"EntryPoint","urlTemplate":"https:\/\/admin.industriall-union.org\/?s={search_term_string}"},"query-input":{"@type":"PropertyValueSpecification","valueRequired":true,"valueName":"search_term_string"}}],"inLanguage":"fr-FR"}]}},"_links":{"self":[{"href":"https:\/\/admin.industriall-union.org\/fr\/wp-json\/wp\/v2\/article\/152502","targetHints":{"allow":["GET"]}}],"collection":[{"href":"https:\/\/admin.industriall-union.org\/fr\/wp-json\/wp\/v2\/article"}],"about":[{"href":"https:\/\/admin.industriall-union.org\/fr\/wp-json\/wp\/v2\/types\/article"}],"wp:attachment":[{"href":"https:\/\/admin.industriall-union.org\/fr\/wp-json\/wp\/v2\/media?parent=152502"}],"wp:term":[{"taxonomy":"issues","embeddable":true,"href":"https:\/\/admin.industriall-union.org\/fr\/wp-json\/wp\/v2\/issues?post=152502"},{"taxonomy":"companies","embeddable":true,"href":"https:\/\/admin.industriall-union.org\/fr\/wp-json\/wp\/v2\/companies?post=152502"},{"taxonomy":"regions","embeddable":true,"href":"https:\/\/admin.industriall-union.org\/fr\/wp-json\/wp\/v2\/regions?post=152502"},{"taxonomy":"sectors","embeddable":true,"href":"https:\/\/admin.industriall-union.org\/fr\/wp-json\/wp\/v2\/sectors?post=152502"},{"taxonomy":"article_tags","embeddable":true,"href":"https:\/\/admin.industriall-union.org\/fr\/wp-json\/wp\/v2\/article_tags?post=152502"}],"curies":[{"name":"wp","href":"https:\/\/api.w.org\/{rel}","templated":true}]}}