{"id":152476,"date":"2014-03-07T15:51:09","date_gmt":"2014-03-07T15:51:09","guid":{"rendered":"https:\/\/admin.industriall-union.org\/les-marques-de-rana-plaza-doivent-payer-des-indemnites-d-ici-au-24-avril-a-9h00\/"},"modified":"2025-02-08T03:47:00","modified_gmt":"2025-02-08T03:47:00","slug":"les-marques-de-rana-plaza-doivent-payer-des-indemnites-d-ici-au-24-avril-a-9h00","status":"publish","type":"article","link":"https:\/\/admin.industriall-union.org\/fr\/les-marques-de-rana-plaza-doivent-payer-des-indemnites-d-ici-au-24-avril-a-9h00\/","title":{"rendered":"Les marques de Rana Plaza doivent payer des indemnit\u00e9s d\u2019ici au 24 avril \u00e0 9h00"},"content":{"rendered":"<p>Les fonds n\u00e9cessaires s&rsquo;\u00e9l\u00e8vent au total \u00e0 40 millions de dollars pour payer un niveau correct de d\u00e9dommagement aux familles des 1.138 travailleurs et travailleuses qui ont p\u00e9ri ensevelis dans les d\u00e9combres de leurs postes de travail du Rana Plaza ainsi qu&rsquo;aux survivants, dont des centaines ont perdus des membres ou ont \u00e9t\u00e9 rendus inaptes au travail \u00e0 la suite de l&rsquo;effondrement de l&#039;usine.<\/p><p>Un processus ouvert a \u00e9t\u00e9 men\u00e9 sous les auspices de l&rsquo;OIT durant la seconde moiti\u00e9 de 2013, qui a permis d&rsquo;aboutir \u00e0 un accord final en d\u00e9cembre 2013 portant l&rsquo;engagement sign\u00e9 de toutes les parties. L&rsquo;arrangement destin\u00e9 \u00e0 constituer le Fonds des Partenaires Donateurs Cosignataires du Comit\u00e9 de Coordination de Rana Plaza et le cadre de l&rsquo;Accord voit la participation du gouvernement bangladais, des syndicats bangladais, des fabricants bangladais, d&rsquo;IndustriALL Global Union et de la Campagne Clean Clothes ainsi que quatre marques cl\u00e9s.<\/p><p>Tout un chacun \u00e0 la possibilit\u00e9 de faire une contribution humanitaire au Fond et les marques de v\u00eatements qui s&rsquo;approvisionnent au Bangladesh sont encourag\u00e9es \u00e0 le faire.<\/p><p>Cependant, les marques li\u00e9es \u00e0 Rana Plaza, et la liste est longue, DOIVENT verser leur quote-part d&rsquo;urgence.<\/p><p>Adler, Auchan, Benetton, Camaieu, Carrefour, Carrona, Cato Fashions, Children&rsquo;s Place, JC Penney, Kids for Fashion, Lee Cooper, Manifattura Corona, Mango, Matalan, NKD, Premier Clothing, Primark, PVT (Texman), Store 21, Yes Zee, Walmart.<\/p><p>Soutenez IndustriALL Global Union, UNI Global Union et la Campagne Clean Clothes et assurez-vous que ces marques versent leur contribution. Signez la <a href=\"http:\/\/www.labourstartcampaigns.net\/show_campaign.cgi?c=2200\">Campagne LabourStart<\/a> ici et dites aux marques de Rana Plaza :<\/p><blockquote><p>Si votre entreprise est toujours sur cette liste le 24 avril, date marquant le premier anniversaire de la catastrophe, votre message aux consommateurs sera clair par rapport aux conditions au sein de votre cha\u00eene d&rsquo;approvisionnement.<\/p><\/blockquote><p>Vous et votre organisation pouvez \u00e9galement faire un don solidaire aupr\u00e8s du fond en suivant les instructions sur le <a href=\"http:\/\/www.ranaplaza-arrangement.org\/\">site internet consacr\u00e9 \u00e0 l&#039;Arrangement du Rana Plaza<\/a>.<\/p>","protected":false},"featured_media":0,"template":"","issues":[414,422],"companies":[],"regions":[159],"sectors":[465],"article_tags":[],"class_list":["post-152476","article","type-article","status-publish","hentry","issues-action-on-bangladesh","issues-human-trade-union-rights","regions-bangladesh","sectors-garment"],"acf":[],"yoast_head":"<!-- This site is optimized with the Yoast SEO Premium plugin v27.1 (Yoast SEO v27.1) - https:\/\/yoast.com\/product\/yoast-seo-premium-wordpress\/ -->\n<title>Les marques de Rana Plaza doivent payer des indemnit\u00e9s d\u2019ici au 24 avril \u00e0 9h00 - industriall-union<\/title>\n<meta name=\"description\" content=\"Les fonds n\u00e9cessaires s&rsquo;\u00e9l\u00e8vent au total \u00e0 40 millions de dollars pour payer un niveau correct de d\u00e9dommagement aux familles des 1.138 travailleurs\" \/>\n<meta name=\"robots\" content=\"index, follow, max-snippet:-1, max-image-preview:large, max-video-preview:-1\" \/>\n<link rel=\"canonical\" href=\"https:\/\/admin.industriall-union.org\/fr\/les-marques-de-rana-plaza-doivent-payer-des-indemnites-d-ici-au-24-avril-a-9h00\/\" \/>\n<meta property=\"og:locale\" content=\"fr_FR\" \/>\n<meta property=\"og:type\" content=\"article\" \/>\n<meta property=\"og:title\" content=\"Les marques de Rana Plaza doivent payer des indemnit\u00e9s d\u2019ici au 24 avril \u00e0 9h00\" \/>\n<meta property=\"og:description\" content=\"Les fonds n\u00e9cessaires s&rsquo;\u00e9l\u00e8vent au total \u00e0 40 millions de dollars pour payer un niveau correct de d\u00e9dommagement aux familles des 1.138 travailleurs\" \/>\n<meta property=\"og:url\" content=\"https:\/\/admin.industriall-union.org\/fr\/les-marques-de-rana-plaza-doivent-payer-des-indemnites-d-ici-au-24-avril-a-9h00\/\" \/>\n<meta property=\"og:site_name\" content=\"industriall-union\" \/>\n<meta property=\"article:modified_time\" content=\"2025-02-08T03:47:00+00:00\" \/>\n<meta name=\"twitter:card\" content=\"summary_large_image\" \/>\n<meta name=\"twitter:label1\" content=\"Est. reading time\" \/>\n\t<meta name=\"twitter:data1\" content=\"2 minutes\" \/>\n<script type=\"application\/ld+json\" class=\"yoast-schema-graph\">{\"@context\":\"https:\/\/schema.org\",\"@graph\":[{\"@type\":\"WebPage\",\"@id\":\"https:\/\/admin.industriall-union.org\/fr\/les-marques-de-rana-plaza-doivent-payer-des-indemnites-d-ici-au-24-avril-a-9h00\/\",\"url\":\"https:\/\/admin.industriall-union.org\/fr\/les-marques-de-rana-plaza-doivent-payer-des-indemnites-d-ici-au-24-avril-a-9h00\/\",\"name\":\"Les marques de Rana Plaza doivent payer des indemnit\u00e9s d\u2019ici au 24 avril \u00e0 9h00 - industriall-union\",\"isPartOf\":{\"@id\":\"https:\/\/admin.industriall-union.org\/#website\"},\"datePublished\":\"2014-03-07T15:51:09+00:00\",\"dateModified\":\"2025-02-08T03:47:00+00:00\",\"description\":\"Les fonds n\u00e9cessaires s&rsquo;\u00e9l\u00e8vent au total \u00e0 40 millions de dollars pour payer un niveau correct de d\u00e9dommagement aux familles des 1.138 travailleurs\",\"breadcrumb\":{\"@id\":\"https:\/\/admin.industriall-union.org\/fr\/les-marques-de-rana-plaza-doivent-payer-des-indemnites-d-ici-au-24-avril-a-9h00\/#breadcrumb\"},\"inLanguage\":\"fr-FR\",\"potentialAction\":[{\"@type\":\"ReadAction\",\"target\":[\"https:\/\/admin.industriall-union.org\/fr\/les-marques-de-rana-plaza-doivent-payer-des-indemnites-d-ici-au-24-avril-a-9h00\/\"]}]},{\"@type\":\"BreadcrumbList\",\"@id\":\"https:\/\/admin.industriall-union.org\/fr\/les-marques-de-rana-plaza-doivent-payer-des-indemnites-d-ici-au-24-avril-a-9h00\/#breadcrumb\",\"itemListElement\":[{\"@type\":\"ListItem\",\"position\":1,\"name\":\"Home\",\"item\":\"https:\/\/admin.industriall-union.org\/\"},{\"@type\":\"ListItem\",\"position\":2,\"name\":\"Articles\",\"item\":\"https:\/\/admin.industriall-union.org\/article\/\"},{\"@type\":\"ListItem\",\"position\":3,\"name\":\"Les marques de Rana Plaza doivent payer des indemnit\u00e9s d\u2019ici au 24 avril \u00e0 9h00\"}]},{\"@type\":\"WebSite\",\"@id\":\"https:\/\/admin.industriall-union.org\/#website\",\"url\":\"https:\/\/admin.industriall-union.org\/\",\"name\":\"industriall-union\",\"description\":\"\",\"potentialAction\":[{\"@type\":\"SearchAction\",\"target\":{\"@type\":\"EntryPoint\",\"urlTemplate\":\"https:\/\/admin.industriall-union.org\/?s={search_term_string}\"},\"query-input\":{\"@type\":\"PropertyValueSpecification\",\"valueRequired\":true,\"valueName\":\"search_term_string\"}}],\"inLanguage\":\"fr-FR\"}]}<\/script>\n<!-- \/ Yoast SEO Premium plugin. -->","yoast_head_json":{"title":"Les marques de Rana Plaza doivent payer des indemnit\u00e9s d\u2019ici au 24 avril \u00e0 9h00 - industriall-union","description":"Les fonds n\u00e9cessaires s&rsquo;\u00e9l\u00e8vent au total \u00e0 40 millions de dollars pour payer un niveau correct de d\u00e9dommagement aux familles des 1.138 travailleurs","robots":{"index":"index","follow":"follow","max-snippet":"max-snippet:-1","max-image-preview":"max-image-preview:large","max-video-preview":"max-video-preview:-1"},"canonical":"https:\/\/admin.industriall-union.org\/fr\/les-marques-de-rana-plaza-doivent-payer-des-indemnites-d-ici-au-24-avril-a-9h00\/","og_locale":"fr_FR","og_type":"article","og_title":"Les marques de Rana Plaza doivent payer des indemnit\u00e9s d\u2019ici au 24 avril \u00e0 9h00","og_description":"Les fonds n\u00e9cessaires s&rsquo;\u00e9l\u00e8vent au total \u00e0 40 millions de dollars pour payer un niveau correct de d\u00e9dommagement aux familles des 1.138 travailleurs","og_url":"https:\/\/admin.industriall-union.org\/fr\/les-marques-de-rana-plaza-doivent-payer-des-indemnites-d-ici-au-24-avril-a-9h00\/","og_site_name":"industriall-union","article_modified_time":"2025-02-08T03:47:00+00:00","twitter_card":"summary_large_image","twitter_misc":{"Est. reading time":"2 minutes"},"schema":{"@context":"https:\/\/schema.org","@graph":[{"@type":"WebPage","@id":"https:\/\/admin.industriall-union.org\/fr\/les-marques-de-rana-plaza-doivent-payer-des-indemnites-d-ici-au-24-avril-a-9h00\/","url":"https:\/\/admin.industriall-union.org\/fr\/les-marques-de-rana-plaza-doivent-payer-des-indemnites-d-ici-au-24-avril-a-9h00\/","name":"Les marques de Rana Plaza doivent payer des indemnit\u00e9s d\u2019ici au 24 avril \u00e0 9h00 - industriall-union","isPartOf":{"@id":"https:\/\/admin.industriall-union.org\/#website"},"datePublished":"2014-03-07T15:51:09+00:00","dateModified":"2025-02-08T03:47:00+00:00","description":"Les fonds n\u00e9cessaires s&rsquo;\u00e9l\u00e8vent au total \u00e0 40 millions de dollars pour payer un niveau correct de d\u00e9dommagement aux familles des 1.138 travailleurs","breadcrumb":{"@id":"https:\/\/admin.industriall-union.org\/fr\/les-marques-de-rana-plaza-doivent-payer-des-indemnites-d-ici-au-24-avril-a-9h00\/#breadcrumb"},"inLanguage":"fr-FR","potentialAction":[{"@type":"ReadAction","target":["https:\/\/admin.industriall-union.org\/fr\/les-marques-de-rana-plaza-doivent-payer-des-indemnites-d-ici-au-24-avril-a-9h00\/"]}]},{"@type":"BreadcrumbList","@id":"https:\/\/admin.industriall-union.org\/fr\/les-marques-de-rana-plaza-doivent-payer-des-indemnites-d-ici-au-24-avril-a-9h00\/#breadcrumb","itemListElement":[{"@type":"ListItem","position":1,"name":"Home","item":"https:\/\/admin.industriall-union.org\/"},{"@type":"ListItem","position":2,"name":"Articles","item":"https:\/\/admin.industriall-union.org\/article\/"},{"@type":"ListItem","position":3,"name":"Les marques de Rana Plaza doivent payer des indemnit\u00e9s d\u2019ici au 24 avril \u00e0 9h00"}]},{"@type":"WebSite","@id":"https:\/\/admin.industriall-union.org\/#website","url":"https:\/\/admin.industriall-union.org\/","name":"industriall-union","description":"","potentialAction":[{"@type":"SearchAction","target":{"@type":"EntryPoint","urlTemplate":"https:\/\/admin.industriall-union.org\/?s={search_term_string}"},"query-input":{"@type":"PropertyValueSpecification","valueRequired":true,"valueName":"search_term_string"}}],"inLanguage":"fr-FR"}]}},"_links":{"self":[{"href":"https:\/\/admin.industriall-union.org\/fr\/wp-json\/wp\/v2\/article\/152476","targetHints":{"allow":["GET"]}}],"collection":[{"href":"https:\/\/admin.industriall-union.org\/fr\/wp-json\/wp\/v2\/article"}],"about":[{"href":"https:\/\/admin.industriall-union.org\/fr\/wp-json\/wp\/v2\/types\/article"}],"wp:attachment":[{"href":"https:\/\/admin.industriall-union.org\/fr\/wp-json\/wp\/v2\/media?parent=152476"}],"wp:term":[{"taxonomy":"issues","embeddable":true,"href":"https:\/\/admin.industriall-union.org\/fr\/wp-json\/wp\/v2\/issues?post=152476"},{"taxonomy":"companies","embeddable":true,"href":"https:\/\/admin.industriall-union.org\/fr\/wp-json\/wp\/v2\/companies?post=152476"},{"taxonomy":"regions","embeddable":true,"href":"https:\/\/admin.industriall-union.org\/fr\/wp-json\/wp\/v2\/regions?post=152476"},{"taxonomy":"sectors","embeddable":true,"href":"https:\/\/admin.industriall-union.org\/fr\/wp-json\/wp\/v2\/sectors?post=152476"},{"taxonomy":"article_tags","embeddable":true,"href":"https:\/\/admin.industriall-union.org\/fr\/wp-json\/wp\/v2\/article_tags?post=152476"}],"curies":[{"name":"wp","href":"https:\/\/api.w.org\/{rel}","templated":true}]}}