{"id":152471,"date":"2014-03-10T15:32:20","date_gmt":"2014-03-10T15:32:20","guid":{"rendered":"https:\/\/admin.industriall-union.org\/fup-et-petrobras-lancent-un-reseau-des-travailleurs\/"},"modified":"2025-02-08T03:43:07","modified_gmt":"2025-02-08T03:43:07","slug":"fup-et-petrobras-lancent-un-reseau-des-travailleurs","status":"publish","type":"article","link":"https:\/\/admin.industriall-union.org\/fr\/fup-et-petrobras-lancent-un-reseau-des-travailleurs\/","title":{"rendered":"FUP et Petrobras lancent un r\u00e9seau des travailleurs"},"content":{"rendered":"<p>La directrice Carol Bruce de IndustriALL a affirm\u00e9 lors de la r\u00e9union \u00e0 Rio de Janeiro:<\/p><blockquote><p>FUP et IndustriALL songeaient depuis dix ans \u00e0 \u00e9tablir un r\u00e9seau international des travailleurs de Petrobras. Ce r\u00eave s&rsquo;est mat\u00e9rialis\u00e9 aujourd&rsquo;hui. Des politiques doivent \u00eatre \u00e9tablies et mises en \u0153uvre pour que la RSE soit ressentie au niveau de l&rsquo;atelier, et pas seulement au si\u00e8ge de l&rsquo;entreprise.<\/p><\/blockquote><p>Quelque 50 travailleurs\/euses et repr\u00e9sentant(e)s syndicaux\/ales du Br\u00e9sil, d&rsquo;Argentine, du P\u00e9rou, de Cura\u00e7ao, de Chine, du Nigeria et de Colombie assistaient \u00e0 la r\u00e9union.<\/p><p>La direction de Petrobras a pr\u00e9sent\u00e9 des expos\u00e9s sur la RSE et sur les politiques du personnel. Des questions relatives \u00e0 l&rsquo;\u00e9galit\u00e9 femmes-hommes ont \u00e9t\u00e9 abord\u00e9es. Les femmes repr\u00e9sentent 15,8 pour cent de la main-d&rsquo;\u0153uvre de Petrobras. Le fait que la pr\u00e9sidence de Petrobras soit assur\u00e9e maintenant par une femme a permis de briser des st\u00e9r\u00e9otypes et modifi\u00e9 les mentalit\u00e9s. Un collectif des femmes se bat chez Petrobras pour garantir un espace pour les femmes.<\/p><p>La r\u00e9union a port\u00e9 son attention sur l&rsquo;externalisation et l&rsquo;emploi pr\u00e9caire. Des d\u00e9l\u00e9gu\u00e9(e)s ont fait part de leurs propres exp\u00e9riences. Les exp\u00e9riences avec d&rsquo;autres r\u00e9seaux, comme chez BASF et Repsol, ont \u00e9t\u00e9 pr\u00e9sent\u00e9es. DIESSE, un d\u00e9partement qui fournit des \u00e9tudes et soutient les syndicats au Br\u00e9sil, a fait un expos\u00e9. Les deux participants du Nigeria ont pr\u00e9sent\u00e9 un cas qui leur est propre, bas\u00e9 sur le fait que Petrobras a mis au ch\u00f4mage du personnel qualifi\u00e9 sous l&rsquo;argument fallacieux que l&rsquo;entreprise cessait son activit\u00e9 au Nigeria. &ldquo;L&rsquo;emploi pr\u00e9caire est une priorit\u00e9 pour le nouveau r\u00e9seau. Les relations de travail au sein de Petrobras sont superficielles, et beaucoup trop informelles,&rdquo; a ajout\u00e9 Carol Bruce de IndustriALL.<\/p><p>Finalement, une nouvelle n\u00e9gociation est n\u00e9cessaire entre Petrobras et IndustriALL pour revoir l&rsquo;accord mondial afin d&rsquo;inclure certaines bonnes pratiques qui ont vu le jour avec d&rsquo;autres accords. Les syndicats veulent tirer le meilleur parti de l&rsquo;accord et travailler principalement sur des th\u00e8mes tels que la discrimination. Ils veulent se focaliser chaque ann\u00e9e sur une activit\u00e9, sous la forme d&rsquo;une r\u00e9union ou d&rsquo;une recherche particuli\u00e8re. Il est demand\u00e9 \u00e0 tous les syndicats du r\u00e9seau de communiquer leurs conventions collectives avec Petrobras dans le but de cr\u00e9er une base de donn\u00e9es. Le secr\u00e9tariat international du FUP sera charg\u00e9 de coordonner ce travail. Les participant(e)s ont ressenti qu&rsquo;il \u00e9tait possible de coordonner des activit\u00e9s dans tous les pays o\u00f9 op\u00e8re Petrobras, et le r\u00e9seau va v\u00e9ritablement changer les choses. Les syndicats peuvent \u00e9changer des exp\u00e9riences, expliquer leurs doutes et proposer des solutions avec l&rsquo;id\u00e9e d&rsquo;une mondialisation des droits. Le r\u00e9seau aura davantage d&rsquo;efficacit\u00e9 d\u00e8s qu&rsquo;il sera reconnu officiellement par l&rsquo;entreprise. De cette fa\u00e7on, Petrobras peut \u00eatre rendu v\u00e9ritablement responsable.<\/p><p>L&rsquo;entreprise Petrobras, d\u00e9tenue \u00e0 56% par le gouvernement br\u00e9silien et pr\u00e9sente dans une trentaine de pays, emploie 80.500 salari\u00e9s. De renomm\u00e9e mondiale dans l&rsquo;exploration et la production de p\u00e9trole, Petrobras exploite 16 raffineries ainsi que de nombreuses usines p\u00e9trochimiques, de biocarburants, des pipelines et autres installations.&nbsp;<\/p>","protected":false},"featured_media":0,"template":"","issues":[407,409],"companies":[105],"regions":[261],"sectors":[483],"article_tags":[],"class_list":["post-152471","article","type-article","status-publish","hentry","issues-global-framework-agreements","issues-multinational-companies-mncs","companies-petrobras","regions-brazil","sectors-energy-oil-gas-electricity-and-nuclear"],"acf":[],"yoast_head":"<!-- This site is optimized with the Yoast SEO Premium plugin v27.1 (Yoast SEO v27.1) - https:\/\/yoast.com\/product\/yoast-seo-premium-wordpress\/ -->\n<title>FUP et Petrobras lancent un r\u00e9seau des travailleurs - industriall-union<\/title>\n<meta name=\"description\" content=\"La directrice Carol Bruce de IndustriALL a affirm\u00e9 lors de la r\u00e9union \u00e0 Rio de Janeiro:FUP et IndustriALL songeaient depuis dix ans \u00e0 \u00e9tablir un r\u00e9seau\" \/>\n<meta name=\"robots\" content=\"index, follow, max-snippet:-1, max-image-preview:large, max-video-preview:-1\" \/>\n<link rel=\"canonical\" href=\"https:\/\/admin.industriall-union.org\/fr\/fup-et-petrobras-lancent-un-reseau-des-travailleurs\/\" \/>\n<meta property=\"og:locale\" content=\"fr_FR\" \/>\n<meta property=\"og:type\" content=\"article\" \/>\n<meta property=\"og:title\" content=\"FUP et Petrobras lancent un r\u00e9seau des travailleurs\" \/>\n<meta property=\"og:description\" content=\"La directrice Carol Bruce de IndustriALL a affirm\u00e9 lors de la r\u00e9union \u00e0 Rio de Janeiro:FUP et IndustriALL songeaient depuis dix ans \u00e0 \u00e9tablir un r\u00e9seau\" \/>\n<meta property=\"og:url\" content=\"https:\/\/admin.industriall-union.org\/fr\/fup-et-petrobras-lancent-un-reseau-des-travailleurs\/\" \/>\n<meta property=\"og:site_name\" content=\"industriall-union\" \/>\n<meta property=\"article:modified_time\" content=\"2025-02-08T03:43:07+00:00\" \/>\n<meta name=\"twitter:card\" content=\"summary_large_image\" \/>\n<meta name=\"twitter:label1\" content=\"Est. reading time\" \/>\n\t<meta name=\"twitter:data1\" content=\"3 minutes\" \/>\n<script type=\"application\/ld+json\" class=\"yoast-schema-graph\">{\"@context\":\"https:\/\/schema.org\",\"@graph\":[{\"@type\":\"WebPage\",\"@id\":\"https:\/\/admin.industriall-union.org\/fr\/fup-et-petrobras-lancent-un-reseau-des-travailleurs\/\",\"url\":\"https:\/\/admin.industriall-union.org\/fr\/fup-et-petrobras-lancent-un-reseau-des-travailleurs\/\",\"name\":\"FUP et Petrobras lancent un r\u00e9seau des travailleurs - industriall-union\",\"isPartOf\":{\"@id\":\"https:\/\/admin.industriall-union.org\/#website\"},\"datePublished\":\"2014-03-10T15:32:20+00:00\",\"dateModified\":\"2025-02-08T03:43:07+00:00\",\"description\":\"La directrice Carol Bruce de IndustriALL a affirm\u00e9 lors de la r\u00e9union \u00e0 Rio de Janeiro:FUP et IndustriALL songeaient depuis dix ans \u00e0 \u00e9tablir un r\u00e9seau\",\"breadcrumb\":{\"@id\":\"https:\/\/admin.industriall-union.org\/fr\/fup-et-petrobras-lancent-un-reseau-des-travailleurs\/#breadcrumb\"},\"inLanguage\":\"fr-FR\",\"potentialAction\":[{\"@type\":\"ReadAction\",\"target\":[\"https:\/\/admin.industriall-union.org\/fr\/fup-et-petrobras-lancent-un-reseau-des-travailleurs\/\"]}]},{\"@type\":\"BreadcrumbList\",\"@id\":\"https:\/\/admin.industriall-union.org\/fr\/fup-et-petrobras-lancent-un-reseau-des-travailleurs\/#breadcrumb\",\"itemListElement\":[{\"@type\":\"ListItem\",\"position\":1,\"name\":\"Home\",\"item\":\"https:\/\/admin.industriall-union.org\/\"},{\"@type\":\"ListItem\",\"position\":2,\"name\":\"Articles\",\"item\":\"https:\/\/admin.industriall-union.org\/article\/\"},{\"@type\":\"ListItem\",\"position\":3,\"name\":\"FUP et Petrobras lancent un r\u00e9seau des travailleurs\"}]},{\"@type\":\"WebSite\",\"@id\":\"https:\/\/admin.industriall-union.org\/#website\",\"url\":\"https:\/\/admin.industriall-union.org\/\",\"name\":\"industriall-union\",\"description\":\"\",\"potentialAction\":[{\"@type\":\"SearchAction\",\"target\":{\"@type\":\"EntryPoint\",\"urlTemplate\":\"https:\/\/admin.industriall-union.org\/?s={search_term_string}\"},\"query-input\":{\"@type\":\"PropertyValueSpecification\",\"valueRequired\":true,\"valueName\":\"search_term_string\"}}],\"inLanguage\":\"fr-FR\"}]}<\/script>\n<!-- \/ Yoast SEO Premium plugin. -->","yoast_head_json":{"title":"FUP et Petrobras lancent un r\u00e9seau des travailleurs - industriall-union","description":"La directrice Carol Bruce de IndustriALL a affirm\u00e9 lors de la r\u00e9union \u00e0 Rio de Janeiro:FUP et IndustriALL songeaient depuis dix ans \u00e0 \u00e9tablir un r\u00e9seau","robots":{"index":"index","follow":"follow","max-snippet":"max-snippet:-1","max-image-preview":"max-image-preview:large","max-video-preview":"max-video-preview:-1"},"canonical":"https:\/\/admin.industriall-union.org\/fr\/fup-et-petrobras-lancent-un-reseau-des-travailleurs\/","og_locale":"fr_FR","og_type":"article","og_title":"FUP et Petrobras lancent un r\u00e9seau des travailleurs","og_description":"La directrice Carol Bruce de IndustriALL a affirm\u00e9 lors de la r\u00e9union \u00e0 Rio de Janeiro:FUP et IndustriALL songeaient depuis dix ans \u00e0 \u00e9tablir un r\u00e9seau","og_url":"https:\/\/admin.industriall-union.org\/fr\/fup-et-petrobras-lancent-un-reseau-des-travailleurs\/","og_site_name":"industriall-union","article_modified_time":"2025-02-08T03:43:07+00:00","twitter_card":"summary_large_image","twitter_misc":{"Est. reading time":"3 minutes"},"schema":{"@context":"https:\/\/schema.org","@graph":[{"@type":"WebPage","@id":"https:\/\/admin.industriall-union.org\/fr\/fup-et-petrobras-lancent-un-reseau-des-travailleurs\/","url":"https:\/\/admin.industriall-union.org\/fr\/fup-et-petrobras-lancent-un-reseau-des-travailleurs\/","name":"FUP et Petrobras lancent un r\u00e9seau des travailleurs - industriall-union","isPartOf":{"@id":"https:\/\/admin.industriall-union.org\/#website"},"datePublished":"2014-03-10T15:32:20+00:00","dateModified":"2025-02-08T03:43:07+00:00","description":"La directrice Carol Bruce de IndustriALL a affirm\u00e9 lors de la r\u00e9union \u00e0 Rio de Janeiro:FUP et IndustriALL songeaient depuis dix ans \u00e0 \u00e9tablir un r\u00e9seau","breadcrumb":{"@id":"https:\/\/admin.industriall-union.org\/fr\/fup-et-petrobras-lancent-un-reseau-des-travailleurs\/#breadcrumb"},"inLanguage":"fr-FR","potentialAction":[{"@type":"ReadAction","target":["https:\/\/admin.industriall-union.org\/fr\/fup-et-petrobras-lancent-un-reseau-des-travailleurs\/"]}]},{"@type":"BreadcrumbList","@id":"https:\/\/admin.industriall-union.org\/fr\/fup-et-petrobras-lancent-un-reseau-des-travailleurs\/#breadcrumb","itemListElement":[{"@type":"ListItem","position":1,"name":"Home","item":"https:\/\/admin.industriall-union.org\/"},{"@type":"ListItem","position":2,"name":"Articles","item":"https:\/\/admin.industriall-union.org\/article\/"},{"@type":"ListItem","position":3,"name":"FUP et Petrobras lancent un r\u00e9seau des travailleurs"}]},{"@type":"WebSite","@id":"https:\/\/admin.industriall-union.org\/#website","url":"https:\/\/admin.industriall-union.org\/","name":"industriall-union","description":"","potentialAction":[{"@type":"SearchAction","target":{"@type":"EntryPoint","urlTemplate":"https:\/\/admin.industriall-union.org\/?s={search_term_string}"},"query-input":{"@type":"PropertyValueSpecification","valueRequired":true,"valueName":"search_term_string"}}],"inLanguage":"fr-FR"}]}},"_links":{"self":[{"href":"https:\/\/admin.industriall-union.org\/fr\/wp-json\/wp\/v2\/article\/152471","targetHints":{"allow":["GET"]}}],"collection":[{"href":"https:\/\/admin.industriall-union.org\/fr\/wp-json\/wp\/v2\/article"}],"about":[{"href":"https:\/\/admin.industriall-union.org\/fr\/wp-json\/wp\/v2\/types\/article"}],"wp:attachment":[{"href":"https:\/\/admin.industriall-union.org\/fr\/wp-json\/wp\/v2\/media?parent=152471"}],"wp:term":[{"taxonomy":"issues","embeddable":true,"href":"https:\/\/admin.industriall-union.org\/fr\/wp-json\/wp\/v2\/issues?post=152471"},{"taxonomy":"companies","embeddable":true,"href":"https:\/\/admin.industriall-union.org\/fr\/wp-json\/wp\/v2\/companies?post=152471"},{"taxonomy":"regions","embeddable":true,"href":"https:\/\/admin.industriall-union.org\/fr\/wp-json\/wp\/v2\/regions?post=152471"},{"taxonomy":"sectors","embeddable":true,"href":"https:\/\/admin.industriall-union.org\/fr\/wp-json\/wp\/v2\/sectors?post=152471"},{"taxonomy":"article_tags","embeddable":true,"href":"https:\/\/admin.industriall-union.org\/fr\/wp-json\/wp\/v2\/article_tags?post=152471"}],"curies":[{"name":"wp","href":"https:\/\/api.w.org\/{rel}","templated":true}]}}