{"id":152464,"date":"2014-03-14T08:55:19","date_gmt":"2014-03-14T08:55:19","guid":{"rendered":"https:\/\/admin.industriall-union.org\/rana-plaza-primark-appele-a-payer-au-moment-ou-la-date-du-paiement-est-annoncee\/"},"modified":"2025-02-08T03:37:15","modified_gmt":"2025-02-08T03:37:15","slug":"rana-plaza-primark-appele-a-payer-au-moment-ou-la-date-du-paiement-est-annoncee","status":"publish","type":"article","link":"https:\/\/admin.industriall-union.org\/fr\/rana-plaza-primark-appele-a-payer-au-moment-ou-la-date-du-paiement-est-annoncee\/","title":{"rendered":"Rana Plaza: Primark appel\u00e9 \u00e0 payer au moment o\u00f9 la date du paiement est annonc\u00e9e"},"content":{"rendered":"<p>IndustriALL, UNI Global Union et la Campagne v\u00eatements propres se f\u00e9licitent aujourd&rsquo;hui du lancement du processus de d\u00e9p\u00f4t des r\u00e9clamations du Dispositif du Rana Plaza, qui d\u00e9butera officiellement le 24 mars. Il est maintenant demand\u00e9 aux marques d&rsquo;apporter leur contribution au Fonds fiduciaire des donateurs du Rana Plaza et de s&rsquo;assurer que les familles des personnes tu\u00e9es et bless\u00e9es au Rana Plaza obtiennent finalement l&rsquo;argent qui leur est d\u00fb.<\/p><p>Le traitement des r\u00e9clamations aura lieu dans un bureau situ\u00e9 \u00e0 Savar, ville qui abritait le b\u00e2timent du Rana Plaza. Les b\u00e9n\u00e9ficiaires potentiels seront contact\u00e9s directement et invit\u00e9s \u00e0 se rendre dans le bureau pour pr\u00e9senter leur r\u00e9clamation. Une \u00e9quipe de juristes travaillera avec chaque demandeur pour s&rsquo;assurer de bien faire comprendre quelles r\u00e9clamations peuvent \u00eatre faites et comment la d\u00e9cision sera prise. Dans le m\u00eame temps, une assistance t\u00e9l\u00e9phonique sera assur\u00e9e \u00e0 Savar pour r\u00e9pondre \u00e0 toutes les questions ou demandes de renseignements sur la proc\u00e9dure de r\u00e9clamation. Il est pr\u00e9vu que les premiers paiements seront vers\u00e9s d&rsquo;ici le premier anniversaire de la catastrophe.<\/p><p>Les versements effectu\u00e9s dans le cadre du Dispositif seront financ\u00e9s par le biais du Fonds fiduciaire des donateurs du Rana Plaza, qui aura collect\u00e9 des contributions aupr\u00e8s des marques qui se sont approvisionn\u00e9es au Bangladesh en g\u00e9n\u00e9ral et au Rana Plaza en particulier. Le Fonds a \u00e9t\u00e9 constitu\u00e9 au d\u00e9but de f\u00e9vrier, avec un objectif initial de 10 millions d&rsquo;USD, ce qui devrait correspondre au montent n\u00e9cessaire pour effectuer les premiers versements \u00e0 tous les demandeurs potentiels. Il faudra au total 40 millions d&rsquo;USD pour couvrir le montant total des versements \u00e0 plus de 3000 travailleuses et travailleurs et aux familles des personnes tu\u00e9es.<\/p><p>Depuis son lancement en f\u00e9vrier, le fonds a b\u00e9n\u00e9fici\u00e9 d&rsquo;un large appui. Ethical Trading Initiative, Bangladesh Accord Foundation et Business Social Compliance Initiative ont lanc\u00e9 des appels \u00e0 leurs membres en leur demandant d&rsquo;effectuer une contribution au Fonds. Sept marques&nbsp;: Bon Marche, El Corte Ingles, Inditex, Mango, Mascot, Loblaw et Premier Clothing se sont engag\u00e9es publiquement \u00e0 apporter une dotation initiale.<\/p><p>Toutefois, il reste encore bien du chemin \u00e0 parcourir avant de pouvoir r\u00e9unir les 40 millions d&rsquo;USD n\u00e9cessaires pour assurer les paiements \u00e0 toutes les travailleuses et travailleurs. La marque Primark reste notablement absente de la liste des donateurs, malgr\u00e9 sa participation \u00e0 l&rsquo;\u00e9laboration du Dispositif et \u00e0 son premier engagement d&rsquo;assurer une indemnisation compl\u00e8te et juste des travailleuses et travailleurs du Rana Plaza au moyen d&rsquo;une formule simple et unique. C&rsquo;est la seule entreprise signataire du Dispositif qui n&rsquo;a pas encore apport\u00e9 une contribution.<\/p><p>IndustriALL, UNI Global Union et Campagne v\u00eatements propres demandent aujourd&rsquo;hui \u00e0 Primark et aux autres marques clientes du Rana Plaza de remplir leurs obligations et de verser imm\u00e9diatement les montants promis au Fonds fiduciaire des donateurs du Rana Plaza pour que les victimes et les familles de cet horrible sinistre soient indemnis\u00e9es d&rsquo;ici le 24 avril.<\/p><p>Le secr\u00e9taire g\u00e9n\u00e9ral de IndustriALL Global Union, Jyrki Raina, a d\u00e9clar\u00e9:<\/p><p>Tout en \u00e9tant satisfait du lancement du Dispositif pour le 24 mars, il est temps maintenant que Primark ait son heure de gloire par sa r\u00e9ponse \u00e0 l&rsquo;homicide industriel du Rana Plaza. Il lui faut cesser de retarder le processus et rejoindre les autres entreprises pour une approche unique bas\u00e9e sur des normes internationales. Et un paiement au Fonds fiduciaire pour assurer une indemnisation compl\u00e8te et historique de toutes les victimes.<\/p><p>Le secr\u00e9taire g\u00e9n\u00e9ral de UNI Global Union, Philip Jennings, a d\u00e9clar\u00e9:<\/p><p>Ce dispositif est une bonne nouvelle pour les familles des victimes du Rana Plaza qui attendent une indemnisation depuis trop longtemps. Une approche transparente et coordonn\u00e9e a bien plus de force qu&rsquo;une poign\u00e9e d&rsquo;arrangements s\u00e9par\u00e9s et volontaires des entreprises. Les entreprises doivent s&rsquo;engager \u00e0 payer.&nbsp;<\/p><p>Ineke Zeldenrust de la Campagne v\u00eatements propres a ajout\u00e9:<\/p><p>Les victimes du Rana Plaza ont attendu trop longtemps. Avec le lancement du processus de r\u00e9clamation, nous esp\u00e9rons que les familles qui souffrent de cette catastrophe vont finalement recevoir ce \u00e0 quoi elles ont droit avant le premier anniversaire. Nous demandons maintenant \u00e0 Primark et aux autres marques li\u00e9es au Rana Plaza de cesser de tergiverser et de payer.<\/p><p><strong>NOTES<\/strong><\/p><p>1.&nbsp;&nbsp;&nbsp;&nbsp; Le Dispositif du Rana Plaza est un accord sign\u00e9 par un large \u00e9ventail de parties prenantes, parmi lesquelles le gouvernement du Bangladesh, l&rsquo;association des fabricants et des exportateurs de v\u00eatements du Bangladesh, la f\u00e9d\u00e9ration des employeurs du Bangladesh, des marque mondiales (Loblaw, El Corte Ingles, Bon Marche et Primark), IndustriALL au Bangladesh, l&rsquo;institut d&rsquo;\u00e9tudes sociales du Bangladesh, IndustriALL Global Union et la Campagne v\u00eatements propres.&nbsp;<a href=\"http:\/\/www.ranaplaza-arrangement.org\">www.ranaplaza-arrangement.org<\/a><\/p><p>2.&nbsp;&nbsp;&nbsp;&nbsp; Les signataires du Dispositif se sont engag\u00e9s \u00e0 travailler ensemble pour \u00e9tablir un processus unique, cr\u00e9dible et transparent, bas\u00e9 sur des normes internationales et la l\u00e9gislation du Bangladesh, pour effectuer des paiements aux victimes, \u00e0 leurs familles et leurs proches afin de couvrir les pertes financi\u00e8res et les soins m\u00e9dicaux r\u00e9sultant de l&rsquo;effondrement du Rana Plaza en avril 2013.<\/p><p>3.&nbsp;&nbsp;&nbsp;&nbsp; Un Comit\u00e9 multilat\u00e9ral compos\u00e9 de la majorit\u00e9 de signataires est charg\u00e9 de contr\u00f4ler l&rsquo;application du Dispositif. Le m\u00e9canisme nouvellement lanc\u00e9 a \u00e9t\u00e9 con\u00e7u avec le soutien et les conseils d&rsquo;experts internationaux reconnus. La pr\u00e9sidence du Comit\u00e9 est assur\u00e9e par une agence de l&rsquo;ONU, l&rsquo;Organisation internationale du Travail. Voir <a href=\"http:\/\/www.ranaplaza-arrangement.org\/mou\/governance\">www.ranaplaza-arrangement.org\/mou\/governance<\/a><\/p><p>4.&nbsp;&nbsp;&nbsp;&nbsp; Le Fonds fiduciaire des donateurs du Rana Plaza a \u00e9t\u00e9 \u00e9tabli avec l&rsquo;OIT en tant que fid\u00e9icommissaire, en f\u00e9vrier 2014, pour permettre le financement des r\u00e9clamations pr\u00e9sent\u00e9es par les victimes du Rana Plaza. Voir&nbsp;<u><a href=\"http:\/\/www.ranaplaza-arrangement.org\/fund\">www.ranaplaza-arrangement.org\/fund<\/a><\/u> pour plus de renseignements et une liste des donateurs actuels.<\/p><p>5.&nbsp;&nbsp;&nbsp;&nbsp; Campagne v\u00eatements propres, IndustriALL et UNI ont lanc\u00e9 en f\u00e9vrier 2014 la campagne &ldquo;Pay Up&rdquo; pour demander \u00e0 toutes les marques du Rana Plaza de faire des dons au Fonds. Voir <a href=\"http:\/\/www.cleanclothes.org\/ranaplaza\">http:\/\/www.cleanclothes.org\/ranaplaza<\/a><\/p><p>6.&nbsp;&nbsp;&nbsp;&nbsp; L&rsquo;OIT est une agence de l&rsquo;ONU dont la mission consiste \u00e0 promouvoir les droits au travail, encourager des possibilit\u00e9s d&rsquo;emploi d\u00e9cent, am\u00e9liorer la protection sociale et renforcer le dialogue sur les questions relatives au travail. Elle op\u00e8re dans le cadre d&rsquo;une structure tripartite qui rassemble les gouvernements, les employeurs et les travailleurs et travailleuses pour garantir une repr\u00e9sentations de toutes les parties pour l&rsquo;\u00e9laboration de normes internationales, de politiques et de programmes.&nbsp;<a href=\"http:\/\/www.ilo.org\/\">http:\/\/www.ilo.org\/<\/a><\/p><p><strong>Pour plus de renseignements, contacter:<\/strong><\/p><p>Tom Grinter, IndustriALL Global Union: +41 796934499, <a href=\"mailto:TGrinter@industriALL-Union.org\">TGrinter@industriALL-Union.org<\/a><\/p><p>Mike Sunderland, UNI Global Union: +41 79 701 90 49, <a href=\"mailto:mike.sunderland@uniglobalunion.org\">mike.sunderland@uniglobalunion.org<\/a><\/p><p>Sam Maher, Campagne v\u00eatements propres: +44 751 751 6943, <a href=\"mailto:sam@labourbehindthelabel.org\">sam@labourbehindthelabel.org<\/a><\/p>","protected":false},"featured_media":0,"template":"","issues":[414,409],"companies":[],"regions":[159],"sectors":[465],"article_tags":[521],"class_list":["post-152464","article","type-article","status-publish","hentry","issues-action-on-bangladesh","issues-multinational-companies-mncs","regions-bangladesh","sectors-garment","article_tags-press-release"],"acf":[],"yoast_head":"<!-- This site is optimized with the Yoast SEO Premium plugin v27.1 (Yoast SEO v27.1) - https:\/\/yoast.com\/product\/yoast-seo-premium-wordpress\/ -->\n<title>Rana Plaza: Primark appel\u00e9 \u00e0 payer au moment o\u00f9 la date du paiement est annonc\u00e9e - industriall-union<\/title>\n<meta name=\"description\" content=\"IndustriALL, UNI Global Union et la Campagne v\u00eatements propres se f\u00e9licitent aujourd&rsquo;hui du lancement du processus de d\u00e9p\u00f4t des r\u00e9clamations du\" \/>\n<meta name=\"robots\" content=\"index, follow, max-snippet:-1, max-image-preview:large, max-video-preview:-1\" \/>\n<link rel=\"canonical\" href=\"https:\/\/admin.industriall-union.org\/fr\/rana-plaza-primark-appele-a-payer-au-moment-ou-la-date-du-paiement-est-annoncee\/\" \/>\n<meta property=\"og:locale\" content=\"fr_FR\" \/>\n<meta property=\"og:type\" content=\"article\" \/>\n<meta property=\"og:title\" content=\"Rana Plaza: Primark appel\u00e9 \u00e0 payer au moment o\u00f9 la date du paiement est annonc\u00e9e\" \/>\n<meta property=\"og:description\" content=\"IndustriALL, UNI Global Union et la Campagne v\u00eatements propres se f\u00e9licitent aujourd&rsquo;hui du lancement du processus de d\u00e9p\u00f4t des r\u00e9clamations du\" \/>\n<meta property=\"og:url\" content=\"https:\/\/admin.industriall-union.org\/fr\/rana-plaza-primark-appele-a-payer-au-moment-ou-la-date-du-paiement-est-annoncee\/\" \/>\n<meta property=\"og:site_name\" content=\"industriall-union\" \/>\n<meta property=\"article:modified_time\" content=\"2025-02-08T03:37:15+00:00\" \/>\n<meta name=\"twitter:card\" content=\"summary_large_image\" \/>\n<meta name=\"twitter:label1\" content=\"Est. reading time\" \/>\n\t<meta name=\"twitter:data1\" content=\"6 minutes\" \/>\n<script type=\"application\/ld+json\" class=\"yoast-schema-graph\">{\"@context\":\"https:\/\/schema.org\",\"@graph\":[{\"@type\":\"WebPage\",\"@id\":\"https:\/\/admin.industriall-union.org\/fr\/rana-plaza-primark-appele-a-payer-au-moment-ou-la-date-du-paiement-est-annoncee\/\",\"url\":\"https:\/\/admin.industriall-union.org\/fr\/rana-plaza-primark-appele-a-payer-au-moment-ou-la-date-du-paiement-est-annoncee\/\",\"name\":\"Rana Plaza: Primark appel\u00e9 \u00e0 payer au moment o\u00f9 la date du paiement est annonc\u00e9e - industriall-union\",\"isPartOf\":{\"@id\":\"https:\/\/admin.industriall-union.org\/#website\"},\"datePublished\":\"2014-03-14T08:55:19+00:00\",\"dateModified\":\"2025-02-08T03:37:15+00:00\",\"description\":\"IndustriALL, UNI Global Union et la Campagne v\u00eatements propres se f\u00e9licitent aujourd&rsquo;hui du lancement du processus de d\u00e9p\u00f4t des r\u00e9clamations du\",\"breadcrumb\":{\"@id\":\"https:\/\/admin.industriall-union.org\/fr\/rana-plaza-primark-appele-a-payer-au-moment-ou-la-date-du-paiement-est-annoncee\/#breadcrumb\"},\"inLanguage\":\"fr-FR\",\"potentialAction\":[{\"@type\":\"ReadAction\",\"target\":[\"https:\/\/admin.industriall-union.org\/fr\/rana-plaza-primark-appele-a-payer-au-moment-ou-la-date-du-paiement-est-annoncee\/\"]}]},{\"@type\":\"BreadcrumbList\",\"@id\":\"https:\/\/admin.industriall-union.org\/fr\/rana-plaza-primark-appele-a-payer-au-moment-ou-la-date-du-paiement-est-annoncee\/#breadcrumb\",\"itemListElement\":[{\"@type\":\"ListItem\",\"position\":1,\"name\":\"Home\",\"item\":\"https:\/\/admin.industriall-union.org\/\"},{\"@type\":\"ListItem\",\"position\":2,\"name\":\"Articles\",\"item\":\"https:\/\/admin.industriall-union.org\/article\/\"},{\"@type\":\"ListItem\",\"position\":3,\"name\":\"Rana Plaza: Primark appel\u00e9 \u00e0 payer au moment o\u00f9 la date du paiement est annonc\u00e9e\"}]},{\"@type\":\"WebSite\",\"@id\":\"https:\/\/admin.industriall-union.org\/#website\",\"url\":\"https:\/\/admin.industriall-union.org\/\",\"name\":\"industriall-union\",\"description\":\"\",\"potentialAction\":[{\"@type\":\"SearchAction\",\"target\":{\"@type\":\"EntryPoint\",\"urlTemplate\":\"https:\/\/admin.industriall-union.org\/?s={search_term_string}\"},\"query-input\":{\"@type\":\"PropertyValueSpecification\",\"valueRequired\":true,\"valueName\":\"search_term_string\"}}],\"inLanguage\":\"fr-FR\"}]}<\/script>\n<!-- \/ Yoast SEO Premium plugin. -->","yoast_head_json":{"title":"Rana Plaza: Primark appel\u00e9 \u00e0 payer au moment o\u00f9 la date du paiement est annonc\u00e9e - industriall-union","description":"IndustriALL, UNI Global Union et la Campagne v\u00eatements propres se f\u00e9licitent aujourd&rsquo;hui du lancement du processus de d\u00e9p\u00f4t des r\u00e9clamations du","robots":{"index":"index","follow":"follow","max-snippet":"max-snippet:-1","max-image-preview":"max-image-preview:large","max-video-preview":"max-video-preview:-1"},"canonical":"https:\/\/admin.industriall-union.org\/fr\/rana-plaza-primark-appele-a-payer-au-moment-ou-la-date-du-paiement-est-annoncee\/","og_locale":"fr_FR","og_type":"article","og_title":"Rana Plaza: Primark appel\u00e9 \u00e0 payer au moment o\u00f9 la date du paiement est annonc\u00e9e","og_description":"IndustriALL, UNI Global Union et la Campagne v\u00eatements propres se f\u00e9licitent aujourd&rsquo;hui du lancement du processus de d\u00e9p\u00f4t des r\u00e9clamations du","og_url":"https:\/\/admin.industriall-union.org\/fr\/rana-plaza-primark-appele-a-payer-au-moment-ou-la-date-du-paiement-est-annoncee\/","og_site_name":"industriall-union","article_modified_time":"2025-02-08T03:37:15+00:00","twitter_card":"summary_large_image","twitter_misc":{"Est. reading time":"6 minutes"},"schema":{"@context":"https:\/\/schema.org","@graph":[{"@type":"WebPage","@id":"https:\/\/admin.industriall-union.org\/fr\/rana-plaza-primark-appele-a-payer-au-moment-ou-la-date-du-paiement-est-annoncee\/","url":"https:\/\/admin.industriall-union.org\/fr\/rana-plaza-primark-appele-a-payer-au-moment-ou-la-date-du-paiement-est-annoncee\/","name":"Rana Plaza: Primark appel\u00e9 \u00e0 payer au moment o\u00f9 la date du paiement est annonc\u00e9e - industriall-union","isPartOf":{"@id":"https:\/\/admin.industriall-union.org\/#website"},"datePublished":"2014-03-14T08:55:19+00:00","dateModified":"2025-02-08T03:37:15+00:00","description":"IndustriALL, UNI Global Union et la Campagne v\u00eatements propres se f\u00e9licitent aujourd&rsquo;hui du lancement du processus de d\u00e9p\u00f4t des r\u00e9clamations du","breadcrumb":{"@id":"https:\/\/admin.industriall-union.org\/fr\/rana-plaza-primark-appele-a-payer-au-moment-ou-la-date-du-paiement-est-annoncee\/#breadcrumb"},"inLanguage":"fr-FR","potentialAction":[{"@type":"ReadAction","target":["https:\/\/admin.industriall-union.org\/fr\/rana-plaza-primark-appele-a-payer-au-moment-ou-la-date-du-paiement-est-annoncee\/"]}]},{"@type":"BreadcrumbList","@id":"https:\/\/admin.industriall-union.org\/fr\/rana-plaza-primark-appele-a-payer-au-moment-ou-la-date-du-paiement-est-annoncee\/#breadcrumb","itemListElement":[{"@type":"ListItem","position":1,"name":"Home","item":"https:\/\/admin.industriall-union.org\/"},{"@type":"ListItem","position":2,"name":"Articles","item":"https:\/\/admin.industriall-union.org\/article\/"},{"@type":"ListItem","position":3,"name":"Rana Plaza: Primark appel\u00e9 \u00e0 payer au moment o\u00f9 la date du paiement est annonc\u00e9e"}]},{"@type":"WebSite","@id":"https:\/\/admin.industriall-union.org\/#website","url":"https:\/\/admin.industriall-union.org\/","name":"industriall-union","description":"","potentialAction":[{"@type":"SearchAction","target":{"@type":"EntryPoint","urlTemplate":"https:\/\/admin.industriall-union.org\/?s={search_term_string}"},"query-input":{"@type":"PropertyValueSpecification","valueRequired":true,"valueName":"search_term_string"}}],"inLanguage":"fr-FR"}]}},"_links":{"self":[{"href":"https:\/\/admin.industriall-union.org\/fr\/wp-json\/wp\/v2\/article\/152464","targetHints":{"allow":["GET"]}}],"collection":[{"href":"https:\/\/admin.industriall-union.org\/fr\/wp-json\/wp\/v2\/article"}],"about":[{"href":"https:\/\/admin.industriall-union.org\/fr\/wp-json\/wp\/v2\/types\/article"}],"wp:attachment":[{"href":"https:\/\/admin.industriall-union.org\/fr\/wp-json\/wp\/v2\/media?parent=152464"}],"wp:term":[{"taxonomy":"issues","embeddable":true,"href":"https:\/\/admin.industriall-union.org\/fr\/wp-json\/wp\/v2\/issues?post=152464"},{"taxonomy":"companies","embeddable":true,"href":"https:\/\/admin.industriall-union.org\/fr\/wp-json\/wp\/v2\/companies?post=152464"},{"taxonomy":"regions","embeddable":true,"href":"https:\/\/admin.industriall-union.org\/fr\/wp-json\/wp\/v2\/regions?post=152464"},{"taxonomy":"sectors","embeddable":true,"href":"https:\/\/admin.industriall-union.org\/fr\/wp-json\/wp\/v2\/sectors?post=152464"},{"taxonomy":"article_tags","embeddable":true,"href":"https:\/\/admin.industriall-union.org\/fr\/wp-json\/wp\/v2\/article_tags?post=152464"}],"curies":[{"name":"wp","href":"https:\/\/api.w.org\/{rel}","templated":true}]}}