{"id":152461,"date":"2014-03-17T09:30:02","date_gmt":"2014-03-17T09:30:02","guid":{"rendered":"https:\/\/admin.industriall-union.org\/industriall-intervient-pour-defendre-le-dirigeant-licencie-du-syndicat-des-peintres-de-berger-au-bangladesh\/"},"modified":"2025-02-08T03:33:15","modified_gmt":"2025-02-08T03:33:15","slug":"industriall-intervient-pour-defendre-le-dirigeant-licencie-du-syndicat-des-peintres-de-berger-au-bangladesh","status":"publish","type":"article","link":"https:\/\/admin.industriall-union.org\/fr\/industriall-intervient-pour-defendre-le-dirigeant-licencie-du-syndicat-des-peintres-de-berger-au-bangladesh\/","title":{"rendered":"IndustriALL intervient pour d\u00e9fendre le dirigeant licenci\u00e9 du syndicat des peintres de Berger au Bangladesh"},"content":{"rendered":"<p>Le syndicat des travailleurs de Berger appartient \u00e0 l&#039;affili\u00e9 de longue date de IndustriALL Global Union, la f\u00e9d\u00e9ration des travailleurs de la chimie, de l&#039;\u00e9nergie et les secteurs connexes au Bangladesh (BCEF). Le syndicat \u00e0 Kalurghat, Chittagong, a r\u00e9sist\u00e9 \u00e0 des ann\u00e9es d&#039;ing\u00e9rences et de tentatives d&rsquo;intimidation de la direction par des infractions r\u00e9guli\u00e8res \u00e0 la l\u00e9gislation du travail et aux conventions collectives.<\/p><p>Durant ses 11 ann\u00e9es de service chez Berger, les possibilit\u00e9s de promotion de Golgar ont \u00e9t\u00e9 bloqu\u00e9es \u00e0 maintes reprises, ce qui correspond bien aux pratiques antisyndicales de la direction de cette usine. Onze membres actifs et des fonctionnaires du syndicat ont \u00e9t\u00e9 licenci\u00e9s entre 2000 et 2011, et dans certains cas apr\u00e8s plus de 20 ann\u00e9es de service chez Berger. La l\u00e9gislation du travail au Bangladesh stipule qu&rsquo;un licenciement supprime tout droit \u00e0 une indemnisation financi\u00e8re.<\/p><p>Apr\u00e8s le licenciement de Golgar, la direction locale a fait pression sur la main-d&#039;\u0153uvre pour la tenue d&#039;une \u00e9lection syndicale le 27 janvier, dont le r\u00e9sultat serait fortement influenc\u00e9 par le risque clairement pr\u00e9conis\u00e9 d&#039;une mise \u00e0 pied dans le cas d&rsquo;une d\u00e9fense \u00e9nergique des salari\u00e9s. La menace d&rsquo;une mise \u00e0 pied a \u00e9t\u00e9 faite dans l&rsquo;intention de nuire, juste avant la r\u00e9\u00e9lection de Golgar comme secr\u00e9taire g\u00e9n\u00e9ral pour un troisi\u00e8me mandat cons\u00e9cutif. La d\u00e9cision pr\u00e9cipit\u00e9e de l&#039;\u00e9lection signifie la perte de la protection juridique suppl\u00e9mentaire du secr\u00e9taire g\u00e9n\u00e9ral du syndicat en exercice.<\/p><p>Le manque symbolique de respect du partenaire social de la n\u00e9gociation chez Berger est une autre pratique courante pour refuser aux repr\u00e9sentants syndicaux le droit de participer aux r\u00e9unions.<\/p><p>Berger Paints est une entreprise indienne qui m\u00e8ne des activit\u00e9s en Europe orientale, au N\u00e9pal, en Inde et au Bangladesh. Berger d\u00e9tient plus de 65% de part de march\u00e9 au Bangladesh. Bien que l&#039;entreprise r\u00e9alise un chiffre d&#039;affaires annuel de pr\u00e8s d&#039;un demi-milliard d&rsquo;USD, les salari\u00e9s de l&#039;usine Kalurghat gagnent un salaire de base de 7 USD par mois, bien moins que le salaire minimum.<\/p><p>BCEF a organis\u00e9 plusieurs actions en r\u00e9ponse au licenciement abusif, dont un appel lanc\u00e9 aux services de l&#039;emploi du Bangladesh pour le rejet de la d\u00e9cision prise par la direction, et une conf\u00e9rence de presse conjointe avec les autres membres du conseil de IndustriALL au Bangladesh.<\/p><p>Envoyez votre message de solidarit\u00e9 au camarade Golgar Hussein en se servant de l&#039;outil de messagerie donn\u00e9 en annexe.<\/p>","protected":false},"featured_media":0,"template":"","issues":[420],"companies":[],"regions":[159],"sectors":[477],"article_tags":[],"class_list":["post-152461","article","type-article","status-publish","hentry","issues-solidarity","regions-bangladesh","sectors-chemical"],"acf":[],"yoast_head":"<!-- This site is optimized with the Yoast SEO Premium plugin v27.1 (Yoast SEO v27.1) - https:\/\/yoast.com\/product\/yoast-seo-premium-wordpress\/ -->\n<title>IndustriALL intervient pour d\u00e9fendre le dirigeant licenci\u00e9 du syndicat des peintres de Berger au Bangladesh - industriall-union<\/title>\n<meta name=\"description\" content=\"Le syndicat des travailleurs de Berger appartient \u00e0 l&#039;affili\u00e9 de longue date de IndustriALL Global Union, la f\u00e9d\u00e9ration des travailleurs de la\" \/>\n<meta name=\"robots\" content=\"index, follow, max-snippet:-1, max-image-preview:large, max-video-preview:-1\" \/>\n<link rel=\"canonical\" href=\"https:\/\/admin.industriall-union.org\/fr\/industriall-intervient-pour-defendre-le-dirigeant-licencie-du-syndicat-des-peintres-de-berger-au-bangladesh\/\" \/>\n<meta property=\"og:locale\" content=\"fr_FR\" \/>\n<meta property=\"og:type\" content=\"article\" \/>\n<meta property=\"og:title\" content=\"IndustriALL intervient pour d\u00e9fendre le dirigeant licenci\u00e9 du syndicat des peintres de Berger au Bangladesh\" \/>\n<meta property=\"og:description\" content=\"Le syndicat des travailleurs de Berger appartient \u00e0 l&#039;affili\u00e9 de longue date de IndustriALL Global Union, la f\u00e9d\u00e9ration des travailleurs de la\" \/>\n<meta property=\"og:url\" content=\"https:\/\/admin.industriall-union.org\/fr\/industriall-intervient-pour-defendre-le-dirigeant-licencie-du-syndicat-des-peintres-de-berger-au-bangladesh\/\" \/>\n<meta property=\"og:site_name\" content=\"industriall-union\" \/>\n<meta property=\"article:modified_time\" content=\"2025-02-08T03:33:15+00:00\" \/>\n<meta name=\"twitter:card\" content=\"summary_large_image\" \/>\n<meta name=\"twitter:label1\" content=\"Est. reading time\" \/>\n\t<meta name=\"twitter:data1\" content=\"2 minutes\" \/>\n<script type=\"application\/ld+json\" class=\"yoast-schema-graph\">{\"@context\":\"https:\/\/schema.org\",\"@graph\":[{\"@type\":\"WebPage\",\"@id\":\"https:\/\/admin.industriall-union.org\/fr\/industriall-intervient-pour-defendre-le-dirigeant-licencie-du-syndicat-des-peintres-de-berger-au-bangladesh\/\",\"url\":\"https:\/\/admin.industriall-union.org\/fr\/industriall-intervient-pour-defendre-le-dirigeant-licencie-du-syndicat-des-peintres-de-berger-au-bangladesh\/\",\"name\":\"IndustriALL intervient pour d\u00e9fendre le dirigeant licenci\u00e9 du syndicat des peintres de Berger au Bangladesh - industriall-union\",\"isPartOf\":{\"@id\":\"https:\/\/admin.industriall-union.org\/#website\"},\"datePublished\":\"2014-03-17T09:30:02+00:00\",\"dateModified\":\"2025-02-08T03:33:15+00:00\",\"description\":\"Le syndicat des travailleurs de Berger appartient \u00e0 l&#039;affili\u00e9 de longue date de IndustriALL Global Union, la f\u00e9d\u00e9ration des travailleurs de la\",\"breadcrumb\":{\"@id\":\"https:\/\/admin.industriall-union.org\/fr\/industriall-intervient-pour-defendre-le-dirigeant-licencie-du-syndicat-des-peintres-de-berger-au-bangladesh\/#breadcrumb\"},\"inLanguage\":\"fr-FR\",\"potentialAction\":[{\"@type\":\"ReadAction\",\"target\":[\"https:\/\/admin.industriall-union.org\/fr\/industriall-intervient-pour-defendre-le-dirigeant-licencie-du-syndicat-des-peintres-de-berger-au-bangladesh\/\"]}]},{\"@type\":\"BreadcrumbList\",\"@id\":\"https:\/\/admin.industriall-union.org\/fr\/industriall-intervient-pour-defendre-le-dirigeant-licencie-du-syndicat-des-peintres-de-berger-au-bangladesh\/#breadcrumb\",\"itemListElement\":[{\"@type\":\"ListItem\",\"position\":1,\"name\":\"Home\",\"item\":\"https:\/\/admin.industriall-union.org\/\"},{\"@type\":\"ListItem\",\"position\":2,\"name\":\"Articles\",\"item\":\"https:\/\/admin.industriall-union.org\/article\/\"},{\"@type\":\"ListItem\",\"position\":3,\"name\":\"IndustriALL intervient pour d\u00e9fendre le dirigeant licenci\u00e9 du syndicat des peintres de Berger au Bangladesh\"}]},{\"@type\":\"WebSite\",\"@id\":\"https:\/\/admin.industriall-union.org\/#website\",\"url\":\"https:\/\/admin.industriall-union.org\/\",\"name\":\"industriall-union\",\"description\":\"\",\"potentialAction\":[{\"@type\":\"SearchAction\",\"target\":{\"@type\":\"EntryPoint\",\"urlTemplate\":\"https:\/\/admin.industriall-union.org\/?s={search_term_string}\"},\"query-input\":{\"@type\":\"PropertyValueSpecification\",\"valueRequired\":true,\"valueName\":\"search_term_string\"}}],\"inLanguage\":\"fr-FR\"}]}<\/script>\n<!-- \/ Yoast SEO Premium plugin. -->","yoast_head_json":{"title":"IndustriALL intervient pour d\u00e9fendre le dirigeant licenci\u00e9 du syndicat des peintres de Berger au Bangladesh - industriall-union","description":"Le syndicat des travailleurs de Berger appartient \u00e0 l&#039;affili\u00e9 de longue date de IndustriALL Global Union, la f\u00e9d\u00e9ration des travailleurs de la","robots":{"index":"index","follow":"follow","max-snippet":"max-snippet:-1","max-image-preview":"max-image-preview:large","max-video-preview":"max-video-preview:-1"},"canonical":"https:\/\/admin.industriall-union.org\/fr\/industriall-intervient-pour-defendre-le-dirigeant-licencie-du-syndicat-des-peintres-de-berger-au-bangladesh\/","og_locale":"fr_FR","og_type":"article","og_title":"IndustriALL intervient pour d\u00e9fendre le dirigeant licenci\u00e9 du syndicat des peintres de Berger au Bangladesh","og_description":"Le syndicat des travailleurs de Berger appartient \u00e0 l&#039;affili\u00e9 de longue date de IndustriALL Global Union, la f\u00e9d\u00e9ration des travailleurs de la","og_url":"https:\/\/admin.industriall-union.org\/fr\/industriall-intervient-pour-defendre-le-dirigeant-licencie-du-syndicat-des-peintres-de-berger-au-bangladesh\/","og_site_name":"industriall-union","article_modified_time":"2025-02-08T03:33:15+00:00","twitter_card":"summary_large_image","twitter_misc":{"Est. reading time":"2 minutes"},"schema":{"@context":"https:\/\/schema.org","@graph":[{"@type":"WebPage","@id":"https:\/\/admin.industriall-union.org\/fr\/industriall-intervient-pour-defendre-le-dirigeant-licencie-du-syndicat-des-peintres-de-berger-au-bangladesh\/","url":"https:\/\/admin.industriall-union.org\/fr\/industriall-intervient-pour-defendre-le-dirigeant-licencie-du-syndicat-des-peintres-de-berger-au-bangladesh\/","name":"IndustriALL intervient pour d\u00e9fendre le dirigeant licenci\u00e9 du syndicat des peintres de Berger au Bangladesh - industriall-union","isPartOf":{"@id":"https:\/\/admin.industriall-union.org\/#website"},"datePublished":"2014-03-17T09:30:02+00:00","dateModified":"2025-02-08T03:33:15+00:00","description":"Le syndicat des travailleurs de Berger appartient \u00e0 l&#039;affili\u00e9 de longue date de IndustriALL Global Union, la f\u00e9d\u00e9ration des travailleurs de la","breadcrumb":{"@id":"https:\/\/admin.industriall-union.org\/fr\/industriall-intervient-pour-defendre-le-dirigeant-licencie-du-syndicat-des-peintres-de-berger-au-bangladesh\/#breadcrumb"},"inLanguage":"fr-FR","potentialAction":[{"@type":"ReadAction","target":["https:\/\/admin.industriall-union.org\/fr\/industriall-intervient-pour-defendre-le-dirigeant-licencie-du-syndicat-des-peintres-de-berger-au-bangladesh\/"]}]},{"@type":"BreadcrumbList","@id":"https:\/\/admin.industriall-union.org\/fr\/industriall-intervient-pour-defendre-le-dirigeant-licencie-du-syndicat-des-peintres-de-berger-au-bangladesh\/#breadcrumb","itemListElement":[{"@type":"ListItem","position":1,"name":"Home","item":"https:\/\/admin.industriall-union.org\/"},{"@type":"ListItem","position":2,"name":"Articles","item":"https:\/\/admin.industriall-union.org\/article\/"},{"@type":"ListItem","position":3,"name":"IndustriALL intervient pour d\u00e9fendre le dirigeant licenci\u00e9 du syndicat des peintres de Berger au Bangladesh"}]},{"@type":"WebSite","@id":"https:\/\/admin.industriall-union.org\/#website","url":"https:\/\/admin.industriall-union.org\/","name":"industriall-union","description":"","potentialAction":[{"@type":"SearchAction","target":{"@type":"EntryPoint","urlTemplate":"https:\/\/admin.industriall-union.org\/?s={search_term_string}"},"query-input":{"@type":"PropertyValueSpecification","valueRequired":true,"valueName":"search_term_string"}}],"inLanguage":"fr-FR"}]}},"_links":{"self":[{"href":"https:\/\/admin.industriall-union.org\/fr\/wp-json\/wp\/v2\/article\/152461","targetHints":{"allow":["GET"]}}],"collection":[{"href":"https:\/\/admin.industriall-union.org\/fr\/wp-json\/wp\/v2\/article"}],"about":[{"href":"https:\/\/admin.industriall-union.org\/fr\/wp-json\/wp\/v2\/types\/article"}],"wp:attachment":[{"href":"https:\/\/admin.industriall-union.org\/fr\/wp-json\/wp\/v2\/media?parent=152461"}],"wp:term":[{"taxonomy":"issues","embeddable":true,"href":"https:\/\/admin.industriall-union.org\/fr\/wp-json\/wp\/v2\/issues?post=152461"},{"taxonomy":"companies","embeddable":true,"href":"https:\/\/admin.industriall-union.org\/fr\/wp-json\/wp\/v2\/companies?post=152461"},{"taxonomy":"regions","embeddable":true,"href":"https:\/\/admin.industriall-union.org\/fr\/wp-json\/wp\/v2\/regions?post=152461"},{"taxonomy":"sectors","embeddable":true,"href":"https:\/\/admin.industriall-union.org\/fr\/wp-json\/wp\/v2\/sectors?post=152461"},{"taxonomy":"article_tags","embeddable":true,"href":"https:\/\/admin.industriall-union.org\/fr\/wp-json\/wp\/v2\/article_tags?post=152461"}],"curies":[{"name":"wp","href":"https:\/\/api.w.org\/{rel}","templated":true}]}}