{"id":152451,"date":"2014-03-25T08:00:15","date_gmt":"2014-03-25T08:00:15","guid":{"rendered":"https:\/\/admin.industriall-union.org\/l-action-bat-son-plein-au-bangladesh\/"},"modified":"2025-02-08T03:24:15","modified_gmt":"2025-02-08T03:24:15","slug":"l-action-bat-son-plein-au-bangladesh","status":"publish","type":"article","link":"https:\/\/admin.industriall-union.org\/fr\/l-action-bat-son-plein-au-bangladesh\/","title":{"rendered":"L\u2019action bat son plein au Bangladesh"},"content":{"rendered":"<p>Depuis septembre 2013, IndustriALL Global Union est engag\u00e9 dans des n\u00e9gociations men\u00e9es sous la pr\u00e9sidence de l&#039;Organisation internationale du Travail (OIT) avec des partenaires du Bangladesh, des marques mondiales de v\u00eatements et la Campagne v\u00eatements propres, pour proposer un plan complet d&rsquo;indemnisation pour les familles de 1.100 personnes tu\u00e9es et 2.500 bless\u00e9es lors de l&rsquo;homicide industriel du Rana Plaza le 24 avril 2013.<\/p><p>Finalement, le 18 mars, le Comit\u00e9 de coordination du dit <a href=\"http:\/\/www.ranaplaza-arrangement.org\/\">Dispositif du Rana Plaza<\/a> a pu confirmer que les paiements d&#039;indemnisation par le biais d&#039;un fonds fiduciaire centralis\u00e9, administr\u00e9 par l&#039;OIT, <a href=\"http:\/\/www.industriall-union.org\/fr\/le-fonds-fiduciaire-du-rana-plaza-commencera-a-verser-des-indemnites-le-24-mars\">commenceront le 24 mars<\/a>.<\/p><p>Un paiement anticip\u00e9 de 50.000 BDT (650 USD) sera vers\u00e9 \u00e0 chacun des 3.600 b\u00e9n\u00e9ficiaires avant le 24 avril, date du premier anniversaire de l&#039;homicide industriel. Ces paiements se montent au total \u00e0 2 millions d&rsquo;USD.<\/p><p>L&#039;indemnisation finale sera bas\u00e9e sur l&#039;esp\u00e9rance de vie des travailleuses et travailleurs d\u00e9c\u00e9d\u00e9es et sur le degr\u00e9 de gravit\u00e9 du handicap des personnes bless\u00e9es. Le total des fonds n\u00e9cessaires est estim\u00e9 \u00e0 40 millions d&rsquo;USD, conform\u00e9ment \u00e0 la convention 121 de l&#039;OIT et des bonnes pratiques du pays.<\/p><p>IndustriALL et CCC vont maintenant faire campagne pour que les 28 marques de v\u00eatements et les distributeurs qui s&#039;approvisionnaient au Rana Plaza, <a href=\"http:\/\/www.industriall-union.org\/fr\/les-marques-de-rana-plaza-doivent-payer-des-indemnites-dici-au-24-avril-a-9h00\">paient leur redevance au Fonds fiduciaire d&#039;ici le 24 avril<\/a>. Certaines entreprises ont d\u00e9j\u00e0 assum\u00e9 leurs responsabilit\u00e9s, et toutes doivent suivre cet exemple pour fournir aux familles meurtries l&rsquo;indemnisation tant attendue.<\/p><p>Dans le m\u00eame temps, l&rsquo;Accord sur les mesures de s\u00e9curit\u00e9 qui ont trait aux incendies et aux b\u00e2timents est devenu r\u00e9alit\u00e9. <a href=\"http:\/\/www.industriall-union.org\/fr\/la-premiere-serie-dinspections-independantes-et-transparentes-des-usines-au-bangladesh-a-eu-lieu\">Chaque mois 250 inspections sont effectu\u00e9es<\/a> par une \u00e9quipe d&#039;experts embauch\u00e9s sp\u00e9cialement par l&rsquo;Accord. D&#039;ici la fin de septembre 2014, plus de 1.500 fabriques auront \u00e9t\u00e9 inspect\u00e9es avec des recommandations en mati\u00e8re d&#039;am\u00e9lioration.<\/p><p>Un \u00e9l\u00e9ment-cl\u00e9 de l&rsquo;Accord juridiquement contraignant, qui s&rsquo;applique \u00e0 plus de 2 millions de travailleuses et travailleurs, concerne le fait que les marques de v\u00eatements devront avoir n\u00e9goci\u00e9 avec les propri\u00e9taires des fabriques et ateliers la fa\u00e7on de se procurer le financement n\u00e9cessaire pour effectuer les r\u00e9parations dans des installations dangereuses. Cela pourra concerner le prix, des investissements conjoints, des pr\u00eats, un soutien externe ou des paiements directs.<\/p><p>Il faut s&#039;attendre cependant \u00e0 des situations difficiles, comme l&rsquo;ont montr\u00e9 des informations publi\u00e9es r\u00e9cemment sur deux cas pr\u00e9sentant un danger imm\u00e9diat qui ont \u00e9t\u00e9 suivis de fermetures temporaires imm\u00e9diates.<\/p><p>Nous portons l&rsquo;attention dans une \u00e9tape suivante sur l&#039;\u00e9tablissement d&rsquo;une pr\u00e9sence syndicale compl\u00e8te dans les fabriques et ateliers de la confection au Bangladesh dans le cadre d&#039;un grand projet de syndicalisation pluriannuel avec nos partenaires.<\/p><p>La situation a d\u00e9j\u00e0 commenc\u00e9 \u00e0 changer dans la r\u00e9alit\u00e9, apr\u00e8s l&rsquo;acceptation par le gouvernement, l&#039;ann\u00e9e derni\u00e8re, de faciliter l&#039;enregistrement de nouveaux syndicats locaux. Au cours des 12 derniers mois, les affili\u00e9s de IndustriALL ont assur\u00e9 la syndicalisation de 40.000 travailleuses et travailleurs dans plus de 100 fabriques et ateliers. Nous avons pour ambition de d\u00e9passer ces chiffres en 2014.<\/p><p>Toutefois, les nouveaux syndicalistes locaux ont besoin d&#039;une bonne formation pour leur donner la capacit\u00e9 d&#039;agir dans les domaines de la n\u00e9gociation collective, de la sant\u00e9 et la s\u00e9curit\u00e9, et pour r\u00e9soudre des probl\u00e8mes. J&#039;invite nos affili\u00e9s dans d&#039;autres pays \u00e0 participer \u00e0 cet important effort de cr\u00e9ation de syndicats.<\/p><p>La longue marche vers une industrie de la confection s\u00fbre et viable au Bangladesh s&rsquo;acc\u00e9l\u00e8re.&nbsp;<\/p><p><em>Jyrki Raina<\/em><br \/><em>Secr\u00e9taire g\u00e9n\u00e9ral<\/em><\/p>","protected":false},"featured_media":0,"template":"","issues":[414],"companies":[],"regions":[159],"sectors":[464],"article_tags":[510],"class_list":["post-152451","article","type-article","status-publish","hentry","issues-action-on-bangladesh","regions-bangladesh","sectors-textile-leather-garment-shoes-and-textile-services","article_tags-gs-corner"],"acf":[],"yoast_head":"<!-- This site is optimized with the Yoast SEO Premium plugin v27.1 (Yoast SEO v27.1) - https:\/\/yoast.com\/product\/yoast-seo-premium-wordpress\/ -->\n<title>L\u2019action bat son plein au Bangladesh - industriall-union<\/title>\n<meta name=\"description\" content=\"Depuis septembre 2013, IndustriALL Global Union est engag\u00e9 dans des n\u00e9gociations men\u00e9es sous la pr\u00e9sidence de l&#039;Organisation internationale du\" \/>\n<meta name=\"robots\" content=\"index, follow, max-snippet:-1, max-image-preview:large, max-video-preview:-1\" \/>\n<link rel=\"canonical\" href=\"https:\/\/admin.industriall-union.org\/fr\/l-action-bat-son-plein-au-bangladesh\/\" \/>\n<meta property=\"og:locale\" content=\"fr_FR\" \/>\n<meta property=\"og:type\" content=\"article\" \/>\n<meta property=\"og:title\" content=\"L\u2019action bat son plein au Bangladesh\" \/>\n<meta property=\"og:description\" content=\"Depuis septembre 2013, IndustriALL Global Union est engag\u00e9 dans des n\u00e9gociations men\u00e9es sous la pr\u00e9sidence de l&#039;Organisation internationale du\" \/>\n<meta property=\"og:url\" content=\"https:\/\/admin.industriall-union.org\/fr\/l-action-bat-son-plein-au-bangladesh\/\" \/>\n<meta property=\"og:site_name\" content=\"industriall-union\" \/>\n<meta property=\"article:modified_time\" content=\"2025-02-08T03:24:15+00:00\" \/>\n<meta name=\"twitter:card\" content=\"summary_large_image\" \/>\n<meta name=\"twitter:label1\" content=\"Est. reading time\" \/>\n\t<meta name=\"twitter:data1\" content=\"3 minutes\" \/>\n<script type=\"application\/ld+json\" class=\"yoast-schema-graph\">{\"@context\":\"https:\/\/schema.org\",\"@graph\":[{\"@type\":\"WebPage\",\"@id\":\"https:\/\/admin.industriall-union.org\/fr\/l-action-bat-son-plein-au-bangladesh\/\",\"url\":\"https:\/\/admin.industriall-union.org\/fr\/l-action-bat-son-plein-au-bangladesh\/\",\"name\":\"L\u2019action bat son plein au Bangladesh - industriall-union\",\"isPartOf\":{\"@id\":\"https:\/\/admin.industriall-union.org\/#website\"},\"datePublished\":\"2014-03-25T08:00:15+00:00\",\"dateModified\":\"2025-02-08T03:24:15+00:00\",\"description\":\"Depuis septembre 2013, IndustriALL Global Union est engag\u00e9 dans des n\u00e9gociations men\u00e9es sous la pr\u00e9sidence de l&#039;Organisation internationale du\",\"breadcrumb\":{\"@id\":\"https:\/\/admin.industriall-union.org\/fr\/l-action-bat-son-plein-au-bangladesh\/#breadcrumb\"},\"inLanguage\":\"fr-FR\",\"potentialAction\":[{\"@type\":\"ReadAction\",\"target\":[\"https:\/\/admin.industriall-union.org\/fr\/l-action-bat-son-plein-au-bangladesh\/\"]}]},{\"@type\":\"BreadcrumbList\",\"@id\":\"https:\/\/admin.industriall-union.org\/fr\/l-action-bat-son-plein-au-bangladesh\/#breadcrumb\",\"itemListElement\":[{\"@type\":\"ListItem\",\"position\":1,\"name\":\"Home\",\"item\":\"https:\/\/admin.industriall-union.org\/\"},{\"@type\":\"ListItem\",\"position\":2,\"name\":\"Articles\",\"item\":\"https:\/\/admin.industriall-union.org\/article\/\"},{\"@type\":\"ListItem\",\"position\":3,\"name\":\"L\u2019action bat son plein au Bangladesh\"}]},{\"@type\":\"WebSite\",\"@id\":\"https:\/\/admin.industriall-union.org\/#website\",\"url\":\"https:\/\/admin.industriall-union.org\/\",\"name\":\"industriall-union\",\"description\":\"\",\"potentialAction\":[{\"@type\":\"SearchAction\",\"target\":{\"@type\":\"EntryPoint\",\"urlTemplate\":\"https:\/\/admin.industriall-union.org\/?s={search_term_string}\"},\"query-input\":{\"@type\":\"PropertyValueSpecification\",\"valueRequired\":true,\"valueName\":\"search_term_string\"}}],\"inLanguage\":\"fr-FR\"}]}<\/script>\n<!-- \/ Yoast SEO Premium plugin. -->","yoast_head_json":{"title":"L\u2019action bat son plein au Bangladesh - industriall-union","description":"Depuis septembre 2013, IndustriALL Global Union est engag\u00e9 dans des n\u00e9gociations men\u00e9es sous la pr\u00e9sidence de l&#039;Organisation internationale du","robots":{"index":"index","follow":"follow","max-snippet":"max-snippet:-1","max-image-preview":"max-image-preview:large","max-video-preview":"max-video-preview:-1"},"canonical":"https:\/\/admin.industriall-union.org\/fr\/l-action-bat-son-plein-au-bangladesh\/","og_locale":"fr_FR","og_type":"article","og_title":"L\u2019action bat son plein au Bangladesh","og_description":"Depuis septembre 2013, IndustriALL Global Union est engag\u00e9 dans des n\u00e9gociations men\u00e9es sous la pr\u00e9sidence de l&#039;Organisation internationale du","og_url":"https:\/\/admin.industriall-union.org\/fr\/l-action-bat-son-plein-au-bangladesh\/","og_site_name":"industriall-union","article_modified_time":"2025-02-08T03:24:15+00:00","twitter_card":"summary_large_image","twitter_misc":{"Est. reading time":"3 minutes"},"schema":{"@context":"https:\/\/schema.org","@graph":[{"@type":"WebPage","@id":"https:\/\/admin.industriall-union.org\/fr\/l-action-bat-son-plein-au-bangladesh\/","url":"https:\/\/admin.industriall-union.org\/fr\/l-action-bat-son-plein-au-bangladesh\/","name":"L\u2019action bat son plein au Bangladesh - industriall-union","isPartOf":{"@id":"https:\/\/admin.industriall-union.org\/#website"},"datePublished":"2014-03-25T08:00:15+00:00","dateModified":"2025-02-08T03:24:15+00:00","description":"Depuis septembre 2013, IndustriALL Global Union est engag\u00e9 dans des n\u00e9gociations men\u00e9es sous la pr\u00e9sidence de l&#039;Organisation internationale du","breadcrumb":{"@id":"https:\/\/admin.industriall-union.org\/fr\/l-action-bat-son-plein-au-bangladesh\/#breadcrumb"},"inLanguage":"fr-FR","potentialAction":[{"@type":"ReadAction","target":["https:\/\/admin.industriall-union.org\/fr\/l-action-bat-son-plein-au-bangladesh\/"]}]},{"@type":"BreadcrumbList","@id":"https:\/\/admin.industriall-union.org\/fr\/l-action-bat-son-plein-au-bangladesh\/#breadcrumb","itemListElement":[{"@type":"ListItem","position":1,"name":"Home","item":"https:\/\/admin.industriall-union.org\/"},{"@type":"ListItem","position":2,"name":"Articles","item":"https:\/\/admin.industriall-union.org\/article\/"},{"@type":"ListItem","position":3,"name":"L\u2019action bat son plein au Bangladesh"}]},{"@type":"WebSite","@id":"https:\/\/admin.industriall-union.org\/#website","url":"https:\/\/admin.industriall-union.org\/","name":"industriall-union","description":"","potentialAction":[{"@type":"SearchAction","target":{"@type":"EntryPoint","urlTemplate":"https:\/\/admin.industriall-union.org\/?s={search_term_string}"},"query-input":{"@type":"PropertyValueSpecification","valueRequired":true,"valueName":"search_term_string"}}],"inLanguage":"fr-FR"}]}},"_links":{"self":[{"href":"https:\/\/admin.industriall-union.org\/fr\/wp-json\/wp\/v2\/article\/152451","targetHints":{"allow":["GET"]}}],"collection":[{"href":"https:\/\/admin.industriall-union.org\/fr\/wp-json\/wp\/v2\/article"}],"about":[{"href":"https:\/\/admin.industriall-union.org\/fr\/wp-json\/wp\/v2\/types\/article"}],"wp:attachment":[{"href":"https:\/\/admin.industriall-union.org\/fr\/wp-json\/wp\/v2\/media?parent=152451"}],"wp:term":[{"taxonomy":"issues","embeddable":true,"href":"https:\/\/admin.industriall-union.org\/fr\/wp-json\/wp\/v2\/issues?post=152451"},{"taxonomy":"companies","embeddable":true,"href":"https:\/\/admin.industriall-union.org\/fr\/wp-json\/wp\/v2\/companies?post=152451"},{"taxonomy":"regions","embeddable":true,"href":"https:\/\/admin.industriall-union.org\/fr\/wp-json\/wp\/v2\/regions?post=152451"},{"taxonomy":"sectors","embeddable":true,"href":"https:\/\/admin.industriall-union.org\/fr\/wp-json\/wp\/v2\/sectors?post=152451"},{"taxonomy":"article_tags","embeddable":true,"href":"https:\/\/admin.industriall-union.org\/fr\/wp-json\/wp\/v2\/article_tags?post=152451"}],"curies":[{"name":"wp","href":"https:\/\/api.w.org\/{rel}","templated":true}]}}