{"id":152446,"date":"2014-03-27T19:53:17","date_gmt":"2014-03-27T19:53:17","guid":{"rendered":"https:\/\/admin.industriall-union.org\/les-syndicats-de-la-region-mena-renforcent-leur-puissance-en-ameliorant-leur-cooperation\/"},"modified":"2025-02-08T03:19:10","modified_gmt":"2025-02-08T03:19:10","slug":"les-syndicats-de-la-region-mena-renforcent-leur-puissance-en-ameliorant-leur-cooperation","status":"publish","type":"article","link":"https:\/\/admin.industriall-union.org\/fr\/les-syndicats-de-la-region-mena-renforcent-leur-puissance-en-ameliorant-leur-cooperation\/","title":{"rendered":"Les syndicats de la r\u00e9gion MENA renforcent leur puissance en am\u00e9liorant leur coop\u00e9ration"},"content":{"rendered":"<p>Plus de 70 responsables syndicaux de 17 pays ont assist\u00e9 \u00e0 la conf\u00e9rence r\u00e9gionale de IndustriALL des pays MENA, tenue les 24-25 mars 2014 \u00e0 Amman, avec le soutien de la Fondation Friedrich Ebert (FES). Les h\u00f4tes ont accueilli les syndicats affili\u00e9s de la r\u00e9gion, venus de pays tels que la Tunisie, le Maroc, l&rsquo;\u00c9gypte, la Jordanie, l&rsquo;Irak, le Liban, la Palestine, Kuwait et le Y\u00e9men. Des affili\u00e9s potentiels de Bahre\u00efn, de Somalie et d&rsquo;\u00c9gypte, ainsi que des syndicats partenaires d&#039;Espagne, de France, d&#039;Allemagne, de Norv\u00e8ge et de Turquie, \u00e9taient \u00e9galement pr\u00e9sents.<\/p><p>Les discussions ont port\u00e9 sur les changements politiques fondamentaux qui ont actuellement lieu dans la r\u00e9gion et sur les objectifs et les strat\u00e9gies-cl\u00e9s de IndustriALL Global Union jusqu&#039;au Congr\u00e8s de 2016, approuv\u00e9s en d\u00e9cembre par le Comit\u00e9 ex\u00e9cutif.<\/p><p>Les d\u00e9l\u00e9gu\u00e9(e)s ont \u00e9valu\u00e9 les actions entreprises depuis la conf\u00e9rence r\u00e9gionale de mars 2013 et consid\u00e9r\u00e9 la fa\u00e7on de renforcer la puissance syndicale pour s&rsquo;opposer au capital mondial dans la r\u00e9gion. Une attention particuli\u00e8re a \u00e9t\u00e9 port\u00e9e \u00e0 des campagnes actives en \u00c9gypte et en Irak.<\/p><p>Les libert\u00e9s et les droits syndicaux, portant notamment sur l&#039;\u00e9galit\u00e9, ont fait l&#039;objet d&#039;un vaste d\u00e9bat. Les d\u00e9l\u00e9gu\u00e9(e)s ont convenu de travailler activement sur les questions relatives \u00e0 l&#039;\u00e9galit\u00e9 femme-homme avec la cr\u00e9ation d&#039;un r\u00e9seau de femmes dans la r\u00e9gion. Beaucoup d&rsquo;intervenants ont exprim\u00e9 leurs pr\u00e9occupations face aux probl\u00e8mes li\u00e9s aux migrations, tels que les probl\u00e8mes de s\u00e9curit\u00e9 dans des pays comme la Syrie et l&#039;Irak o\u00f9 les habitants sont forc\u00e9s d&#039;aller dans d&#039;autres pays pour trouver de v\u00e9ritables emplois. La Jordanie a environ 2 millions de migrants dont 1,2 million venus de Syrie, 500.000 d&rsquo;\u00c9gypte et 200.000 d&rsquo;Iraq. Un nombre important de migrants sont employ\u00e9s dans les industries du textile et de la confection.<\/p><p>Des exp\u00e9riences ont \u00e9t\u00e9 compar\u00e9es au cours de la conf\u00e9rence pour l&#039;\u00e9tablissement de structures syndicales fortes, d\u00e9mocratiques et durables, qui sont le moteur de toute soci\u00e9t\u00e9 d\u00e9mocratique. Les principaux obstacles \u00e0 des \u00e9conomies et des industries viables rel\u00e8vent de l&#039;augmentation de la population, du ch\u00f4mage massif notamment chez les jeunes, des in\u00e9galit\u00e9s entre femmes et hommes, d&#039;un manque de formation, de soins de sant\u00e9 et de services publics, et de structures \u00e9conomiques ne r\u00e9pondant pas aux besoins.<\/p><p>Les participant(e)s se sont r\u00e9jouis de l&#039;initiative mondiale de IndustriALL pour une politique industrielle viable. Les secteurs du textile, de la confection et du p\u00e9trole ont \u00e9t\u00e9 identifi\u00e9s comme devant \u00eatre cibl\u00e9s pour parvenir \u00e0 renforcer la capacit\u00e9 syndicale et la protection sociale, notamment pour garantir des emplois d\u00e9cents et un salaire minimum vital.<\/p><p>Les r\u00e9seaux syndicaux et les accords-cadres mondiaux ont \u00e9t\u00e9 reconnus comme \u00e9tant des outils importants pour l&#039;\u00e9tablissement d&rsquo;une solidarit\u00e9. Les syndicats de la r\u00e9gion MENA doivent \u00eatre appel\u00e9s \u00e0 faciliter la syndicalisation et la n\u00e9gociation collective.<\/p><p>\u00c0 la fin de la conf\u00e9rence, les d\u00e9l\u00e9gu\u00e9(e)s ont examin\u00e9 des priorit\u00e9s et des actions dans la r\u00e9gion, et approuv\u00e9 un plan d&rsquo;avenir.<\/p><p>Le secr\u00e9taire g\u00e9n\u00e9ral, Jyrki Raina, a d\u00e9clar\u00e9 :<\/p><blockquote><p>IndustriALL Global Union est enthousiasm\u00e9 de l&#039;\u00e9largissement de sa famille dans la r\u00e9gion MENA et dans de nouveaux pays comme la Libye et la Somalie. Nos actions et nos campagnes aideront nos affili\u00e9s \u00e0 se renforcer.<\/p><\/blockquote>","protected":false},"featured_media":0,"template":"","issues":[396],"companies":[],"regions":[288],"sectors":[],"article_tags":[],"class_list":["post-152446","article","type-article","status-publish","hentry","issues-building-strong-unions","regions-middle-east-and-north-africa"],"acf":[],"yoast_head":"<!-- This site is optimized with the Yoast SEO Premium plugin v27.1 (Yoast SEO v27.1) - https:\/\/yoast.com\/product\/yoast-seo-premium-wordpress\/ -->\n<title>Les syndicats de la r\u00e9gion MENA renforcent leur puissance en am\u00e9liorant leur coop\u00e9ration - industriall-union<\/title>\n<meta name=\"description\" content=\"Plus de 70 responsables syndicaux de 17 pays ont assist\u00e9 \u00e0 la conf\u00e9rence r\u00e9gionale de IndustriALL des pays MENA, tenue les 24-25 mars 2014 \u00e0 Amman, avec\" \/>\n<meta name=\"robots\" content=\"index, follow, max-snippet:-1, max-image-preview:large, max-video-preview:-1\" \/>\n<link rel=\"canonical\" href=\"https:\/\/admin.industriall-union.org\/fr\/les-syndicats-de-la-region-mena-renforcent-leur-puissance-en-ameliorant-leur-cooperation\/\" \/>\n<meta property=\"og:locale\" content=\"fr_FR\" \/>\n<meta property=\"og:type\" content=\"article\" \/>\n<meta property=\"og:title\" content=\"Les syndicats de la r\u00e9gion MENA renforcent leur puissance en am\u00e9liorant leur coop\u00e9ration\" \/>\n<meta property=\"og:description\" content=\"Plus de 70 responsables syndicaux de 17 pays ont assist\u00e9 \u00e0 la conf\u00e9rence r\u00e9gionale de IndustriALL des pays MENA, tenue les 24-25 mars 2014 \u00e0 Amman, avec\" \/>\n<meta property=\"og:url\" content=\"https:\/\/admin.industriall-union.org\/fr\/les-syndicats-de-la-region-mena-renforcent-leur-puissance-en-ameliorant-leur-cooperation\/\" \/>\n<meta property=\"og:site_name\" content=\"industriall-union\" \/>\n<meta property=\"article:modified_time\" content=\"2025-02-08T03:19:10+00:00\" \/>\n<meta name=\"twitter:card\" content=\"summary_large_image\" \/>\n<meta name=\"twitter:label1\" content=\"Est. reading time\" \/>\n\t<meta name=\"twitter:data1\" content=\"3 minutes\" \/>\n<script type=\"application\/ld+json\" class=\"yoast-schema-graph\">{\"@context\":\"https:\/\/schema.org\",\"@graph\":[{\"@type\":\"WebPage\",\"@id\":\"https:\/\/admin.industriall-union.org\/fr\/les-syndicats-de-la-region-mena-renforcent-leur-puissance-en-ameliorant-leur-cooperation\/\",\"url\":\"https:\/\/admin.industriall-union.org\/fr\/les-syndicats-de-la-region-mena-renforcent-leur-puissance-en-ameliorant-leur-cooperation\/\",\"name\":\"Les syndicats de la r\u00e9gion MENA renforcent leur puissance en am\u00e9liorant leur coop\u00e9ration - industriall-union\",\"isPartOf\":{\"@id\":\"https:\/\/admin.industriall-union.org\/#website\"},\"datePublished\":\"2014-03-27T19:53:17+00:00\",\"dateModified\":\"2025-02-08T03:19:10+00:00\",\"description\":\"Plus de 70 responsables syndicaux de 17 pays ont assist\u00e9 \u00e0 la conf\u00e9rence r\u00e9gionale de IndustriALL des pays MENA, tenue les 24-25 mars 2014 \u00e0 Amman, avec\",\"breadcrumb\":{\"@id\":\"https:\/\/admin.industriall-union.org\/fr\/les-syndicats-de-la-region-mena-renforcent-leur-puissance-en-ameliorant-leur-cooperation\/#breadcrumb\"},\"inLanguage\":\"fr-FR\",\"potentialAction\":[{\"@type\":\"ReadAction\",\"target\":[\"https:\/\/admin.industriall-union.org\/fr\/les-syndicats-de-la-region-mena-renforcent-leur-puissance-en-ameliorant-leur-cooperation\/\"]}]},{\"@type\":\"BreadcrumbList\",\"@id\":\"https:\/\/admin.industriall-union.org\/fr\/les-syndicats-de-la-region-mena-renforcent-leur-puissance-en-ameliorant-leur-cooperation\/#breadcrumb\",\"itemListElement\":[{\"@type\":\"ListItem\",\"position\":1,\"name\":\"Home\",\"item\":\"https:\/\/admin.industriall-union.org\/\"},{\"@type\":\"ListItem\",\"position\":2,\"name\":\"Articles\",\"item\":\"https:\/\/admin.industriall-union.org\/article\/\"},{\"@type\":\"ListItem\",\"position\":3,\"name\":\"Les syndicats de la r\u00e9gion MENA renforcent leur puissance en am\u00e9liorant leur coop\u00e9ration\"}]},{\"@type\":\"WebSite\",\"@id\":\"https:\/\/admin.industriall-union.org\/#website\",\"url\":\"https:\/\/admin.industriall-union.org\/\",\"name\":\"industriall-union\",\"description\":\"\",\"potentialAction\":[{\"@type\":\"SearchAction\",\"target\":{\"@type\":\"EntryPoint\",\"urlTemplate\":\"https:\/\/admin.industriall-union.org\/?s={search_term_string}\"},\"query-input\":{\"@type\":\"PropertyValueSpecification\",\"valueRequired\":true,\"valueName\":\"search_term_string\"}}],\"inLanguage\":\"fr-FR\"}]}<\/script>\n<!-- \/ Yoast SEO Premium plugin. -->","yoast_head_json":{"title":"Les syndicats de la r\u00e9gion MENA renforcent leur puissance en am\u00e9liorant leur coop\u00e9ration - industriall-union","description":"Plus de 70 responsables syndicaux de 17 pays ont assist\u00e9 \u00e0 la conf\u00e9rence r\u00e9gionale de IndustriALL des pays MENA, tenue les 24-25 mars 2014 \u00e0 Amman, avec","robots":{"index":"index","follow":"follow","max-snippet":"max-snippet:-1","max-image-preview":"max-image-preview:large","max-video-preview":"max-video-preview:-1"},"canonical":"https:\/\/admin.industriall-union.org\/fr\/les-syndicats-de-la-region-mena-renforcent-leur-puissance-en-ameliorant-leur-cooperation\/","og_locale":"fr_FR","og_type":"article","og_title":"Les syndicats de la r\u00e9gion MENA renforcent leur puissance en am\u00e9liorant leur coop\u00e9ration","og_description":"Plus de 70 responsables syndicaux de 17 pays ont assist\u00e9 \u00e0 la conf\u00e9rence r\u00e9gionale de IndustriALL des pays MENA, tenue les 24-25 mars 2014 \u00e0 Amman, avec","og_url":"https:\/\/admin.industriall-union.org\/fr\/les-syndicats-de-la-region-mena-renforcent-leur-puissance-en-ameliorant-leur-cooperation\/","og_site_name":"industriall-union","article_modified_time":"2025-02-08T03:19:10+00:00","twitter_card":"summary_large_image","twitter_misc":{"Est. reading time":"3 minutes"},"schema":{"@context":"https:\/\/schema.org","@graph":[{"@type":"WebPage","@id":"https:\/\/admin.industriall-union.org\/fr\/les-syndicats-de-la-region-mena-renforcent-leur-puissance-en-ameliorant-leur-cooperation\/","url":"https:\/\/admin.industriall-union.org\/fr\/les-syndicats-de-la-region-mena-renforcent-leur-puissance-en-ameliorant-leur-cooperation\/","name":"Les syndicats de la r\u00e9gion MENA renforcent leur puissance en am\u00e9liorant leur coop\u00e9ration - industriall-union","isPartOf":{"@id":"https:\/\/admin.industriall-union.org\/#website"},"datePublished":"2014-03-27T19:53:17+00:00","dateModified":"2025-02-08T03:19:10+00:00","description":"Plus de 70 responsables syndicaux de 17 pays ont assist\u00e9 \u00e0 la conf\u00e9rence r\u00e9gionale de IndustriALL des pays MENA, tenue les 24-25 mars 2014 \u00e0 Amman, avec","breadcrumb":{"@id":"https:\/\/admin.industriall-union.org\/fr\/les-syndicats-de-la-region-mena-renforcent-leur-puissance-en-ameliorant-leur-cooperation\/#breadcrumb"},"inLanguage":"fr-FR","potentialAction":[{"@type":"ReadAction","target":["https:\/\/admin.industriall-union.org\/fr\/les-syndicats-de-la-region-mena-renforcent-leur-puissance-en-ameliorant-leur-cooperation\/"]}]},{"@type":"BreadcrumbList","@id":"https:\/\/admin.industriall-union.org\/fr\/les-syndicats-de-la-region-mena-renforcent-leur-puissance-en-ameliorant-leur-cooperation\/#breadcrumb","itemListElement":[{"@type":"ListItem","position":1,"name":"Home","item":"https:\/\/admin.industriall-union.org\/"},{"@type":"ListItem","position":2,"name":"Articles","item":"https:\/\/admin.industriall-union.org\/article\/"},{"@type":"ListItem","position":3,"name":"Les syndicats de la r\u00e9gion MENA renforcent leur puissance en am\u00e9liorant leur coop\u00e9ration"}]},{"@type":"WebSite","@id":"https:\/\/admin.industriall-union.org\/#website","url":"https:\/\/admin.industriall-union.org\/","name":"industriall-union","description":"","potentialAction":[{"@type":"SearchAction","target":{"@type":"EntryPoint","urlTemplate":"https:\/\/admin.industriall-union.org\/?s={search_term_string}"},"query-input":{"@type":"PropertyValueSpecification","valueRequired":true,"valueName":"search_term_string"}}],"inLanguage":"fr-FR"}]}},"_links":{"self":[{"href":"https:\/\/admin.industriall-union.org\/fr\/wp-json\/wp\/v2\/article\/152446","targetHints":{"allow":["GET"]}}],"collection":[{"href":"https:\/\/admin.industriall-union.org\/fr\/wp-json\/wp\/v2\/article"}],"about":[{"href":"https:\/\/admin.industriall-union.org\/fr\/wp-json\/wp\/v2\/types\/article"}],"wp:attachment":[{"href":"https:\/\/admin.industriall-union.org\/fr\/wp-json\/wp\/v2\/media?parent=152446"}],"wp:term":[{"taxonomy":"issues","embeddable":true,"href":"https:\/\/admin.industriall-union.org\/fr\/wp-json\/wp\/v2\/issues?post=152446"},{"taxonomy":"companies","embeddable":true,"href":"https:\/\/admin.industriall-union.org\/fr\/wp-json\/wp\/v2\/companies?post=152446"},{"taxonomy":"regions","embeddable":true,"href":"https:\/\/admin.industriall-union.org\/fr\/wp-json\/wp\/v2\/regions?post=152446"},{"taxonomy":"sectors","embeddable":true,"href":"https:\/\/admin.industriall-union.org\/fr\/wp-json\/wp\/v2\/sectors?post=152446"},{"taxonomy":"article_tags","embeddable":true,"href":"https:\/\/admin.industriall-union.org\/fr\/wp-json\/wp\/v2\/article_tags?post=152446"}],"curies":[{"name":"wp","href":"https:\/\/api.w.org\/{rel}","templated":true}]}}