{"id":152427,"date":"2014-04-03T18:07:25","date_gmt":"2014-04-03T18:07:25","guid":{"rendered":"https:\/\/admin.industriall-union.org\/georg-fischer-fait-constamment-fi-des-droits-syndicaux-en-turquie\/"},"modified":"2025-02-08T03:08:12","modified_gmt":"2025-02-08T03:08:12","slug":"georg-fischer-fait-constamment-fi-des-droits-syndicaux-en-turquie","status":"publish","type":"article","link":"https:\/\/admin.industriall-union.org\/fr\/georg-fischer-fait-constamment-fi-des-droits-syndicaux-en-turquie\/","title":{"rendered":"Georg Fischer fait constamment fi des droits syndicaux en Turquie"},"content":{"rendered":"<p>Lastik-Is, le Syndicat du P\u00e9trole, de la Chimie et du Caoutchouc de Turquie, membre de la conf\u00e9d\u00e9ration DISK et d&rsquo;IndustriALL a lanc\u00e9 une campagne de syndicalisation sur le site de production de l&rsquo;entreprise, appel\u00e9e en Turquie Georg Fischer Hakan Plastik, il y a quelques mois.<\/p><p>Fond\u00e9e en 1802 en Suisse, cette multinationale op\u00e8re dans 32 pays, au sein de 124 entreprises dont 48 sont des usines de production dans les segments de la tuyauterie, de l&rsquo;automobile et de la construction m\u00e9canique.<\/p><p>La r\u00e9action de Georg Fischer face \u00e0 la syndicalisation a \u00e9t\u00e9 rude et \u00e0 ce stade, 37 membres de Lastik-Is ont \u00e9t\u00e9 licenci\u00e9s par la direction locale. La simple raison en est le droit l\u00e9gitime et fondamental de libert\u00e9 d&rsquo;association exerc\u00e9 par ces travailleurs et garanti par des Conventions de l&rsquo;Organisation Internationale du Travail aussi bien que par la Constitution turque et la l\u00e9gislation nationale relative aux syndicats.<\/p><p>De plus, au lieu de mettre en place des relations sociales paisibles dans ses ateliers, la direction de Georg Fischer persiste \u00e0 recourir \u00e0 l&rsquo;intimidation et \u00e0 la pression sur les syndiqu\u00e9s pour leur faire abandonner leur affiliation \u00e0 Lastik-Is. C&rsquo;est en particulier le cas lors de r\u00e9unions en t\u00eate-\u00e0-t\u00eate que m\u00e8nent des cadres interm\u00e9diaires avec tous les syndiqu\u00e9s.<\/p><p>Entretemps, le Minist\u00e8re turc du Travail et de la S\u00e9curit\u00e9 sociale a transmis une certification officielle \u00e0 toutes les parties concern\u00e9es qui confirme que Lastik-Is dispose d&rsquo;une majorit\u00e9 suffisante aupr\u00e8s de la main d&rsquo;\u0153uvre de l&rsquo;entreprise pour pourvoir n\u00e9gocier en son nom. Cependant, Georg Fischer maintient son attitude anti-syndicale en refusant toute r\u00e9union \u00e0 niveau national ou international.<\/p><p>Bien qu&rsquo;IndustriALL Global Union et son affili\u00e9 suisse UNIA aient \u00e0 plusieurs reprises entam\u00e9 le dialogue avec les directions centrale et locale&nbsp; de l&rsquo;entreprise, la r\u00e9ponse reste n\u00e9gative.<\/p><p>Par ses actes pos\u00e9s en Turquie, Georg Fischer viole des dispositions pr\u00e9cises du Code de Relations collectives de Travail ainsi que du Code p\u00e9nal turcs. L&rsquo;entreprise transgresse \u00e9galement les Principes directeurs de l&rsquo;OCDE \u00e0 l&rsquo;intention des entreprises multinationales qui reconnaissent explicitement le droit pour tous les salari\u00e9s d&rsquo;\u00eatre ou de devenir membre d&rsquo;un syndicat et de participer \u00e0 des n\u00e9gociations collectives.<\/p><p>&laquo;&nbsp;Ce que Georg Fischer fait en Turquie est compl\u00e8tement inacceptable,&nbsp;&raquo; d\u00e9clare Kemal \u00d6zkan, Secr\u00e9taire g\u00e9n\u00e9ral adjoint d&rsquo;IndustriALL Global Union. &laquo;&nbsp;Si la situation en Turquie reste sans solution, nous allons, ensemble avec notre affili\u00e9 suisse UNIA et d&rsquo;autres organisations membres, aller \u00e0 l&rsquo;escalade dans notre campagne de soutien envers Lastik-Is et les syndiqu\u00e9s de Hakan Plastik.&nbsp;<\/p>","protected":false},"featured_media":0,"template":"","issues":[406,409,420,425],"companies":[],"regions":[250],"sectors":[478],"article_tags":[],"class_list":["post-152427","article","type-article","status-publish","hentry","issues-confronting-global-capital","issues-multinational-companies-mncs","issues-solidarity","issues-workers-rights","regions-turkiye","sectors-plastics"],"acf":[],"yoast_head":"<!-- This site is optimized with the Yoast SEO Premium plugin v27.1 (Yoast SEO v27.1) - https:\/\/yoast.com\/product\/yoast-seo-premium-wordpress\/ -->\n<title>Georg Fischer fait constamment fi des droits syndicaux en Turquie - industriall-union<\/title>\n<meta name=\"description\" content=\"Lastik-Is, le Syndicat du P\u00e9trole, de la Chimie et du Caoutchouc de Turquie, membre de la conf\u00e9d\u00e9ration DISK et d&rsquo;IndustriALL a lanc\u00e9 une campagne\" \/>\n<meta name=\"robots\" content=\"index, follow, max-snippet:-1, max-image-preview:large, max-video-preview:-1\" \/>\n<link rel=\"canonical\" href=\"https:\/\/admin.industriall-union.org\/fr\/georg-fischer-fait-constamment-fi-des-droits-syndicaux-en-turquie\/\" \/>\n<meta property=\"og:locale\" content=\"fr_FR\" \/>\n<meta property=\"og:type\" content=\"article\" \/>\n<meta property=\"og:title\" content=\"Georg Fischer fait constamment fi des droits syndicaux en Turquie\" \/>\n<meta property=\"og:description\" content=\"Lastik-Is, le Syndicat du P\u00e9trole, de la Chimie et du Caoutchouc de Turquie, membre de la conf\u00e9d\u00e9ration DISK et d&rsquo;IndustriALL a lanc\u00e9 une campagne\" \/>\n<meta property=\"og:url\" content=\"https:\/\/admin.industriall-union.org\/fr\/georg-fischer-fait-constamment-fi-des-droits-syndicaux-en-turquie\/\" \/>\n<meta property=\"og:site_name\" content=\"industriall-union\" \/>\n<meta property=\"article:modified_time\" content=\"2025-02-08T03:08:12+00:00\" \/>\n<meta name=\"twitter:card\" content=\"summary_large_image\" \/>\n<meta name=\"twitter:label1\" content=\"Est. reading time\" \/>\n\t<meta name=\"twitter:data1\" content=\"2 minutes\" \/>\n<script type=\"application\/ld+json\" class=\"yoast-schema-graph\">{\"@context\":\"https:\/\/schema.org\",\"@graph\":[{\"@type\":\"WebPage\",\"@id\":\"https:\/\/admin.industriall-union.org\/fr\/georg-fischer-fait-constamment-fi-des-droits-syndicaux-en-turquie\/\",\"url\":\"https:\/\/admin.industriall-union.org\/fr\/georg-fischer-fait-constamment-fi-des-droits-syndicaux-en-turquie\/\",\"name\":\"Georg Fischer fait constamment fi des droits syndicaux en Turquie - industriall-union\",\"isPartOf\":{\"@id\":\"https:\/\/admin.industriall-union.org\/#website\"},\"datePublished\":\"2014-04-03T18:07:25+00:00\",\"dateModified\":\"2025-02-08T03:08:12+00:00\",\"description\":\"Lastik-Is, le Syndicat du P\u00e9trole, de la Chimie et du Caoutchouc de Turquie, membre de la conf\u00e9d\u00e9ration DISK et d&rsquo;IndustriALL a lanc\u00e9 une campagne\",\"breadcrumb\":{\"@id\":\"https:\/\/admin.industriall-union.org\/fr\/georg-fischer-fait-constamment-fi-des-droits-syndicaux-en-turquie\/#breadcrumb\"},\"inLanguage\":\"fr-FR\",\"potentialAction\":[{\"@type\":\"ReadAction\",\"target\":[\"https:\/\/admin.industriall-union.org\/fr\/georg-fischer-fait-constamment-fi-des-droits-syndicaux-en-turquie\/\"]}]},{\"@type\":\"BreadcrumbList\",\"@id\":\"https:\/\/admin.industriall-union.org\/fr\/georg-fischer-fait-constamment-fi-des-droits-syndicaux-en-turquie\/#breadcrumb\",\"itemListElement\":[{\"@type\":\"ListItem\",\"position\":1,\"name\":\"Home\",\"item\":\"https:\/\/admin.industriall-union.org\/\"},{\"@type\":\"ListItem\",\"position\":2,\"name\":\"Articles\",\"item\":\"https:\/\/admin.industriall-union.org\/article\/\"},{\"@type\":\"ListItem\",\"position\":3,\"name\":\"Georg Fischer fait constamment fi des droits syndicaux en Turquie\"}]},{\"@type\":\"WebSite\",\"@id\":\"https:\/\/admin.industriall-union.org\/#website\",\"url\":\"https:\/\/admin.industriall-union.org\/\",\"name\":\"industriall-union\",\"description\":\"\",\"potentialAction\":[{\"@type\":\"SearchAction\",\"target\":{\"@type\":\"EntryPoint\",\"urlTemplate\":\"https:\/\/admin.industriall-union.org\/?s={search_term_string}\"},\"query-input\":{\"@type\":\"PropertyValueSpecification\",\"valueRequired\":true,\"valueName\":\"search_term_string\"}}],\"inLanguage\":\"fr-FR\"}]}<\/script>\n<!-- \/ Yoast SEO Premium plugin. -->","yoast_head_json":{"title":"Georg Fischer fait constamment fi des droits syndicaux en Turquie - industriall-union","description":"Lastik-Is, le Syndicat du P\u00e9trole, de la Chimie et du Caoutchouc de Turquie, membre de la conf\u00e9d\u00e9ration DISK et d&rsquo;IndustriALL a lanc\u00e9 une campagne","robots":{"index":"index","follow":"follow","max-snippet":"max-snippet:-1","max-image-preview":"max-image-preview:large","max-video-preview":"max-video-preview:-1"},"canonical":"https:\/\/admin.industriall-union.org\/fr\/georg-fischer-fait-constamment-fi-des-droits-syndicaux-en-turquie\/","og_locale":"fr_FR","og_type":"article","og_title":"Georg Fischer fait constamment fi des droits syndicaux en Turquie","og_description":"Lastik-Is, le Syndicat du P\u00e9trole, de la Chimie et du Caoutchouc de Turquie, membre de la conf\u00e9d\u00e9ration DISK et d&rsquo;IndustriALL a lanc\u00e9 une campagne","og_url":"https:\/\/admin.industriall-union.org\/fr\/georg-fischer-fait-constamment-fi-des-droits-syndicaux-en-turquie\/","og_site_name":"industriall-union","article_modified_time":"2025-02-08T03:08:12+00:00","twitter_card":"summary_large_image","twitter_misc":{"Est. reading time":"2 minutes"},"schema":{"@context":"https:\/\/schema.org","@graph":[{"@type":"WebPage","@id":"https:\/\/admin.industriall-union.org\/fr\/georg-fischer-fait-constamment-fi-des-droits-syndicaux-en-turquie\/","url":"https:\/\/admin.industriall-union.org\/fr\/georg-fischer-fait-constamment-fi-des-droits-syndicaux-en-turquie\/","name":"Georg Fischer fait constamment fi des droits syndicaux en Turquie - industriall-union","isPartOf":{"@id":"https:\/\/admin.industriall-union.org\/#website"},"datePublished":"2014-04-03T18:07:25+00:00","dateModified":"2025-02-08T03:08:12+00:00","description":"Lastik-Is, le Syndicat du P\u00e9trole, de la Chimie et du Caoutchouc de Turquie, membre de la conf\u00e9d\u00e9ration DISK et d&rsquo;IndustriALL a lanc\u00e9 une campagne","breadcrumb":{"@id":"https:\/\/admin.industriall-union.org\/fr\/georg-fischer-fait-constamment-fi-des-droits-syndicaux-en-turquie\/#breadcrumb"},"inLanguage":"fr-FR","potentialAction":[{"@type":"ReadAction","target":["https:\/\/admin.industriall-union.org\/fr\/georg-fischer-fait-constamment-fi-des-droits-syndicaux-en-turquie\/"]}]},{"@type":"BreadcrumbList","@id":"https:\/\/admin.industriall-union.org\/fr\/georg-fischer-fait-constamment-fi-des-droits-syndicaux-en-turquie\/#breadcrumb","itemListElement":[{"@type":"ListItem","position":1,"name":"Home","item":"https:\/\/admin.industriall-union.org\/"},{"@type":"ListItem","position":2,"name":"Articles","item":"https:\/\/admin.industriall-union.org\/article\/"},{"@type":"ListItem","position":3,"name":"Georg Fischer fait constamment fi des droits syndicaux en Turquie"}]},{"@type":"WebSite","@id":"https:\/\/admin.industriall-union.org\/#website","url":"https:\/\/admin.industriall-union.org\/","name":"industriall-union","description":"","potentialAction":[{"@type":"SearchAction","target":{"@type":"EntryPoint","urlTemplate":"https:\/\/admin.industriall-union.org\/?s={search_term_string}"},"query-input":{"@type":"PropertyValueSpecification","valueRequired":true,"valueName":"search_term_string"}}],"inLanguage":"fr-FR"}]}},"_links":{"self":[{"href":"https:\/\/admin.industriall-union.org\/fr\/wp-json\/wp\/v2\/article\/152427","targetHints":{"allow":["GET"]}}],"collection":[{"href":"https:\/\/admin.industriall-union.org\/fr\/wp-json\/wp\/v2\/article"}],"about":[{"href":"https:\/\/admin.industriall-union.org\/fr\/wp-json\/wp\/v2\/types\/article"}],"wp:attachment":[{"href":"https:\/\/admin.industriall-union.org\/fr\/wp-json\/wp\/v2\/media?parent=152427"}],"wp:term":[{"taxonomy":"issues","embeddable":true,"href":"https:\/\/admin.industriall-union.org\/fr\/wp-json\/wp\/v2\/issues?post=152427"},{"taxonomy":"companies","embeddable":true,"href":"https:\/\/admin.industriall-union.org\/fr\/wp-json\/wp\/v2\/companies?post=152427"},{"taxonomy":"regions","embeddable":true,"href":"https:\/\/admin.industriall-union.org\/fr\/wp-json\/wp\/v2\/regions?post=152427"},{"taxonomy":"sectors","embeddable":true,"href":"https:\/\/admin.industriall-union.org\/fr\/wp-json\/wp\/v2\/sectors?post=152427"},{"taxonomy":"article_tags","embeddable":true,"href":"https:\/\/admin.industriall-union.org\/fr\/wp-json\/wp\/v2\/article_tags?post=152427"}],"curies":[{"name":"wp","href":"https:\/\/api.w.org\/{rel}","templated":true}]}}