{"id":152384,"date":"2014-04-23T22:01:00","date_gmt":"2014-04-23T22:01:00","guid":{"rendered":"https:\/\/admin.industriall-union.org\/l-engagement-des-marques-au-fonds-d-indemnisation-du-rana-plaza-fait-cruellement-defaut\/"},"modified":"2025-02-08T02:32:25","modified_gmt":"2025-02-08T02:32:25","slug":"l-engagement-des-marques-au-fonds-d-indemnisation-du-rana-plaza-fait-cruellement-defaut","status":"publish","type":"article","link":"https:\/\/admin.industriall-union.org\/fr\/l-engagement-des-marques-au-fonds-d-indemnisation-du-rana-plaza-fait-cruellement-defaut\/","title":{"rendered":"L\u2019engagement des marques au Fonds d\u2019indemnisation du Rana Plaza fait cruellement d\u00e9faut"},"content":{"rendered":"<p>Plus de 1.100 personnes ont perdu la vie et deux mille autres ont \u00e9t\u00e9 bless\u00e9es quand l&rsquo;immeuble de huit \u00e9tages Rana Plaza abritant des ateliers et fabriques de la confection dans la capitale Dacca s&rsquo;est effondr\u00e9 le 24 avril 2013.<\/p><p>Les contributions des marques au Fonds fiduciaire des donateurs du Rana Plaza restent notoirement insuffisantes. Jusqu&rsquo;\u00e0 pr\u00e9sent, environ 15 millions d&rsquo;USD ont \u00e9t\u00e9 vers\u00e9s au Fonds \u00e9tabli pour offrir un soutien financier et m\u00e9dical aux victimes et \u00e0 leurs familles, en accord avec les lignes directrices de l&rsquo;Organisation internationale du Travail (OIT).<\/p><p>Le secr\u00e9taire g\u00e9n\u00e9ral de IndustriALL Global Union, Jyrki Raina, a d\u00e9clar\u00e9:&nbsp;<\/p><blockquote><p>Nous demandons instamment \u00e0 toutes les marques qui ont travaill\u00e9 au Bangladesh de contribuer au Fonds en versant une somme tr\u00e8s importante. Elles ont une responsabilit\u00e9 collective dans ce mod\u00e8le r\u00e9ellement non viable de production et pour les risques qu&rsquo;il comporte. C&rsquo;est ce mod\u00e8le que nous allons maintenant changer.<\/p><\/blockquote><p>Le Fonds fiduciaire des donateurs a \u00e9t\u00e9 \u00e9tabli par le Dispositif du Rana Plaza, un organe neutre et ind\u00e9pendant compos\u00e9 de partenaires et pr\u00e9sid\u00e9 par l&rsquo;OIT auquel IndustriALL est signataire.<\/p><p>Le Dispositif a d\u00e9j\u00e0 commenc\u00e9 le processus d&rsquo;enregistrement des requ\u00e9rant(e)s. Le commissaire ex\u00e9cutif du Comit\u00e9 de coordination du Dispositif du Rana Plaza, le Dr Mojtaba Kazazi, a d\u00e9clar\u00e9:<\/p><p>&ldquo;Si les fonds sont disponibles, tout sera fait dans les six mois, et ce sera fini. Si les fonds ne sont pas disponibles, cela veut dire qu&rsquo;en fait nous n&rsquo;avons pas rendu service \u00e0 ces gens car nous avons suscit\u00e9 des attentes que nous n&rsquo;avons pas pu r\u00e9aliser, avec comme r\u00e9sultat une situation qui n&rsquo;est pas bonne.&rdquo;<\/p><p>Ineke Zeldenrust de la Campagne v\u00eatements propres (CCC) a d\u00e9clar\u00e9:<\/p><p>&quot;Le manque d&rsquo;action est choquant. Des marques comme Benetton, Adler Modermarkte, Carrefour et Matalan n&rsquo;ont pas pu verser jusqu&rsquo;\u00e0 pr\u00e9sent une contribution au Fonds fiduciaire; elles doivent payer maintenant.&nbsp; Le niveau actuel des contributions est nettement insuffisant &ndash; Mango, KIK, Inditex et C&amp;A sont des marques qui doivent augmenter leurs versements.&nbsp; Jusqu&rsquo;\u00e0 pr\u00e9sent, seule Loblaw a accept\u00e9 de payer 1,54 million d&rsquo;USD suppl\u00e9mentaires, ce qui porte sa contribution totale \u00e0 3,63 millions d&rsquo;USD. Les victimes ont suffisamment souffert et il n&rsquo;y a plus d&rsquo;excuses \u00e0 l&rsquo;approche du premier anniversaire.&quot;<\/p><p>&ldquo;La catastrophe du Rana Plaza a port\u00e9 un rude coup et servi de signal d&rsquo;alarme aux marques qui s&rsquo;approvisionnent dans les ateliers et fabriques de la confection au Bangladesh. Durant une ann\u00e9e, IndustriALL a lutt\u00e9 comme jamais aux c\u00f4t\u00e9s de UNI Global Union et des ONG partenaires, pour am\u00e9liorer la s\u00e9curit\u00e9 dans l&#039;industrie de la confection au Bangladesh, o\u00f9 plus de 1.800 travailleuses et travailleurs ont perdu la vie au cours des sept derni\u00e8res ann\u00e9es,&rdquo; a ajout\u00e9 Raina.<\/p><p>Plus de 160 marques ont sign\u00e9 l&#039;Accord sur les mesures de s\u00e9curit\u00e9 qui ont trait aux incendies et aux b\u00e2timents au Bangladesh, un accord juridiquement contraignant n\u00e9goci\u00e9 par IndustriALL et UNI pour am\u00e9liorer les conditions de s\u00e9curit\u00e9 dans 1.600 ateliers et fabriques, et qui s&#039;applique \u00e0 environ 2 millions de travailleuses et travailleurs.<\/p><p>D&#039;ici la fin de septembre 2014, tous les ateliers et fabriques de v\u00eatements, signataires de l&rsquo;Accord, feront l&#039;objet d&#039;inspections et de recommandations pour les r\u00e9parations n\u00e9cessaires dans les lieux de travail pr\u00e9sentant un danger.<\/p><p>Le secr\u00e9taire g\u00e9n\u00e9ral de UNI Global Union, Philip Jennings, a d\u00e9clar\u00e9:&nbsp;&ldquo;L&#039;\u00e9quipe repr\u00e9sentant l&rsquo;Accord sur le terrain prend de lourdes d\u00e9cisions. Quand le travail doit \u00eatre interrompu pour des r\u00e9parations, cela peut constituer une rude \u00e9preuve pour les travailleuses et travailleurs, mais il n&#039;y a pas d&rsquo;autre choix quand nous avons un autre Rana Plaza potentiel.&rdquo; &nbsp;<\/p><p>&ldquo;Ce projet ne concerne pas seulement la s\u00e9curit\u00e9, il s&#039;agit \u00e9galement de mettre fin aux salaires de mis\u00e8re au Bangladesh. L&#039;ann\u00e9e derni\u00e8re, apr\u00e8s une longue campagne et une mobilisation, le gouvernement du Bangladesh a finalement accept\u00e9 en novembre d&#039;augmenter le salaire minimum qui est pass\u00e9 de 38 \u00e0 67 USD par mois. Mais il s&#039;agit seulement d&#039;une premi\u00e8re \u00e9tape vers un salaire vital auquel a droit chaque personne employ\u00e9e, qu&#039;il s&#039;agisse d&#039;un homme ou d&#039;une femme. Nous devons poursuivre cette t\u00e2che avec des r\u00e9visions annuelles pour que les marques et les distributeurs paient \u00e0 leur juste valeur les v\u00eatements fournis par les propri\u00e9taires d&#039;atelier et de fabriques afin de garantir le versement d&#039;un salaire vital.&rdquo;<\/p><p>Fin<\/p><p>Contact:<\/p><p>Leonie Guguen, permanente des communications, IndustriALL Global Union. Tel: +41 22 308 50 23&nbsp;I&nbsp;<a href=\"mailto:lguguen@industriall-union.org\">lguguen@industriall-union.org<\/a>&nbsp;I&nbsp;<a href=\"http:\/\/www.industriALL-union.org\">www.industriALL-union.org<\/a> Standard: +41 22 308 50 50<\/p>","protected":false},"featured_media":0,"template":"","issues":[414],"companies":[],"regions":[159],"sectors":[465],"article_tags":[521],"class_list":["post-152384","article","type-article","status-publish","hentry","issues-action-on-bangladesh","regions-bangladesh","sectors-garment","article_tags-press-release"],"acf":[],"yoast_head":"<!-- This site is optimized with the Yoast SEO Premium plugin v27.1 (Yoast SEO v27.1) - https:\/\/yoast.com\/product\/yoast-seo-premium-wordpress\/ -->\n<title>L\u2019engagement des marques au Fonds d\u2019indemnisation du Rana Plaza fait cruellement d\u00e9faut - industriall-union<\/title>\n<meta name=\"description\" content=\"Plus de 1.100 personnes ont perdu la vie et deux mille autres ont \u00e9t\u00e9 bless\u00e9es quand l&rsquo;immeuble de huit \u00e9tages Rana Plaza abritant des ateliers et\" \/>\n<meta name=\"robots\" content=\"index, follow, max-snippet:-1, max-image-preview:large, max-video-preview:-1\" \/>\n<link rel=\"canonical\" href=\"https:\/\/admin.industriall-union.org\/fr\/l-engagement-des-marques-au-fonds-d-indemnisation-du-rana-plaza-fait-cruellement-defaut\/\" \/>\n<meta property=\"og:locale\" content=\"fr_FR\" \/>\n<meta property=\"og:type\" content=\"article\" \/>\n<meta property=\"og:title\" content=\"L\u2019engagement des marques au Fonds d\u2019indemnisation du Rana Plaza fait cruellement d\u00e9faut\" \/>\n<meta property=\"og:description\" content=\"Plus de 1.100 personnes ont perdu la vie et deux mille autres ont \u00e9t\u00e9 bless\u00e9es quand l&rsquo;immeuble de huit \u00e9tages Rana Plaza abritant des ateliers et\" \/>\n<meta property=\"og:url\" content=\"https:\/\/admin.industriall-union.org\/fr\/l-engagement-des-marques-au-fonds-d-indemnisation-du-rana-plaza-fait-cruellement-defaut\/\" \/>\n<meta property=\"og:site_name\" content=\"industriall-union\" \/>\n<meta property=\"article:modified_time\" content=\"2025-02-08T02:32:25+00:00\" \/>\n<meta name=\"twitter:card\" content=\"summary_large_image\" \/>\n<meta name=\"twitter:label1\" content=\"Est. reading time\" \/>\n\t<meta name=\"twitter:data1\" content=\"4 minutes\" \/>\n<script type=\"application\/ld+json\" class=\"yoast-schema-graph\">{\"@context\":\"https:\/\/schema.org\",\"@graph\":[{\"@type\":\"WebPage\",\"@id\":\"https:\/\/admin.industriall-union.org\/fr\/l-engagement-des-marques-au-fonds-d-indemnisation-du-rana-plaza-fait-cruellement-defaut\/\",\"url\":\"https:\/\/admin.industriall-union.org\/fr\/l-engagement-des-marques-au-fonds-d-indemnisation-du-rana-plaza-fait-cruellement-defaut\/\",\"name\":\"L\u2019engagement des marques au Fonds d\u2019indemnisation du Rana Plaza fait cruellement d\u00e9faut - industriall-union\",\"isPartOf\":{\"@id\":\"https:\/\/admin.industriall-union.org\/#website\"},\"datePublished\":\"2014-04-23T22:01:00+00:00\",\"dateModified\":\"2025-02-08T02:32:25+00:00\",\"description\":\"Plus de 1.100 personnes ont perdu la vie et deux mille autres ont \u00e9t\u00e9 bless\u00e9es quand l&rsquo;immeuble de huit \u00e9tages Rana Plaza abritant des ateliers et\",\"breadcrumb\":{\"@id\":\"https:\/\/admin.industriall-union.org\/fr\/l-engagement-des-marques-au-fonds-d-indemnisation-du-rana-plaza-fait-cruellement-defaut\/#breadcrumb\"},\"inLanguage\":\"fr-FR\",\"potentialAction\":[{\"@type\":\"ReadAction\",\"target\":[\"https:\/\/admin.industriall-union.org\/fr\/l-engagement-des-marques-au-fonds-d-indemnisation-du-rana-plaza-fait-cruellement-defaut\/\"]}]},{\"@type\":\"BreadcrumbList\",\"@id\":\"https:\/\/admin.industriall-union.org\/fr\/l-engagement-des-marques-au-fonds-d-indemnisation-du-rana-plaza-fait-cruellement-defaut\/#breadcrumb\",\"itemListElement\":[{\"@type\":\"ListItem\",\"position\":1,\"name\":\"Home\",\"item\":\"https:\/\/admin.industriall-union.org\/\"},{\"@type\":\"ListItem\",\"position\":2,\"name\":\"Articles\",\"item\":\"https:\/\/admin.industriall-union.org\/article\/\"},{\"@type\":\"ListItem\",\"position\":3,\"name\":\"L\u2019engagement des marques au Fonds d\u2019indemnisation du Rana Plaza fait cruellement d\u00e9faut\"}]},{\"@type\":\"WebSite\",\"@id\":\"https:\/\/admin.industriall-union.org\/#website\",\"url\":\"https:\/\/admin.industriall-union.org\/\",\"name\":\"industriall-union\",\"description\":\"\",\"potentialAction\":[{\"@type\":\"SearchAction\",\"target\":{\"@type\":\"EntryPoint\",\"urlTemplate\":\"https:\/\/admin.industriall-union.org\/?s={search_term_string}\"},\"query-input\":{\"@type\":\"PropertyValueSpecification\",\"valueRequired\":true,\"valueName\":\"search_term_string\"}}],\"inLanguage\":\"fr-FR\"}]}<\/script>\n<!-- \/ Yoast SEO Premium plugin. -->","yoast_head_json":{"title":"L\u2019engagement des marques au Fonds d\u2019indemnisation du Rana Plaza fait cruellement d\u00e9faut - industriall-union","description":"Plus de 1.100 personnes ont perdu la vie et deux mille autres ont \u00e9t\u00e9 bless\u00e9es quand l&rsquo;immeuble de huit \u00e9tages Rana Plaza abritant des ateliers et","robots":{"index":"index","follow":"follow","max-snippet":"max-snippet:-1","max-image-preview":"max-image-preview:large","max-video-preview":"max-video-preview:-1"},"canonical":"https:\/\/admin.industriall-union.org\/fr\/l-engagement-des-marques-au-fonds-d-indemnisation-du-rana-plaza-fait-cruellement-defaut\/","og_locale":"fr_FR","og_type":"article","og_title":"L\u2019engagement des marques au Fonds d\u2019indemnisation du Rana Plaza fait cruellement d\u00e9faut","og_description":"Plus de 1.100 personnes ont perdu la vie et deux mille autres ont \u00e9t\u00e9 bless\u00e9es quand l&rsquo;immeuble de huit \u00e9tages Rana Plaza abritant des ateliers et","og_url":"https:\/\/admin.industriall-union.org\/fr\/l-engagement-des-marques-au-fonds-d-indemnisation-du-rana-plaza-fait-cruellement-defaut\/","og_site_name":"industriall-union","article_modified_time":"2025-02-08T02:32:25+00:00","twitter_card":"summary_large_image","twitter_misc":{"Est. reading time":"4 minutes"},"schema":{"@context":"https:\/\/schema.org","@graph":[{"@type":"WebPage","@id":"https:\/\/admin.industriall-union.org\/fr\/l-engagement-des-marques-au-fonds-d-indemnisation-du-rana-plaza-fait-cruellement-defaut\/","url":"https:\/\/admin.industriall-union.org\/fr\/l-engagement-des-marques-au-fonds-d-indemnisation-du-rana-plaza-fait-cruellement-defaut\/","name":"L\u2019engagement des marques au Fonds d\u2019indemnisation du Rana Plaza fait cruellement d\u00e9faut - industriall-union","isPartOf":{"@id":"https:\/\/admin.industriall-union.org\/#website"},"datePublished":"2014-04-23T22:01:00+00:00","dateModified":"2025-02-08T02:32:25+00:00","description":"Plus de 1.100 personnes ont perdu la vie et deux mille autres ont \u00e9t\u00e9 bless\u00e9es quand l&rsquo;immeuble de huit \u00e9tages Rana Plaza abritant des ateliers et","breadcrumb":{"@id":"https:\/\/admin.industriall-union.org\/fr\/l-engagement-des-marques-au-fonds-d-indemnisation-du-rana-plaza-fait-cruellement-defaut\/#breadcrumb"},"inLanguage":"fr-FR","potentialAction":[{"@type":"ReadAction","target":["https:\/\/admin.industriall-union.org\/fr\/l-engagement-des-marques-au-fonds-d-indemnisation-du-rana-plaza-fait-cruellement-defaut\/"]}]},{"@type":"BreadcrumbList","@id":"https:\/\/admin.industriall-union.org\/fr\/l-engagement-des-marques-au-fonds-d-indemnisation-du-rana-plaza-fait-cruellement-defaut\/#breadcrumb","itemListElement":[{"@type":"ListItem","position":1,"name":"Home","item":"https:\/\/admin.industriall-union.org\/"},{"@type":"ListItem","position":2,"name":"Articles","item":"https:\/\/admin.industriall-union.org\/article\/"},{"@type":"ListItem","position":3,"name":"L\u2019engagement des marques au Fonds d\u2019indemnisation du Rana Plaza fait cruellement d\u00e9faut"}]},{"@type":"WebSite","@id":"https:\/\/admin.industriall-union.org\/#website","url":"https:\/\/admin.industriall-union.org\/","name":"industriall-union","description":"","potentialAction":[{"@type":"SearchAction","target":{"@type":"EntryPoint","urlTemplate":"https:\/\/admin.industriall-union.org\/?s={search_term_string}"},"query-input":{"@type":"PropertyValueSpecification","valueRequired":true,"valueName":"search_term_string"}}],"inLanguage":"fr-FR"}]}},"_links":{"self":[{"href":"https:\/\/admin.industriall-union.org\/fr\/wp-json\/wp\/v2\/article\/152384","targetHints":{"allow":["GET"]}}],"collection":[{"href":"https:\/\/admin.industriall-union.org\/fr\/wp-json\/wp\/v2\/article"}],"about":[{"href":"https:\/\/admin.industriall-union.org\/fr\/wp-json\/wp\/v2\/types\/article"}],"wp:attachment":[{"href":"https:\/\/admin.industriall-union.org\/fr\/wp-json\/wp\/v2\/media?parent=152384"}],"wp:term":[{"taxonomy":"issues","embeddable":true,"href":"https:\/\/admin.industriall-union.org\/fr\/wp-json\/wp\/v2\/issues?post=152384"},{"taxonomy":"companies","embeddable":true,"href":"https:\/\/admin.industriall-union.org\/fr\/wp-json\/wp\/v2\/companies?post=152384"},{"taxonomy":"regions","embeddable":true,"href":"https:\/\/admin.industriall-union.org\/fr\/wp-json\/wp\/v2\/regions?post=152384"},{"taxonomy":"sectors","embeddable":true,"href":"https:\/\/admin.industriall-union.org\/fr\/wp-json\/wp\/v2\/sectors?post=152384"},{"taxonomy":"article_tags","embeddable":true,"href":"https:\/\/admin.industriall-union.org\/fr\/wp-json\/wp\/v2\/article_tags?post=152384"}],"curies":[{"name":"wp","href":"https:\/\/api.w.org\/{rel}","templated":true}]}}