{"id":152380,"date":"2014-04-24T16:19:05","date_gmt":"2014-04-24T16:19:05","guid":{"rendered":"https:\/\/admin.industriall-union.org\/victoire-de-los-mineros-chez-teksid\/"},"modified":"2025-02-08T02:27:16","modified_gmt":"2025-02-08T02:27:16","slug":"victoire-de-los-mineros-chez-teksid","status":"publish","type":"article","link":"https:\/\/admin.industriall-union.org\/fr\/victoire-de-los-mineros-chez-teksid\/","title":{"rendered":"Victoire de Los Mineros chez Teksid"},"content":{"rendered":"<p>Cet accord a mis fin \u00e0 un arr\u00eat de travail d\u00e9but\u00e9 vendredi dernier et marque la seconde victoire significative en un mois pour Los Mineros en termes de syndicalisation, eux qui avaient d\u00e9j\u00e0 remport\u00e9 la bataille juridique pour la reconnaissance syndicale \u00e0 la mine Excellon de &ldquo;La Sierrita&rdquo;, Durango, il y a deux semaines.<\/p><p>Une assembl\u00e9e des travailleurs de Teksid a applaudi l&rsquo;annonce faite par leur porte-parole, Imelda Jimenez, et le conseiller juridique du Comit\u00e9 ex\u00e9cutif national de Los Mineros, Oscar Alzaga S\u00e1nchez, qui leur lisaient le texte sign\u00e9 et l\u00e9galement contraignant de l&rsquo;accord conclu avec l&rsquo;employeur.<\/p><p>Le syndicat jaune CTM \u00e9tait aux commandes de la convention collective de travail depuis le d\u00e9but des activit\u00e9s de Teksid en 1996.<\/p><p>La convention oblige l&rsquo;entreprise \u00e0 r\u00e9int\u00e9grer les trois travailleurs licenci\u00e9s Marisol Ruiz Moreno, Orlando Montoya et Oscar Rodr\u00edguez Ponce.<\/p><p>Elle rencontre \u00e9galement la revendication des travailleurs de participation aux b\u00e9n\u00e9fices. Ces versements seront faits aux travailleurs et travailleuses pour la fin de cette semaine.<\/p><p>La convention porte encore l&rsquo;engagement de l&rsquo;employeur \u00e0 respecter le droit de ses salari\u00e9s \u00e0 rejoindre un syndicat de son choix, de ne pas exercer de repr\u00e9sailles contre les travailleurs impliqu\u00e9s dans la gr\u00e8ve, de laisser tomber la plainte en justice d\u00e9pos\u00e9e en r\u00e9action \u00e0 l&rsquo;arr\u00eat de travail, de respecter la n\u00e9gociation collective et \u00e0 y prendre part activement.<\/p><p>Comme l&rsquo;avait d\u00e9j\u00e0 rapport\u00e9 IndustriALL ce 22 avril dernier, 11 travailleurs qui soutenaient Los Mineros ont \u00e9t\u00e9 <a href=\"http:\/\/www.industriall-union.org\/fr\/des-travailleurs-de-teksid-au-mexique-charges-de-la-syndicalisation-tombent-dans-une-embuscade-et\">sauvagement et l\u00e2chement agress\u00e9s<\/a> par 80 \u00e0 100 hommes de main alors qu&rsquo;ils sortaient d&rsquo;une r\u00e9union avec la direction et les autorit\u00e9s du travail le 21 avril. Cette victoire s&rsquo;est obtenue de haute lutte.<\/p><p>IndustriALL Global Union salue ces deux magnifiques victoires de son affili\u00e9 mexicain Los Mineros.<\/p>","protected":false},"featured_media":0,"template":"","issues":[420],"companies":[],"regions":[275],"sectors":[482,481],"article_tags":[505],"class_list":["post-152380","article","type-article","status-publish","hentry","issues-solidarity","regions-mexico","sectors-automotive","sectors-base-metals","article_tags-collective-bargaining"],"acf":[],"yoast_head":"<!-- This site is optimized with the Yoast SEO Premium plugin v27.1 (Yoast SEO v27.1) - https:\/\/yoast.com\/product\/yoast-seo-premium-wordpress\/ -->\n<title>Victoire de Los Mineros chez Teksid - industriall-union<\/title>\n<meta name=\"description\" content=\"Cet accord a mis fin \u00e0 un arr\u00eat de travail d\u00e9but\u00e9 vendredi dernier et marque la seconde victoire significative en un mois pour Los Mineros en termes de\" \/>\n<meta name=\"robots\" content=\"index, follow, max-snippet:-1, max-image-preview:large, max-video-preview:-1\" \/>\n<link rel=\"canonical\" href=\"https:\/\/admin.industriall-union.org\/fr\/victoire-de-los-mineros-chez-teksid\/\" \/>\n<meta property=\"og:locale\" content=\"fr_FR\" \/>\n<meta property=\"og:type\" content=\"article\" \/>\n<meta property=\"og:title\" content=\"Victoire de Los Mineros chez Teksid\" \/>\n<meta property=\"og:description\" content=\"Cet accord a mis fin \u00e0 un arr\u00eat de travail d\u00e9but\u00e9 vendredi dernier et marque la seconde victoire significative en un mois pour Los Mineros en termes de\" \/>\n<meta property=\"og:url\" content=\"https:\/\/admin.industriall-union.org\/fr\/victoire-de-los-mineros-chez-teksid\/\" \/>\n<meta property=\"og:site_name\" content=\"industriall-union\" \/>\n<meta property=\"article:modified_time\" content=\"2025-02-08T02:27:16+00:00\" \/>\n<meta name=\"twitter:card\" content=\"summary_large_image\" \/>\n<meta name=\"twitter:label1\" content=\"Est. reading time\" \/>\n\t<meta name=\"twitter:data1\" content=\"2 minutes\" \/>\n<script type=\"application\/ld+json\" class=\"yoast-schema-graph\">{\"@context\":\"https:\/\/schema.org\",\"@graph\":[{\"@type\":\"WebPage\",\"@id\":\"https:\/\/admin.industriall-union.org\/fr\/victoire-de-los-mineros-chez-teksid\/\",\"url\":\"https:\/\/admin.industriall-union.org\/fr\/victoire-de-los-mineros-chez-teksid\/\",\"name\":\"Victoire de Los Mineros chez Teksid - industriall-union\",\"isPartOf\":{\"@id\":\"https:\/\/admin.industriall-union.org\/#website\"},\"datePublished\":\"2014-04-24T16:19:05+00:00\",\"dateModified\":\"2025-02-08T02:27:16+00:00\",\"description\":\"Cet accord a mis fin \u00e0 un arr\u00eat de travail d\u00e9but\u00e9 vendredi dernier et marque la seconde victoire significative en un mois pour Los Mineros en termes de\",\"breadcrumb\":{\"@id\":\"https:\/\/admin.industriall-union.org\/fr\/victoire-de-los-mineros-chez-teksid\/#breadcrumb\"},\"inLanguage\":\"fr-FR\",\"potentialAction\":[{\"@type\":\"ReadAction\",\"target\":[\"https:\/\/admin.industriall-union.org\/fr\/victoire-de-los-mineros-chez-teksid\/\"]}]},{\"@type\":\"BreadcrumbList\",\"@id\":\"https:\/\/admin.industriall-union.org\/fr\/victoire-de-los-mineros-chez-teksid\/#breadcrumb\",\"itemListElement\":[{\"@type\":\"ListItem\",\"position\":1,\"name\":\"Home\",\"item\":\"https:\/\/admin.industriall-union.org\/\"},{\"@type\":\"ListItem\",\"position\":2,\"name\":\"Articles\",\"item\":\"https:\/\/admin.industriall-union.org\/article\/\"},{\"@type\":\"ListItem\",\"position\":3,\"name\":\"Victoire de Los Mineros chez Teksid\"}]},{\"@type\":\"WebSite\",\"@id\":\"https:\/\/admin.industriall-union.org\/#website\",\"url\":\"https:\/\/admin.industriall-union.org\/\",\"name\":\"industriall-union\",\"description\":\"\",\"potentialAction\":[{\"@type\":\"SearchAction\",\"target\":{\"@type\":\"EntryPoint\",\"urlTemplate\":\"https:\/\/admin.industriall-union.org\/?s={search_term_string}\"},\"query-input\":{\"@type\":\"PropertyValueSpecification\",\"valueRequired\":true,\"valueName\":\"search_term_string\"}}],\"inLanguage\":\"fr-FR\"}]}<\/script>\n<!-- \/ Yoast SEO Premium plugin. -->","yoast_head_json":{"title":"Victoire de Los Mineros chez Teksid - industriall-union","description":"Cet accord a mis fin \u00e0 un arr\u00eat de travail d\u00e9but\u00e9 vendredi dernier et marque la seconde victoire significative en un mois pour Los Mineros en termes de","robots":{"index":"index","follow":"follow","max-snippet":"max-snippet:-1","max-image-preview":"max-image-preview:large","max-video-preview":"max-video-preview:-1"},"canonical":"https:\/\/admin.industriall-union.org\/fr\/victoire-de-los-mineros-chez-teksid\/","og_locale":"fr_FR","og_type":"article","og_title":"Victoire de Los Mineros chez Teksid","og_description":"Cet accord a mis fin \u00e0 un arr\u00eat de travail d\u00e9but\u00e9 vendredi dernier et marque la seconde victoire significative en un mois pour Los Mineros en termes de","og_url":"https:\/\/admin.industriall-union.org\/fr\/victoire-de-los-mineros-chez-teksid\/","og_site_name":"industriall-union","article_modified_time":"2025-02-08T02:27:16+00:00","twitter_card":"summary_large_image","twitter_misc":{"Est. reading time":"2 minutes"},"schema":{"@context":"https:\/\/schema.org","@graph":[{"@type":"WebPage","@id":"https:\/\/admin.industriall-union.org\/fr\/victoire-de-los-mineros-chez-teksid\/","url":"https:\/\/admin.industriall-union.org\/fr\/victoire-de-los-mineros-chez-teksid\/","name":"Victoire de Los Mineros chez Teksid - industriall-union","isPartOf":{"@id":"https:\/\/admin.industriall-union.org\/#website"},"datePublished":"2014-04-24T16:19:05+00:00","dateModified":"2025-02-08T02:27:16+00:00","description":"Cet accord a mis fin \u00e0 un arr\u00eat de travail d\u00e9but\u00e9 vendredi dernier et marque la seconde victoire significative en un mois pour Los Mineros en termes de","breadcrumb":{"@id":"https:\/\/admin.industriall-union.org\/fr\/victoire-de-los-mineros-chez-teksid\/#breadcrumb"},"inLanguage":"fr-FR","potentialAction":[{"@type":"ReadAction","target":["https:\/\/admin.industriall-union.org\/fr\/victoire-de-los-mineros-chez-teksid\/"]}]},{"@type":"BreadcrumbList","@id":"https:\/\/admin.industriall-union.org\/fr\/victoire-de-los-mineros-chez-teksid\/#breadcrumb","itemListElement":[{"@type":"ListItem","position":1,"name":"Home","item":"https:\/\/admin.industriall-union.org\/"},{"@type":"ListItem","position":2,"name":"Articles","item":"https:\/\/admin.industriall-union.org\/article\/"},{"@type":"ListItem","position":3,"name":"Victoire de Los Mineros chez Teksid"}]},{"@type":"WebSite","@id":"https:\/\/admin.industriall-union.org\/#website","url":"https:\/\/admin.industriall-union.org\/","name":"industriall-union","description":"","potentialAction":[{"@type":"SearchAction","target":{"@type":"EntryPoint","urlTemplate":"https:\/\/admin.industriall-union.org\/?s={search_term_string}"},"query-input":{"@type":"PropertyValueSpecification","valueRequired":true,"valueName":"search_term_string"}}],"inLanguage":"fr-FR"}]}},"_links":{"self":[{"href":"https:\/\/admin.industriall-union.org\/fr\/wp-json\/wp\/v2\/article\/152380","targetHints":{"allow":["GET"]}}],"collection":[{"href":"https:\/\/admin.industriall-union.org\/fr\/wp-json\/wp\/v2\/article"}],"about":[{"href":"https:\/\/admin.industriall-union.org\/fr\/wp-json\/wp\/v2\/types\/article"}],"wp:attachment":[{"href":"https:\/\/admin.industriall-union.org\/fr\/wp-json\/wp\/v2\/media?parent=152380"}],"wp:term":[{"taxonomy":"issues","embeddable":true,"href":"https:\/\/admin.industriall-union.org\/fr\/wp-json\/wp\/v2\/issues?post=152380"},{"taxonomy":"companies","embeddable":true,"href":"https:\/\/admin.industriall-union.org\/fr\/wp-json\/wp\/v2\/companies?post=152380"},{"taxonomy":"regions","embeddable":true,"href":"https:\/\/admin.industriall-union.org\/fr\/wp-json\/wp\/v2\/regions?post=152380"},{"taxonomy":"sectors","embeddable":true,"href":"https:\/\/admin.industriall-union.org\/fr\/wp-json\/wp\/v2\/sectors?post=152380"},{"taxonomy":"article_tags","embeddable":true,"href":"https:\/\/admin.industriall-union.org\/fr\/wp-json\/wp\/v2\/article_tags?post=152380"}],"curies":[{"name":"wp","href":"https:\/\/api.w.org\/{rel}","templated":true}]}}