{"id":152374,"date":"2014-04-30T09:00:38","date_gmt":"2014-04-30T09:00:38","guid":{"rendered":"https:\/\/admin.industriall-union.org\/indonesie-363-travailleurs-suspendus-pour-avoir-revendique-la-fin-des-contrats-precaires\/"},"modified":"2025-02-08T02:17:49","modified_gmt":"2025-02-08T02:17:49","slug":"indonesie-363-travailleurs-suspendus-pour-avoir-revendique-la-fin-des-contrats-precaires","status":"publish","type":"article","link":"https:\/\/admin.industriall-union.org\/fr\/indonesie-363-travailleurs-suspendus-pour-avoir-revendique-la-fin-des-contrats-precaires\/","title":{"rendered":"Indon\u00e9sie : 363 travailleurs suspendus pour avoir revendiqu\u00e9 la fin des contrats pr\u00e9caires"},"content":{"rendered":"<p>En 2008, 500 travailleurs de Pertamina ont form\u00e9 un syndicat affili\u00e9 \u00e0 la F\u00e9d\u00e9ration des Mines et de l&rsquo;Energie (FPE-SBSI). Ayant acquis une meilleure connaissance de la l\u00e9gislation du travail indon\u00e9sienne et de l&rsquo;Agenda pour le travail d\u00e9cent de l&rsquo;OIT, les travailleurs et la FPE-SBSI ont revendiqu\u00e9 qu&rsquo;ils soient transf\u00e9r\u00e9s de leur emploi pr\u00e9caire au statut de travailleurs permanents. Certains d&rsquo;entre eux avaient travaill\u00e9 chez Pertamina depuis plus de 20 ans.<\/p><p>Le tribunal du travail d&rsquo;Aceh a ent\u00e9rin\u00e9 la revendication et d\u00e9cr\u00e9t\u00e9 que Pertamina devait donner aux travailleurs des contrats permanents. Refusant la d\u00e9cision, Pertamina a port\u00e9 l&rsquo;affaire devant la Cour Supr\u00eame \u00e0 Jakarta, en essayant de rendre nul et non avenu le verdict, et a par la m\u00eame occasion suspendu les 363 travailleurs pour une dur\u00e9e illimit\u00e9e.<\/p><p>Le r\u00e9sultat de cette suspension a \u00e9t\u00e9 dramatique pour certains travailleurs et leurs familles. Quatre d&rsquo;entre eux sont morts pour s&rsquo;\u00eatre vus refuser l&rsquo;acc\u00e8s \u00e0 des soins m\u00e9dicaux et de nombreux jeunes enfants ont d\u00fb renoncer \u00e0 aller \u00e0 l&rsquo;\u00e9cole, leurs parents ne pouvant plus se le permettre.<\/p><p>En association avec le Conseil national d&rsquo;IndustriALL pour l&rsquo;Indon\u00e9sie, la FPE a fait campagne aupr\u00e8s du parlement indon\u00e9sien. En octobre de l&rsquo;ann\u00e9e derni\u00e8re, la campagne a d\u00e9bouch\u00e9 sur 12 recommandations concernant l&rsquo;emploi dans les entreprises publiques (EP):<\/p><ol><li>Le Ministre responsable des entreprises publiques a le devoir de respecter cette d\u00e9cision<\/li><li>Il faut \u00e9liminer toute forme d&rsquo;externalisation dans les EP<\/li><li>Il est interdit \u00e0 toutes les EP d&rsquo;intimider les syndicats et leurs adh\u00e9rents<\/li><li>Aucune licenciement ne sera la cons\u00e9quence de cette d\u00e9cision<\/li><li>Les EP devraient solder tout leur d\u00fb aux travailleurs d\u00e9j\u00e0 licenci\u00e9s<\/li><li>Tous les travailleurs sous le coup d&rsquo;un licenciement devraient \u00eatre r\u00e9int\u00e9gr\u00e9s<\/li><li>Les EP devraient verser les salaires des travailleurs sous le coup d&rsquo;un licenciement<\/li><li>Le cadre normatif devrait \u00eatre respect\u00e9<\/li><li>Le directeur d&rsquo;une EP ne peut utiliser le budget de l&rsquo;EP pour r\u00e9gler un proc\u00e8s<\/li><li>Il est demand\u00e9 au Minist\u00e8re du Travail et \u00e0 la Police de poursuivre les violations du droit du travail au sein des EP<\/li><li>Ces recommandations devraient \u00eatre effectives 15 jours apr\u00e8s la date du 22 octobre 2013<\/li><li>La Commission IX mettra sur pied un groupe de travail avec le Ministre du Travail et les Repr\u00e9sentants des syndicats<\/li><\/ol><p>IndustriALL Global Union poursuit le combat en vue de mettre un terme \u00e0 ces conditions pr\u00e9caires de travail et pour assurer de stricte limites \u00e0 ce type d&rsquo;emploi. IndustriALL encourage fermement ses affili\u00e9s \u00e0 envoyer des lettres de solidarit\u00e9 pour soutenir les travailleurs engag\u00e9s dans cette lutte pour amener Pertamina \u00e0 un dialogue constructif avec la FPE-SBSI.<\/p><p>A l&rsquo;approche du 1er mai, rappelez-vous de mobiliser vos adh\u00e9rents et de rejoindre la lutte mondiale pour dire <a href=\"http:\/\/www.industriall-union.org\/fr\/themes\/justice-sociale-et-mondialisation\/stop-au-travail-precaire\">STOP au travail pr\u00e9caire<\/a><u>&nbsp;!<\/u><\/p>","protected":false},"featured_media":0,"template":"","issues":[415],"companies":[],"regions":[167],"sectors":[],"article_tags":[516],"class_list":["post-152374","article","type-article","status-publish","hentry","issues-stop-precarious-work","regions-indonesia","article_tags-may-day"],"acf":[],"yoast_head":"<!-- This site is optimized with the Yoast SEO Premium plugin v27.1 (Yoast SEO v27.1) - https:\/\/yoast.com\/product\/yoast-seo-premium-wordpress\/ -->\n<title>Indon\u00e9sie : 363 travailleurs suspendus pour avoir revendiqu\u00e9 la fin des contrats pr\u00e9caires - industriall-union<\/title>\n<meta name=\"description\" content=\"En 2008, 500 travailleurs de Pertamina ont form\u00e9 un syndicat affili\u00e9 \u00e0 la F\u00e9d\u00e9ration des Mines et de l&rsquo;Energie (FPE-SBSI). Ayant acquis une\" \/>\n<meta name=\"robots\" content=\"index, follow, max-snippet:-1, max-image-preview:large, max-video-preview:-1\" \/>\n<link rel=\"canonical\" href=\"https:\/\/admin.industriall-union.org\/fr\/indonesie-363-travailleurs-suspendus-pour-avoir-revendique-la-fin-des-contrats-precaires\/\" \/>\n<meta property=\"og:locale\" content=\"fr_FR\" \/>\n<meta property=\"og:type\" content=\"article\" \/>\n<meta property=\"og:title\" content=\"Indon\u00e9sie : 363 travailleurs suspendus pour avoir revendiqu\u00e9 la fin des contrats pr\u00e9caires\" \/>\n<meta property=\"og:description\" content=\"En 2008, 500 travailleurs de Pertamina ont form\u00e9 un syndicat affili\u00e9 \u00e0 la F\u00e9d\u00e9ration des Mines et de l&rsquo;Energie (FPE-SBSI). Ayant acquis une\" \/>\n<meta property=\"og:url\" content=\"https:\/\/admin.industriall-union.org\/fr\/indonesie-363-travailleurs-suspendus-pour-avoir-revendique-la-fin-des-contrats-precaires\/\" \/>\n<meta property=\"og:site_name\" content=\"industriall-union\" \/>\n<meta property=\"article:modified_time\" content=\"2025-02-08T02:17:49+00:00\" \/>\n<meta name=\"twitter:card\" content=\"summary_large_image\" \/>\n<meta name=\"twitter:label1\" content=\"Est. reading time\" \/>\n\t<meta name=\"twitter:data1\" content=\"3 minutes\" \/>\n<script type=\"application\/ld+json\" class=\"yoast-schema-graph\">{\"@context\":\"https:\/\/schema.org\",\"@graph\":[{\"@type\":\"WebPage\",\"@id\":\"https:\/\/admin.industriall-union.org\/fr\/indonesie-363-travailleurs-suspendus-pour-avoir-revendique-la-fin-des-contrats-precaires\/\",\"url\":\"https:\/\/admin.industriall-union.org\/fr\/indonesie-363-travailleurs-suspendus-pour-avoir-revendique-la-fin-des-contrats-precaires\/\",\"name\":\"Indon\u00e9sie : 363 travailleurs suspendus pour avoir revendiqu\u00e9 la fin des contrats pr\u00e9caires - industriall-union\",\"isPartOf\":{\"@id\":\"https:\/\/admin.industriall-union.org\/#website\"},\"datePublished\":\"2014-04-30T09:00:38+00:00\",\"dateModified\":\"2025-02-08T02:17:49+00:00\",\"description\":\"En 2008, 500 travailleurs de Pertamina ont form\u00e9 un syndicat affili\u00e9 \u00e0 la F\u00e9d\u00e9ration des Mines et de l&rsquo;Energie (FPE-SBSI). Ayant acquis une\",\"breadcrumb\":{\"@id\":\"https:\/\/admin.industriall-union.org\/fr\/indonesie-363-travailleurs-suspendus-pour-avoir-revendique-la-fin-des-contrats-precaires\/#breadcrumb\"},\"inLanguage\":\"fr-FR\",\"potentialAction\":[{\"@type\":\"ReadAction\",\"target\":[\"https:\/\/admin.industriall-union.org\/fr\/indonesie-363-travailleurs-suspendus-pour-avoir-revendique-la-fin-des-contrats-precaires\/\"]}]},{\"@type\":\"BreadcrumbList\",\"@id\":\"https:\/\/admin.industriall-union.org\/fr\/indonesie-363-travailleurs-suspendus-pour-avoir-revendique-la-fin-des-contrats-precaires\/#breadcrumb\",\"itemListElement\":[{\"@type\":\"ListItem\",\"position\":1,\"name\":\"Home\",\"item\":\"https:\/\/admin.industriall-union.org\/\"},{\"@type\":\"ListItem\",\"position\":2,\"name\":\"Articles\",\"item\":\"https:\/\/admin.industriall-union.org\/article\/\"},{\"@type\":\"ListItem\",\"position\":3,\"name\":\"Indon\u00e9sie : 363 travailleurs suspendus pour avoir revendiqu\u00e9 la fin des contrats pr\u00e9caires\"}]},{\"@type\":\"WebSite\",\"@id\":\"https:\/\/admin.industriall-union.org\/#website\",\"url\":\"https:\/\/admin.industriall-union.org\/\",\"name\":\"industriall-union\",\"description\":\"\",\"potentialAction\":[{\"@type\":\"SearchAction\",\"target\":{\"@type\":\"EntryPoint\",\"urlTemplate\":\"https:\/\/admin.industriall-union.org\/?s={search_term_string}\"},\"query-input\":{\"@type\":\"PropertyValueSpecification\",\"valueRequired\":true,\"valueName\":\"search_term_string\"}}],\"inLanguage\":\"fr-FR\"}]}<\/script>\n<!-- \/ Yoast SEO Premium plugin. -->","yoast_head_json":{"title":"Indon\u00e9sie : 363 travailleurs suspendus pour avoir revendiqu\u00e9 la fin des contrats pr\u00e9caires - industriall-union","description":"En 2008, 500 travailleurs de Pertamina ont form\u00e9 un syndicat affili\u00e9 \u00e0 la F\u00e9d\u00e9ration des Mines et de l&rsquo;Energie (FPE-SBSI). Ayant acquis une","robots":{"index":"index","follow":"follow","max-snippet":"max-snippet:-1","max-image-preview":"max-image-preview:large","max-video-preview":"max-video-preview:-1"},"canonical":"https:\/\/admin.industriall-union.org\/fr\/indonesie-363-travailleurs-suspendus-pour-avoir-revendique-la-fin-des-contrats-precaires\/","og_locale":"fr_FR","og_type":"article","og_title":"Indon\u00e9sie : 363 travailleurs suspendus pour avoir revendiqu\u00e9 la fin des contrats pr\u00e9caires","og_description":"En 2008, 500 travailleurs de Pertamina ont form\u00e9 un syndicat affili\u00e9 \u00e0 la F\u00e9d\u00e9ration des Mines et de l&rsquo;Energie (FPE-SBSI). Ayant acquis une","og_url":"https:\/\/admin.industriall-union.org\/fr\/indonesie-363-travailleurs-suspendus-pour-avoir-revendique-la-fin-des-contrats-precaires\/","og_site_name":"industriall-union","article_modified_time":"2025-02-08T02:17:49+00:00","twitter_card":"summary_large_image","twitter_misc":{"Est. reading time":"3 minutes"},"schema":{"@context":"https:\/\/schema.org","@graph":[{"@type":"WebPage","@id":"https:\/\/admin.industriall-union.org\/fr\/indonesie-363-travailleurs-suspendus-pour-avoir-revendique-la-fin-des-contrats-precaires\/","url":"https:\/\/admin.industriall-union.org\/fr\/indonesie-363-travailleurs-suspendus-pour-avoir-revendique-la-fin-des-contrats-precaires\/","name":"Indon\u00e9sie : 363 travailleurs suspendus pour avoir revendiqu\u00e9 la fin des contrats pr\u00e9caires - industriall-union","isPartOf":{"@id":"https:\/\/admin.industriall-union.org\/#website"},"datePublished":"2014-04-30T09:00:38+00:00","dateModified":"2025-02-08T02:17:49+00:00","description":"En 2008, 500 travailleurs de Pertamina ont form\u00e9 un syndicat affili\u00e9 \u00e0 la F\u00e9d\u00e9ration des Mines et de l&rsquo;Energie (FPE-SBSI). Ayant acquis une","breadcrumb":{"@id":"https:\/\/admin.industriall-union.org\/fr\/indonesie-363-travailleurs-suspendus-pour-avoir-revendique-la-fin-des-contrats-precaires\/#breadcrumb"},"inLanguage":"fr-FR","potentialAction":[{"@type":"ReadAction","target":["https:\/\/admin.industriall-union.org\/fr\/indonesie-363-travailleurs-suspendus-pour-avoir-revendique-la-fin-des-contrats-precaires\/"]}]},{"@type":"BreadcrumbList","@id":"https:\/\/admin.industriall-union.org\/fr\/indonesie-363-travailleurs-suspendus-pour-avoir-revendique-la-fin-des-contrats-precaires\/#breadcrumb","itemListElement":[{"@type":"ListItem","position":1,"name":"Home","item":"https:\/\/admin.industriall-union.org\/"},{"@type":"ListItem","position":2,"name":"Articles","item":"https:\/\/admin.industriall-union.org\/article\/"},{"@type":"ListItem","position":3,"name":"Indon\u00e9sie : 363 travailleurs suspendus pour avoir revendiqu\u00e9 la fin des contrats pr\u00e9caires"}]},{"@type":"WebSite","@id":"https:\/\/admin.industriall-union.org\/#website","url":"https:\/\/admin.industriall-union.org\/","name":"industriall-union","description":"","potentialAction":[{"@type":"SearchAction","target":{"@type":"EntryPoint","urlTemplate":"https:\/\/admin.industriall-union.org\/?s={search_term_string}"},"query-input":{"@type":"PropertyValueSpecification","valueRequired":true,"valueName":"search_term_string"}}],"inLanguage":"fr-FR"}]}},"_links":{"self":[{"href":"https:\/\/admin.industriall-union.org\/fr\/wp-json\/wp\/v2\/article\/152374","targetHints":{"allow":["GET"]}}],"collection":[{"href":"https:\/\/admin.industriall-union.org\/fr\/wp-json\/wp\/v2\/article"}],"about":[{"href":"https:\/\/admin.industriall-union.org\/fr\/wp-json\/wp\/v2\/types\/article"}],"wp:attachment":[{"href":"https:\/\/admin.industriall-union.org\/fr\/wp-json\/wp\/v2\/media?parent=152374"}],"wp:term":[{"taxonomy":"issues","embeddable":true,"href":"https:\/\/admin.industriall-union.org\/fr\/wp-json\/wp\/v2\/issues?post=152374"},{"taxonomy":"companies","embeddable":true,"href":"https:\/\/admin.industriall-union.org\/fr\/wp-json\/wp\/v2\/companies?post=152374"},{"taxonomy":"regions","embeddable":true,"href":"https:\/\/admin.industriall-union.org\/fr\/wp-json\/wp\/v2\/regions?post=152374"},{"taxonomy":"sectors","embeddable":true,"href":"https:\/\/admin.industriall-union.org\/fr\/wp-json\/wp\/v2\/sectors?post=152374"},{"taxonomy":"article_tags","embeddable":true,"href":"https:\/\/admin.industriall-union.org\/fr\/wp-json\/wp\/v2\/article_tags?post=152374"}],"curies":[{"name":"wp","href":"https:\/\/api.w.org\/{rel}","templated":true}]}}