{"id":152363,"date":"2014-05-06T19:12:27","date_gmt":"2014-05-06T19:12:27","guid":{"rendered":"https:\/\/admin.industriall-union.org\/napoleon-gomez-recoit-le-prix-arthur-svensson\/"},"modified":"2025-02-08T02:07:58","modified_gmt":"2025-02-08T02:07:58","slug":"napoleon-gomez-recoit-le-prix-arthur-svensson","status":"publish","type":"article","link":"https:\/\/admin.industriall-union.org\/fr\/napoleon-gomez-recoit-le-prix-arthur-svensson\/","title":{"rendered":"Napole\u00f3n G\u00f3mez re\u00e7oit le prix Arthur Svensson"},"content":{"rendered":"<p>Le Secr\u00e9taire g\u00e9n\u00e9ral d&rsquo;IndustriALL Jyrki Raina a f\u00e9licit\u00e9 Napole\u00f3n apr\u00e8s avoir d\u00e9fil\u00e9 avec Los Mineros ce Premier Mai et livr\u00e9 un message de solidarit\u00e9 sur la place historique de Zocalo \u00e0 Mexico en compagnie de Los Mineros et d&rsquo;autres syndicats ind\u00e9pendants.<\/p><p>IndustriALL Global Union f\u00e9licite Napole\u00f3n G\u00f3mez Urrutia, le leader du syndicat Los Mineros du Mexique pour avoir remport\u00e9 l&rsquo;\u00e9dition 2014 du Prix International Arthur Svensson pour les droits syndicaux&nbsp;! Comme l&rsquo;\u00e9crit le jury,<\/p><blockquote><p>G\u00f3mez Urrutia joue un r\u00f4le pr\u00e9dominant dans la lutte pour un syndicalisme d\u00e9mocratique au Mexique, ind\u00e9pendant du contr\u00f4le du gouvernement et des employeurs. Il est la cible d&rsquo;une campagne anti-syndicale vicieuse de la part du gouvernement et de grandes compagnies mini\u00e8res, en raison de ses revendications pressantes et persistantes en faveur des droits des travailleurs, de salaires d\u00e9cents et de conditions de travail s\u00fbres.<\/p><\/blockquote><p>Napole\u00f3n a \u00e9t\u00e9 nomin\u00e9 pour <a href=\"http:\/\/www.svenssonprize.com\/\">le prix<\/a> par IndustriALL comme suite \u00e0 une d\u00e9cision du Comit\u00e9 ex\u00e9cutif en d\u00e9cembre 2013. Napole\u00f3n a \u00e9t\u00e9 en mesure <a href=\"http:\/\/www.industriall-union.org\/fr\/la-victoire-symbolique-de-napoleon-gomez-emeut-industriall\">de prendre son si\u00e8ge lors ce Comit\u00e9 ex\u00e9cutif<\/a>, ce qui repr\u00e9sentait son premier d\u00e9placement international depuis son d\u00e9part en exil en 2006.<\/p><p>Le Prix International pour les droits syndicaux a \u00e9t\u00e9 cr\u00e9\u00e9 en 2010 par Industri Energi (IE), l&rsquo;affili\u00e9 d&rsquo;IndustriALL dans le secteur de l&rsquo;\u00e9nergie en Norv\u00e8ge, avec le but de promouvoir et renforcer les syndicats et les droits syndicaux au plan international. Arthur Svensson a \u00e9t\u00e9 un des plus grands leaders syndicalistes de Norv\u00e8ge (1930-2008). Le prix est attribu\u00e9 chaque ann\u00e9e sur base de propositions faites par les syndicats de par le monde. Il est constitu\u00e9 d&rsquo;une somme de NOK 500.000 (environ US$ 87.000).<\/p><p>Depuis 2006 et sa ferme condamnation de l&rsquo;homicide industriel de Pasta de Conchos, le leader des mineurs a subi les pers\u00e9cutions d&rsquo;une alliance entre l&rsquo;entreprise et le gouvernement qui l&rsquo;a forc\u00e9 \u00e0 diriger son syndicat depuis un exil \u00e0 Vancouver, au Canada.<\/p><p>L&rsquo;interdiction de voyager lui a \u00e9t\u00e9 impos\u00e9e par les autorit\u00e9s mexicaines dans le cadre d&rsquo;une r\u00e9pression sauvage de Los Mineros. Des proc\u00e8s mont\u00e9s de toutes pi\u00e8ces par les autorit\u00e9s mexicaines ont fait que Napole\u00f3n est sur la Liste Rouge d&rsquo;Interpol depuis 2006. <a href=\"http:\/\/www.industriall-union.org\/fr\/victoire-napoleon-gomez-raye-de-la-liste-rouge-dinterpol\">Los Mineros ont \u00e0 de nombreuses reprises d\u00e9jou\u00e9s les proc\u00e8s truqu\u00e9s<\/a> mais les autorit\u00e9s ont alors fait appel et abus\u00e9 des m\u00e9canismes d&rsquo;Interpol pour maintenir l&rsquo;exil.<\/p><p>Davantage de d\u00e9tails sur la lutte de Napole\u00f3n se trouvent sur le site consacr\u00e9 \u00e0 son livre <a href=\"http:\/\/www.collapseofdignity.com\/\">Collapse of Dignity<\/a>.<\/p>","protected":false},"featured_media":0,"template":"","issues":[421,420],"companies":[],"regions":[275],"sectors":[495],"article_tags":[],"class_list":["post-152363","article","type-article","status-publish","hentry","issues-mexico-campaign","issues-solidarity","regions-mexico","sectors-mining"],"acf":[],"yoast_head":"<!-- This site is optimized with the Yoast SEO Premium plugin v27.1 (Yoast SEO v27.1) - https:\/\/yoast.com\/product\/yoast-seo-premium-wordpress\/ -->\n<title>Napole\u00f3n G\u00f3mez re\u00e7oit le prix Arthur Svensson - industriall-union<\/title>\n<meta name=\"description\" content=\"Le Secr\u00e9taire g\u00e9n\u00e9ral d&rsquo;IndustriALL Jyrki Raina a f\u00e9licit\u00e9 Napole\u00f3n apr\u00e8s avoir d\u00e9fil\u00e9 avec Los Mineros ce Premier Mai et livr\u00e9 un message de\" \/>\n<meta name=\"robots\" content=\"index, follow, max-snippet:-1, max-image-preview:large, max-video-preview:-1\" \/>\n<link rel=\"canonical\" href=\"https:\/\/admin.industriall-union.org\/fr\/napoleon-gomez-recoit-le-prix-arthur-svensson\/\" \/>\n<meta property=\"og:locale\" content=\"fr_FR\" \/>\n<meta property=\"og:type\" content=\"article\" \/>\n<meta property=\"og:title\" content=\"Napole\u00f3n G\u00f3mez re\u00e7oit le prix Arthur Svensson\" \/>\n<meta property=\"og:description\" content=\"Le Secr\u00e9taire g\u00e9n\u00e9ral d&rsquo;IndustriALL Jyrki Raina a f\u00e9licit\u00e9 Napole\u00f3n apr\u00e8s avoir d\u00e9fil\u00e9 avec Los Mineros ce Premier Mai et livr\u00e9 un message de\" \/>\n<meta property=\"og:url\" content=\"https:\/\/admin.industriall-union.org\/fr\/napoleon-gomez-recoit-le-prix-arthur-svensson\/\" \/>\n<meta property=\"og:site_name\" content=\"industriall-union\" \/>\n<meta property=\"article:modified_time\" content=\"2025-02-08T02:07:58+00:00\" \/>\n<meta name=\"twitter:card\" content=\"summary_large_image\" \/>\n<meta name=\"twitter:label1\" content=\"Est. reading time\" \/>\n\t<meta name=\"twitter:data1\" content=\"2 minutes\" \/>\n<script type=\"application\/ld+json\" class=\"yoast-schema-graph\">{\"@context\":\"https:\/\/schema.org\",\"@graph\":[{\"@type\":\"WebPage\",\"@id\":\"https:\/\/admin.industriall-union.org\/fr\/napoleon-gomez-recoit-le-prix-arthur-svensson\/\",\"url\":\"https:\/\/admin.industriall-union.org\/fr\/napoleon-gomez-recoit-le-prix-arthur-svensson\/\",\"name\":\"Napole\u00f3n G\u00f3mez re\u00e7oit le prix Arthur Svensson - industriall-union\",\"isPartOf\":{\"@id\":\"https:\/\/admin.industriall-union.org\/#website\"},\"datePublished\":\"2014-05-06T19:12:27+00:00\",\"dateModified\":\"2025-02-08T02:07:58+00:00\",\"description\":\"Le Secr\u00e9taire g\u00e9n\u00e9ral d&rsquo;IndustriALL Jyrki Raina a f\u00e9licit\u00e9 Napole\u00f3n apr\u00e8s avoir d\u00e9fil\u00e9 avec Los Mineros ce Premier Mai et livr\u00e9 un message de\",\"breadcrumb\":{\"@id\":\"https:\/\/admin.industriall-union.org\/fr\/napoleon-gomez-recoit-le-prix-arthur-svensson\/#breadcrumb\"},\"inLanguage\":\"fr-FR\",\"potentialAction\":[{\"@type\":\"ReadAction\",\"target\":[\"https:\/\/admin.industriall-union.org\/fr\/napoleon-gomez-recoit-le-prix-arthur-svensson\/\"]}]},{\"@type\":\"BreadcrumbList\",\"@id\":\"https:\/\/admin.industriall-union.org\/fr\/napoleon-gomez-recoit-le-prix-arthur-svensson\/#breadcrumb\",\"itemListElement\":[{\"@type\":\"ListItem\",\"position\":1,\"name\":\"Home\",\"item\":\"https:\/\/admin.industriall-union.org\/\"},{\"@type\":\"ListItem\",\"position\":2,\"name\":\"Articles\",\"item\":\"https:\/\/admin.industriall-union.org\/article\/\"},{\"@type\":\"ListItem\",\"position\":3,\"name\":\"Napole\u00f3n G\u00f3mez re\u00e7oit le prix Arthur Svensson\"}]},{\"@type\":\"WebSite\",\"@id\":\"https:\/\/admin.industriall-union.org\/#website\",\"url\":\"https:\/\/admin.industriall-union.org\/\",\"name\":\"industriall-union\",\"description\":\"\",\"potentialAction\":[{\"@type\":\"SearchAction\",\"target\":{\"@type\":\"EntryPoint\",\"urlTemplate\":\"https:\/\/admin.industriall-union.org\/?s={search_term_string}\"},\"query-input\":{\"@type\":\"PropertyValueSpecification\",\"valueRequired\":true,\"valueName\":\"search_term_string\"}}],\"inLanguage\":\"fr-FR\"}]}<\/script>\n<!-- \/ Yoast SEO Premium plugin. -->","yoast_head_json":{"title":"Napole\u00f3n G\u00f3mez re\u00e7oit le prix Arthur Svensson - industriall-union","description":"Le Secr\u00e9taire g\u00e9n\u00e9ral d&rsquo;IndustriALL Jyrki Raina a f\u00e9licit\u00e9 Napole\u00f3n apr\u00e8s avoir d\u00e9fil\u00e9 avec Los Mineros ce Premier Mai et livr\u00e9 un message de","robots":{"index":"index","follow":"follow","max-snippet":"max-snippet:-1","max-image-preview":"max-image-preview:large","max-video-preview":"max-video-preview:-1"},"canonical":"https:\/\/admin.industriall-union.org\/fr\/napoleon-gomez-recoit-le-prix-arthur-svensson\/","og_locale":"fr_FR","og_type":"article","og_title":"Napole\u00f3n G\u00f3mez re\u00e7oit le prix Arthur Svensson","og_description":"Le Secr\u00e9taire g\u00e9n\u00e9ral d&rsquo;IndustriALL Jyrki Raina a f\u00e9licit\u00e9 Napole\u00f3n apr\u00e8s avoir d\u00e9fil\u00e9 avec Los Mineros ce Premier Mai et livr\u00e9 un message de","og_url":"https:\/\/admin.industriall-union.org\/fr\/napoleon-gomez-recoit-le-prix-arthur-svensson\/","og_site_name":"industriall-union","article_modified_time":"2025-02-08T02:07:58+00:00","twitter_card":"summary_large_image","twitter_misc":{"Est. reading time":"2 minutes"},"schema":{"@context":"https:\/\/schema.org","@graph":[{"@type":"WebPage","@id":"https:\/\/admin.industriall-union.org\/fr\/napoleon-gomez-recoit-le-prix-arthur-svensson\/","url":"https:\/\/admin.industriall-union.org\/fr\/napoleon-gomez-recoit-le-prix-arthur-svensson\/","name":"Napole\u00f3n G\u00f3mez re\u00e7oit le prix Arthur Svensson - industriall-union","isPartOf":{"@id":"https:\/\/admin.industriall-union.org\/#website"},"datePublished":"2014-05-06T19:12:27+00:00","dateModified":"2025-02-08T02:07:58+00:00","description":"Le Secr\u00e9taire g\u00e9n\u00e9ral d&rsquo;IndustriALL Jyrki Raina a f\u00e9licit\u00e9 Napole\u00f3n apr\u00e8s avoir d\u00e9fil\u00e9 avec Los Mineros ce Premier Mai et livr\u00e9 un message de","breadcrumb":{"@id":"https:\/\/admin.industriall-union.org\/fr\/napoleon-gomez-recoit-le-prix-arthur-svensson\/#breadcrumb"},"inLanguage":"fr-FR","potentialAction":[{"@type":"ReadAction","target":["https:\/\/admin.industriall-union.org\/fr\/napoleon-gomez-recoit-le-prix-arthur-svensson\/"]}]},{"@type":"BreadcrumbList","@id":"https:\/\/admin.industriall-union.org\/fr\/napoleon-gomez-recoit-le-prix-arthur-svensson\/#breadcrumb","itemListElement":[{"@type":"ListItem","position":1,"name":"Home","item":"https:\/\/admin.industriall-union.org\/"},{"@type":"ListItem","position":2,"name":"Articles","item":"https:\/\/admin.industriall-union.org\/article\/"},{"@type":"ListItem","position":3,"name":"Napole\u00f3n G\u00f3mez re\u00e7oit le prix Arthur Svensson"}]},{"@type":"WebSite","@id":"https:\/\/admin.industriall-union.org\/#website","url":"https:\/\/admin.industriall-union.org\/","name":"industriall-union","description":"","potentialAction":[{"@type":"SearchAction","target":{"@type":"EntryPoint","urlTemplate":"https:\/\/admin.industriall-union.org\/?s={search_term_string}"},"query-input":{"@type":"PropertyValueSpecification","valueRequired":true,"valueName":"search_term_string"}}],"inLanguage":"fr-FR"}]}},"_links":{"self":[{"href":"https:\/\/admin.industriall-union.org\/fr\/wp-json\/wp\/v2\/article\/152363","targetHints":{"allow":["GET"]}}],"collection":[{"href":"https:\/\/admin.industriall-union.org\/fr\/wp-json\/wp\/v2\/article"}],"about":[{"href":"https:\/\/admin.industriall-union.org\/fr\/wp-json\/wp\/v2\/types\/article"}],"wp:attachment":[{"href":"https:\/\/admin.industriall-union.org\/fr\/wp-json\/wp\/v2\/media?parent=152363"}],"wp:term":[{"taxonomy":"issues","embeddable":true,"href":"https:\/\/admin.industriall-union.org\/fr\/wp-json\/wp\/v2\/issues?post=152363"},{"taxonomy":"companies","embeddable":true,"href":"https:\/\/admin.industriall-union.org\/fr\/wp-json\/wp\/v2\/companies?post=152363"},{"taxonomy":"regions","embeddable":true,"href":"https:\/\/admin.industriall-union.org\/fr\/wp-json\/wp\/v2\/regions?post=152363"},{"taxonomy":"sectors","embeddable":true,"href":"https:\/\/admin.industriall-union.org\/fr\/wp-json\/wp\/v2\/sectors?post=152363"},{"taxonomy":"article_tags","embeddable":true,"href":"https:\/\/admin.industriall-union.org\/fr\/wp-json\/wp\/v2\/article_tags?post=152363"}],"curies":[{"name":"wp","href":"https:\/\/api.w.org\/{rel}","templated":true}]}}