{"id":152351,"date":"2014-05-14T09:16:00","date_gmt":"2014-05-14T09:16:00","guid":{"rendered":"https:\/\/admin.industriall-union.org\/l-accident-minier-en-turquie-par-le-nombre-croissant-de-morts-est-un-veritable-carnage\/"},"modified":"2025-02-08T01:42:33","modified_gmt":"2025-02-08T01:42:33","slug":"l-accident-minier-en-turquie-par-le-nombre-croissant-de-morts-est-un-veritable-carnage","status":"publish","type":"article","link":"https:\/\/admin.industriall-union.org\/fr\/l-accident-minier-en-turquie-par-le-nombre-croissant-de-morts-est-un-veritable-carnage\/","title":{"rendered":"L\u2019accident minier en Turquie par le nombre croissant de morts est un v\u00e9ritable carnage"},"content":{"rendered":"<p>La mine, qui appartient \u00e0 une entreprise priv\u00e9e, est syndiqu\u00e9e par un affili\u00e9 de IndustriALL, le syndicat des mineurs Maden-\u0130\u015f de Turquie. Environ 800 mineurs se trouvaient au carreau ou au fond de la mine quand une d\u00e9faillance \u00e9lectrique a provoqu\u00e9 l&rsquo;explosion d&rsquo;un transformateur, provoquant un incendie important mardi 13 mai vers midi. L&rsquo;incendie a entra\u00een\u00e9 une coupure de courant dans la mine qui a rendu les cages d&rsquo;extraction inutilisables, la majorit\u00e9 des travailleurs restant bloqu\u00e9s \u00e0 2 km sous terre et \u00e0 4 km de la sortie. Les sauveteurs ont poursuivi leurs efforts toute la nuit tandis que les familles de plus de 200 mineurs manquants attendaient \u00e0 l&rsquo;entr\u00e9e de la mine ou \u00e0 l&rsquo;h\u00f4pital local.<\/p><p>La Turquie d\u00e9tient un triste palmar\u00e8s pour la s\u00e9curit\u00e9 mini\u00e8re, et IndustriALL consid\u00e8re que la mort de tant de mineurs constitue un v\u00e9ritable carnage. Chaque d\u00e9c\u00e8s dans une exploitation mini\u00e8re pourrait \u00eatre \u00e9vit\u00e9, et IndustriALL poursuivra la campagne de ratification de la convention 176 de l&rsquo;OIT en Turquie et dans d&rsquo;autres pays. Le gouvernement turc subit d\u00e9j\u00e0 une forte pression et des critiques pour ne avoir pas tenu compte d&rsquo;exigences en mati\u00e8re de s\u00e9curit\u00e9 alors que les travailleurs doivent payer cela de leur vie.<\/p><p>Nurettin Ak\u00e7ul, pr\u00e9sident, et Vedat \u00dcnal, secr\u00e9taire g\u00e9n\u00e9ral de Maden-\u0130\u015f signalent que l&rsquo;explosion s&rsquo;est produite au moment du changement d&rsquo;\u00e9quipe, ce qui rend encore plus difficile de conna\u00eetre le nombre de mineurs encore bloqu\u00e9s sous terre. Les dirigeants de Maden-\u0130\u015f indiquent que &ldquo;la mine d\u00e9tient l&rsquo;autorisation l\u00e9gale n\u00e9cessaire et que tous les travailleurs sont couverts par la s\u00e9curit\u00e9 sociale. Les repr\u00e9sentants du syndicat local confirment que tous les travailleurs sont \u00e9quip\u00e9s de masque \u00e0 oxyg\u00e8ne sous terre, mais personne ne sait combien de temps ces masques peuvent les maintenir en vie dans cette situation.&rdquo;<\/p><p>Le taux de survie des mineurs de charbon apr\u00e8s une explosion ou un incendie est extr\u00eamement faible, compar\u00e9 aux accidents dans des mines de roches dures ou de m\u00e9taux. Les op\u00e9rations de sauvetage doivent commencer de plus rapidement possible apr\u00e8s une explosion dans une mine de charbon pour que les personnes bloqu\u00e9es puissent \u00eatre remont\u00e9es en vie. IndustriALL et toutes les personnes concern\u00e9es esp\u00e8rent que ce sera l&rsquo;exception \u00e0 la r\u00e8gle. Le monoxyde de carbone qui est un poison est la menace la plus grande pour ceux encore bloqu\u00e9s sous terre.<\/p><p>IndustriALL Global Union a \u00e9crit aujourd&rsquo;hui \u00e0 Maden-\u0130\u015f:<\/p><blockquote><p>Cette trag\u00e9die peut \u00eatre consid\u00e9r\u00e9e comme la trag\u00e9die mini\u00e8re la plus grave de ces derni\u00e8res ann\u00e9es, ce qui est d&rsquo;autant plus tragique au vu de l&rsquo;attitude apparemment insensible du gouvernement et des soci\u00e9t\u00e9s mini\u00e8res. Cette attitude est inacceptable et doit cesser.&nbsp; Il est intol\u00e9rable que des mineurs en Turquie se voient d\u00e9nier leur droit fondamental de la personne de travailler dans un milieu garantissant leur s\u00e9curit\u00e9, au lieu de s&rsquo;attendre d&rsquo;\u00eatre envoy\u00e9s au travail pour mourir.<\/p><p>Le nombre de mineurs concern\u00e9s par l&rsquo;accident mortel est inimaginable et \u00e9norme.&nbsp; Nous demandons \u00e0 l&rsquo;entreprise priv\u00e9e charg\u00e9e de la mine et au gouvernement turc d&rsquo;assurer le sauvetage du plus grand nombre possible de mineurs sur les 400 qui restent dans le puits de mine.<\/p><p>La Turquie d\u00e9tient sans doute le plus mauvais bilan en mati\u00e8re de s\u00e9curit\u00e9 dans des accidents et des explosions miniers en Europe, et occupe la troisi\u00e8me place dans le monde.&nbsp; R\u00e9cemment, le 7 janvier 2013, huit mineurs ont perdu la vie dans un autre accidents minier, que le pr\u00e9sident de votre organisation s\u0153ur, Genel Maden-Is, a correctement qualifi\u00e9 de &ldquo;meurtre&rdquo; de mineurs.<\/p><p>De toute urgence, IndustriALL Global Union demande au gouvernement turc de ratifier imm\u00e9diatement et d&rsquo;appliquer la convention 176 de l&rsquo;OIT sur la s\u00e9curit\u00e9 et la sant\u00e9 dans les mines, pour sauver des vies de mineurs. Le &ldquo;meurtre&rdquo; doit cesser.&nbsp; IndustriALL Global Union fera tout son possible pour s&rsquo;assurer que le gouvernement turc agit de mani\u00e8re responsable et ratifie la convention 176.&nbsp;&nbsp;Nous demandons une fois de plus aux responsables politiques de tenir compte s\u00e9rieusement de la vie des mineurs qui est \u00e0 placer au dessus du profit.<\/p><\/blockquote><p>&ldquo;Le gouvernement turc et les employeurs d\u00e9tiennent une responsabilit\u00e9 pour ce carnage,&rdquo; a d\u00e9clar\u00e9 Kemal \u00d6zkan, secr\u00e9taire g\u00e9n\u00e9ral adjoint de IndustriALL Global Union. &ldquo;Quand des gouvernements se trouvent dans l&rsquo;incapacit\u00e9 de prot\u00e9ger leurs citoyens, ce n&rsquo;est pas seulement de l&rsquo;irresponsabilit\u00e9, c&rsquo;est une infraction \u00e0 l&rsquo;un des devoirs les plus fondamentaux de tout gouvernement. La Turquie aspire \u00e0 la grandeur&nbsp;; elle peut y parvenir mais pas aux d\u00e9pens de la vie des travailleurs.&rdquo;<\/p><blockquote><p>Selon les chiffres officiels, plus de 3000 mineurs ont \u00e9t\u00e9 tu\u00e9s en 73 ans en Turquie. On assiste \u00e0 cela avec appr\u00e9hension en sachant que cet accident pourrait bien \u00eatre le plus grave. Cela suffit. Le gouvernement turc doit agir maintenant&nbsp;; les mineurs de mon pays ne peuvent pas continuer de payer de leur vie une telle inaction dans des mines dangereuses.<\/p><\/blockquote><p><strong>Contacts de presse:<\/strong><\/p><p><strong>Kemal \u00d6zkan, +41-79-7349044<\/strong><\/p><p><strong>Tom Grinter, +41-79-6934499<\/strong><\/p>","protected":false},"featured_media":0,"template":"","issues":[403,402,424],"companies":[],"regions":[250],"sectors":[495],"article_tags":[513],"class_list":["post-152351","article","type-article","status-publish","hentry","issues-convention-176-mine-safety","issues-health-and-safety","issues-violation","regions-turkiye","sectors-mining","article_tags-labour-laws"],"acf":[],"yoast_head":"<!-- This site is optimized with the Yoast SEO Premium plugin v27.1 (Yoast SEO v27.1) - https:\/\/yoast.com\/product\/yoast-seo-premium-wordpress\/ -->\n<title>L\u2019accident minier en Turquie par le nombre croissant de morts est un v\u00e9ritable carnage - industriall-union<\/title>\n<meta name=\"description\" content=\"La mine, qui appartient \u00e0 une entreprise priv\u00e9e, est syndiqu\u00e9e par un affili\u00e9 de IndustriALL, le syndicat des mineurs Maden-\u0130\u015f de Turquie. Environ 800\" \/>\n<meta name=\"robots\" content=\"index, follow, max-snippet:-1, max-image-preview:large, max-video-preview:-1\" \/>\n<link rel=\"canonical\" href=\"https:\/\/admin.industriall-union.org\/fr\/l-accident-minier-en-turquie-par-le-nombre-croissant-de-morts-est-un-veritable-carnage\/\" \/>\n<meta property=\"og:locale\" content=\"fr_FR\" \/>\n<meta property=\"og:type\" content=\"article\" \/>\n<meta property=\"og:title\" content=\"L\u2019accident minier en Turquie par le nombre croissant de morts est un v\u00e9ritable carnage\" \/>\n<meta property=\"og:description\" content=\"La mine, qui appartient \u00e0 une entreprise priv\u00e9e, est syndiqu\u00e9e par un affili\u00e9 de IndustriALL, le syndicat des mineurs Maden-\u0130\u015f de Turquie. Environ 800\" \/>\n<meta property=\"og:url\" content=\"https:\/\/admin.industriall-union.org\/fr\/l-accident-minier-en-turquie-par-le-nombre-croissant-de-morts-est-un-veritable-carnage\/\" \/>\n<meta property=\"og:site_name\" content=\"industriall-union\" \/>\n<meta property=\"article:modified_time\" content=\"2025-02-08T01:42:33+00:00\" \/>\n<meta name=\"twitter:card\" content=\"summary_large_image\" \/>\n<meta name=\"twitter:label1\" content=\"Est. reading time\" \/>\n\t<meta name=\"twitter:data1\" content=\"5 minutes\" \/>\n<script type=\"application\/ld+json\" class=\"yoast-schema-graph\">{\"@context\":\"https:\/\/schema.org\",\"@graph\":[{\"@type\":\"WebPage\",\"@id\":\"https:\/\/admin.industriall-union.org\/fr\/l-accident-minier-en-turquie-par-le-nombre-croissant-de-morts-est-un-veritable-carnage\/\",\"url\":\"https:\/\/admin.industriall-union.org\/fr\/l-accident-minier-en-turquie-par-le-nombre-croissant-de-morts-est-un-veritable-carnage\/\",\"name\":\"L\u2019accident minier en Turquie par le nombre croissant de morts est un v\u00e9ritable carnage - industriall-union\",\"isPartOf\":{\"@id\":\"https:\/\/admin.industriall-union.org\/#website\"},\"datePublished\":\"2014-05-14T09:16:00+00:00\",\"dateModified\":\"2025-02-08T01:42:33+00:00\",\"description\":\"La mine, qui appartient \u00e0 une entreprise priv\u00e9e, est syndiqu\u00e9e par un affili\u00e9 de IndustriALL, le syndicat des mineurs Maden-\u0130\u015f de Turquie. Environ 800\",\"breadcrumb\":{\"@id\":\"https:\/\/admin.industriall-union.org\/fr\/l-accident-minier-en-turquie-par-le-nombre-croissant-de-morts-est-un-veritable-carnage\/#breadcrumb\"},\"inLanguage\":\"fr-FR\",\"potentialAction\":[{\"@type\":\"ReadAction\",\"target\":[\"https:\/\/admin.industriall-union.org\/fr\/l-accident-minier-en-turquie-par-le-nombre-croissant-de-morts-est-un-veritable-carnage\/\"]}]},{\"@type\":\"BreadcrumbList\",\"@id\":\"https:\/\/admin.industriall-union.org\/fr\/l-accident-minier-en-turquie-par-le-nombre-croissant-de-morts-est-un-veritable-carnage\/#breadcrumb\",\"itemListElement\":[{\"@type\":\"ListItem\",\"position\":1,\"name\":\"Home\",\"item\":\"https:\/\/admin.industriall-union.org\/\"},{\"@type\":\"ListItem\",\"position\":2,\"name\":\"Articles\",\"item\":\"https:\/\/admin.industriall-union.org\/article\/\"},{\"@type\":\"ListItem\",\"position\":3,\"name\":\"L\u2019accident minier en Turquie par le nombre croissant de morts est un v\u00e9ritable carnage\"}]},{\"@type\":\"WebSite\",\"@id\":\"https:\/\/admin.industriall-union.org\/#website\",\"url\":\"https:\/\/admin.industriall-union.org\/\",\"name\":\"industriall-union\",\"description\":\"\",\"potentialAction\":[{\"@type\":\"SearchAction\",\"target\":{\"@type\":\"EntryPoint\",\"urlTemplate\":\"https:\/\/admin.industriall-union.org\/?s={search_term_string}\"},\"query-input\":{\"@type\":\"PropertyValueSpecification\",\"valueRequired\":true,\"valueName\":\"search_term_string\"}}],\"inLanguage\":\"fr-FR\"}]}<\/script>\n<!-- \/ Yoast SEO Premium plugin. -->","yoast_head_json":{"title":"L\u2019accident minier en Turquie par le nombre croissant de morts est un v\u00e9ritable carnage - industriall-union","description":"La mine, qui appartient \u00e0 une entreprise priv\u00e9e, est syndiqu\u00e9e par un affili\u00e9 de IndustriALL, le syndicat des mineurs Maden-\u0130\u015f de Turquie. Environ 800","robots":{"index":"index","follow":"follow","max-snippet":"max-snippet:-1","max-image-preview":"max-image-preview:large","max-video-preview":"max-video-preview:-1"},"canonical":"https:\/\/admin.industriall-union.org\/fr\/l-accident-minier-en-turquie-par-le-nombre-croissant-de-morts-est-un-veritable-carnage\/","og_locale":"fr_FR","og_type":"article","og_title":"L\u2019accident minier en Turquie par le nombre croissant de morts est un v\u00e9ritable carnage","og_description":"La mine, qui appartient \u00e0 une entreprise priv\u00e9e, est syndiqu\u00e9e par un affili\u00e9 de IndustriALL, le syndicat des mineurs Maden-\u0130\u015f de Turquie. Environ 800","og_url":"https:\/\/admin.industriall-union.org\/fr\/l-accident-minier-en-turquie-par-le-nombre-croissant-de-morts-est-un-veritable-carnage\/","og_site_name":"industriall-union","article_modified_time":"2025-02-08T01:42:33+00:00","twitter_card":"summary_large_image","twitter_misc":{"Est. reading time":"5 minutes"},"schema":{"@context":"https:\/\/schema.org","@graph":[{"@type":"WebPage","@id":"https:\/\/admin.industriall-union.org\/fr\/l-accident-minier-en-turquie-par-le-nombre-croissant-de-morts-est-un-veritable-carnage\/","url":"https:\/\/admin.industriall-union.org\/fr\/l-accident-minier-en-turquie-par-le-nombre-croissant-de-morts-est-un-veritable-carnage\/","name":"L\u2019accident minier en Turquie par le nombre croissant de morts est un v\u00e9ritable carnage - industriall-union","isPartOf":{"@id":"https:\/\/admin.industriall-union.org\/#website"},"datePublished":"2014-05-14T09:16:00+00:00","dateModified":"2025-02-08T01:42:33+00:00","description":"La mine, qui appartient \u00e0 une entreprise priv\u00e9e, est syndiqu\u00e9e par un affili\u00e9 de IndustriALL, le syndicat des mineurs Maden-\u0130\u015f de Turquie. Environ 800","breadcrumb":{"@id":"https:\/\/admin.industriall-union.org\/fr\/l-accident-minier-en-turquie-par-le-nombre-croissant-de-morts-est-un-veritable-carnage\/#breadcrumb"},"inLanguage":"fr-FR","potentialAction":[{"@type":"ReadAction","target":["https:\/\/admin.industriall-union.org\/fr\/l-accident-minier-en-turquie-par-le-nombre-croissant-de-morts-est-un-veritable-carnage\/"]}]},{"@type":"BreadcrumbList","@id":"https:\/\/admin.industriall-union.org\/fr\/l-accident-minier-en-turquie-par-le-nombre-croissant-de-morts-est-un-veritable-carnage\/#breadcrumb","itemListElement":[{"@type":"ListItem","position":1,"name":"Home","item":"https:\/\/admin.industriall-union.org\/"},{"@type":"ListItem","position":2,"name":"Articles","item":"https:\/\/admin.industriall-union.org\/article\/"},{"@type":"ListItem","position":3,"name":"L\u2019accident minier en Turquie par le nombre croissant de morts est un v\u00e9ritable carnage"}]},{"@type":"WebSite","@id":"https:\/\/admin.industriall-union.org\/#website","url":"https:\/\/admin.industriall-union.org\/","name":"industriall-union","description":"","potentialAction":[{"@type":"SearchAction","target":{"@type":"EntryPoint","urlTemplate":"https:\/\/admin.industriall-union.org\/?s={search_term_string}"},"query-input":{"@type":"PropertyValueSpecification","valueRequired":true,"valueName":"search_term_string"}}],"inLanguage":"fr-FR"}]}},"_links":{"self":[{"href":"https:\/\/admin.industriall-union.org\/fr\/wp-json\/wp\/v2\/article\/152351","targetHints":{"allow":["GET"]}}],"collection":[{"href":"https:\/\/admin.industriall-union.org\/fr\/wp-json\/wp\/v2\/article"}],"about":[{"href":"https:\/\/admin.industriall-union.org\/fr\/wp-json\/wp\/v2\/types\/article"}],"wp:attachment":[{"href":"https:\/\/admin.industriall-union.org\/fr\/wp-json\/wp\/v2\/media?parent=152351"}],"wp:term":[{"taxonomy":"issues","embeddable":true,"href":"https:\/\/admin.industriall-union.org\/fr\/wp-json\/wp\/v2\/issues?post=152351"},{"taxonomy":"companies","embeddable":true,"href":"https:\/\/admin.industriall-union.org\/fr\/wp-json\/wp\/v2\/companies?post=152351"},{"taxonomy":"regions","embeddable":true,"href":"https:\/\/admin.industriall-union.org\/fr\/wp-json\/wp\/v2\/regions?post=152351"},{"taxonomy":"sectors","embeddable":true,"href":"https:\/\/admin.industriall-union.org\/fr\/wp-json\/wp\/v2\/sectors?post=152351"},{"taxonomy":"article_tags","embeddable":true,"href":"https:\/\/admin.industriall-union.org\/fr\/wp-json\/wp\/v2\/article_tags?post=152351"}],"curies":[{"name":"wp","href":"https:\/\/api.w.org\/{rel}","templated":true}]}}