{"id":152340,"date":"2014-05-21T12:25:07","date_gmt":"2014-05-21T12:25:07","guid":{"rendered":"https:\/\/admin.industriall-union.org\/campagnes-modifier-l-equilibre-des-campagnes-pour-defendre-les-travailleurs-contre-les-abus-de-pouvoir-des-entreprises\/"},"modified":"2025-02-08T01:27:28","modified_gmt":"2025-02-08T01:27:28","slug":"campagnes-modifier-l-equilibre-des-campagnes-pour-defendre-les-travailleurs-contre-les-abus-de-pouvoir-des-entreprises","status":"publish","type":"article","link":"https:\/\/admin.industriall-union.org\/fr\/campagnes-modifier-l-equilibre-des-campagnes-pour-defendre-les-travailleurs-contre-les-abus-de-pouvoir-des-entreprises\/","title":{"rendered":"CAMPAGNES: Modifier l\u2019\u00e9quilibre \u2013 des campagnes pour d\u00e9fendre les travailleurs contre les abus de pouvoir des entreprises"},"content":{"rendered":"<h3>Campagnes<\/h3><p><strong>Texte<\/strong>: Adam Lee<\/p><p>D\u00e9cembre 2013 est pour IndustriALL Global Union une date marquante pour le dialogue social. Des Accords-Cadres Mondiaux (ACM) ont \u00e9t\u00e9 sign\u00e9s avec trois entreprises : SCA en Su\u00e8de, Norske Skog en Norv\u00e8ge et Solvay en Belgique. Un jalon a \u00e9t\u00e9 pos\u00e9 : il existe maintenant plus de 100 accords mondiaux entre les entreprises et les FSI.<\/p><p>Les ACM sont des accords \u00e9crits qui sont n\u00e9goci\u00e9s \u00e0 niveau mondial entre les F\u00e9d\u00e9rations Syndicales Internationales (FSI), comme IndustriALL, et les entreprises multinationales. Lorsqu&rsquo;ils sont r\u00e9dig\u00e9s et appliqu\u00e9s correctement, ces accords peuvent servir \u00e0 prot\u00e9ger les droits des travailleurs sur tout site d&rsquo;activit\u00e9 d&rsquo;une entreprise sur la plan\u00e8te.<\/p><p>Cependant, ce jalon appelle aussi une question : que cela signifie-t-il pour les dizaines de millions de travailleurs et travailleuses employ\u00e9s par les milliers de multinationales qui n&rsquo;ont pas sign\u00e9 d&rsquo;accord mondial ? Par comparaison, d\u00e9cembre n&rsquo;a pas \u00e9t\u00e9 un bon mois pour les membres de l&rsquo;affili\u00e9 d&rsquo;IndustriALL, le Syndicat des salari\u00e9s des zones de libre \u00e9change et des services d&rsquo;int\u00e9r\u00eat g\u00e9n\u00e9ral (FTZGSEU), employ\u00e9s par Ansell dans la zone de libre \u00e9change de Biyagama au Sri Lanka. En d\u00e9cembre, ils en \u00e9taient \u00e0 deux mois de gr\u00e8ve et de nombreuses familles commen\u00e7aient \u00e0 d\u00e9sesp\u00e9rer.<\/p><p>La gr\u00e8ve avait \u00e9t\u00e9 pr\u00e9cipit\u00e9e par les abus de la direction d&rsquo;Ansell contre les droits des travailleurs et de leurs syndicats. On peut citer le refus de n\u00e9gocier en toute bonne foi, la victimisation des dirigeants syndicaux, le versement de salaires de mis\u00e8re et m\u00eame le fait de forcer les travailleurs \u00e0 uriner sans quitter leur poste de travail pour maintenir un haut d\u00e9bit de production.<\/p><h3>Contre-attaque<\/h3><p>Bien que par certains aspects il s&rsquo;agisse d&rsquo;un cas extr\u00eame, des entreprises comme Ansell ne sont que trop r\u00e9pandues. Si les syndicats devaient oublier tous les Ansell de ce monde et concentrer leur attention sur les entreprises qui choisissent le droit chemin, le gagne-pain de la plupart des travailleurs et travailleuses serait en danger.<\/p><p>Historiquement, les syndicats ne sont pas apparus gr\u00e2ce \u00e0 un dialogue harmonieux avec les employeurs. Ils ont vu le jour lorsque des travailleurs se sont associ\u00e9s pour exiger r\u00e9paration pour les injustices de leurs employeurs. Que des travailleurs et leurs syndicats s&rsquo;organisent et b\u00e2tissent unit\u00e9 et solidarit\u00e9 reste une composante vitale de toute contre-attaque face \u00e0 l&rsquo;injustice d&rsquo;un employeur.<\/p><p>Cependant, confront\u00e9e \u00e0 des entreprises multinationales g\u00e9antes et des associations patronales puissantes, la syndicalisation d&rsquo;un lieu de travail n&rsquo;est bien souvent pas suffisante en elle-m\u00eame. Les syndicats sur un site d&rsquo;activit\u00e9 individuel tiennent souvent le mauvais bout dans l&rsquo;\u00e9quilibre des forces.<\/p><p>IndustriALL prend un r\u00f4le de plus en plus important dans des campagnes. Celles-ci peuvent \u00eatre dirig\u00e9es contre un seul employeur abusif, comme c&rsquo;est le cas pour les campagnes r\u00e9centes et encore en cours contre Ansell, Crown et Rio Tinto. Mais elles peuvent aussi viser plusieurs entreprises ou des associations patronales, comme au Bangladesh et au Cambodge.<\/p><h3>La campagne Ansell<\/h3><p>Ansell est un producteur d&rsquo;origine australienne de gants m\u00e9dicaux et de pr\u00e9servatifs. Bien avant que le FTZGSEU n&rsquo;appelle \u00e0 la gr\u00e8ve chez Ansell, IndustriALL avait r\u00e9pliqu\u00e9 aux atroces conditions de sant\u00e9 et s\u00e9curit\u00e9 de cette entreprise en fournissant une critique avis\u00e9e de ces pratiques. Ceci a permis au FTZGSEU de mettre la pression sur les autorit\u00e9s r\u00e9glementaires pour qu&rsquo;elles se penchent davantage sur les pratiques en mati\u00e8re de sant\u00e9 et s\u00e9curit\u00e9 au sein de cette usine.<\/p><p>En octobre de l&rsquo;ann\u00e9e derni\u00e8re, 294 travailleurs et travailleuses d&rsquo;Ansell ont \u00e9t\u00e9 licenci\u00e9s alors qu&rsquo;ils participaient \u00e0 une gr\u00e8ve, lanc\u00e9e au d\u00e9part pour protester contre la mise \u00e0 l&rsquo;\u00e9cart du pr\u00e9sident de leur section syndicale locale, mais qui a \u00e9t\u00e9 aviv\u00e9e par le licenciement par Ansell de 11 militants et repr\u00e9sentants syndicaux. Des tribunaux de premier instance ont statu\u00e9 en faveur de la r\u00e9int\u00e9gration des travailleurs licenci\u00e9s et la Cour Supr\u00eame a ensuite ordonn\u00e9 \u00e0 Ansell de n\u00e9gocier un r\u00e8glement avec le FTZGSEU. Lorsque la direction a refus\u00e9 de s&rsquo;y plier, IndustriALL a acc\u00e9l\u00e9r\u00e9 sa campagne en envoyant une d\u00e9l\u00e9gation de haut rang s&rsquo;adresser \u00e0 un meeting de gr\u00e9vistes dans le but d&rsquo;amener un soutien au syndicat dans tous le pays.<\/p><p>Construire un soutien international est l&rsquo;une des principales priorit\u00e9s de la campagne. A cette fin, nous avons une campagne LabourStart, qui a g\u00e9n\u00e9r\u00e9 pr\u00e8s de dix mille lettres de protestation \u00e0 la direction d&rsquo;Ansell. Le Comit\u00e9 ex\u00e9cutif d&rsquo;IndustriALL a r\u00e9agi avec une r\u00e9solution ferme et un engagement de soutien fort de toutes les r\u00e9gions du globe.<\/p><p>IndustriALL a d\u00e9pos\u00e9 une plainte aupr\u00e8s de l&rsquo;Organisation de coop\u00e9ration et de d\u00e9veloppement \u00e9conomiques (OCDE) concernant les violations de ses principes directeurs. Ceux-ci pr\u00e9voient des normes internationales pour les entreprises multinationales dans les domaines, notamment, de l&rsquo;emploi, des droits de l&rsquo;homme, de la sant\u00e9 et s\u00e9curit\u00e9 et de la corruption, assorties d&rsquo;un m\u00e9canisme de d\u00e9p\u00f4t de plainte.<\/p><p>D\u00e8s lors qu&rsquo;Ansell a refus\u00e9 les offres de dialogue d&rsquo;IndustriALL \u00e0 propos du conflit au Sri Lanka, le m\u00e9canisme de plainte aupr\u00e8s de l&rsquo;OCDE permet \u00e0 IndustriALL de mettre la pression sur Ansell afin, soit qu&rsquo;elle reconsid\u00e8re l&rsquo;offre, soit qu&rsquo;elle ait \u00e0 faire face \u00e0 un \u00e9talage public, potentiellement dommageable, de ses pratiques inhumaines.<\/p><p>En f\u00e9vrier, IndustriALL a encore acc\u00e9l\u00e9r\u00e9 sa campagne. Le Secr\u00e9taire g\u00e9n\u00e9ral d&rsquo;IndustriALL Jyrki Raina s&rsquo;est rendu au Sri Lanka et a particip\u00e9 \u00e0 un meeting de soutien aux gr\u00e9vistes. Il a \u00e9galement rencontr\u00e9 le Pr\u00e9sident du Sri Lanka pour faire part des pr\u00e9occupations quant au conflit. Attirant une importante couverture m\u00e9diatique, la visite de Jyrki Raina a permis de donner un coup de projecteur sur les pratiques inhumaines d&rsquo;Ansell.<\/p><h3>Le chemin de la victoire<\/h3><p>La gr\u00e8ve et la campagne ont eu un \u00e9norme impact. A peu pr\u00e8s en m\u00eame temps que la visite de Jyrki Raina, il a \u00e9t\u00e9 r\u00e9v\u00e9l\u00e9 que de nombreux gants produits par Ansell \u00e9taient renvoy\u00e9s comme d\u00e9fectueux. Il a \u00e9galement \u00e9t\u00e9 annonc\u00e9 que le Conseil pour l&rsquo;Investissement du Sri Lanka avait rejet\u00e9 la demande d&rsquo;abattement fiscal d&rsquo;Ansell Lanka en raison du conflit.<\/p><p>La direction d&rsquo;Ansell n&rsquo;a pas encore fait d&rsquo;offre honorable pour r\u00e9soudre le conflit. Lorsque la Cour Supr\u00eame du Sri Lanka s&rsquo;est \u00e0 nouveau pench\u00e9e sur l&rsquo;affaire le 3 mars, il \u00e9tait clair qu&rsquo;Ansell n&rsquo;avait aucune intention d&rsquo;essayer de trouver une solution viable. La Cour Supr\u00eame a propos\u00e9 la r\u00e9int\u00e9gration des 294 salari\u00e9s, mais Ansell pr\u00e9tend avoir d\u00e9j\u00e0 pourvu aux postes vacants. Le Procureur G\u00e9n\u00e9ral a ordonn\u00e9 que le Tribunal du Travail du Sri Lanka connaisse de l&rsquo;affaire, except\u00e9 pour 35 travailleurs qui ont re\u00e7u des indemnit\u00e9s de licenciement. S&rsquo;il n&rsquo;y a toujours pas de solution, la Cour Supr\u00eame rouvrira le dossier.<\/p><p>Comme la fin du conflit n&rsquo;est pas en vue, IndustriALL va poursuivre la campagne et faire monter la pression sur Ansell de mani\u00e8re cr\u00e9ative et strat\u00e9gique et faire ce qu&rsquo;il faut.<\/p><p>Pour les syndicats, le terrain est plus min\u00e9 que jamais. Les directions des grandes entreprises repoussent les limites dans leur qu\u00eate impitoyable de profits. Les entreprises europ\u00e9ennes qui pratiquent le dialogue social au pays se d\u00e9cha\u00eenent en attaques anti-syndicales en Am\u00e9rique du Nord et ailleurs.<\/p><p>Le chemin de la victoire face \u00e0 des employeurs abusifs ne sera pas une promenade de sant\u00e9. IndustriALL va poursuivre ce chemin en renfor\u00e7ant sa capacit\u00e9 \u00e0 mener des campagnes efficaces. Nous travaillons avec nos affili\u00e9s et avec d&rsquo;autres F\u00e9d\u00e9rations Syndicales Internationales pour tirer avantage de nos ressources et exp\u00e9riences communes.<\/p>","protected":false},"featured_media":0,"template":"","issues":[408],"companies":[],"regions":[],"sectors":[],"article_tags":[523],"class_list":["post-152340","article","type-article","status-publish","hentry","issues-global-worker","article_tags-publication"],"acf":[],"yoast_head":"<!-- This site is optimized with the Yoast SEO Premium plugin v27.1 (Yoast SEO v27.1) - https:\/\/yoast.com\/product\/yoast-seo-premium-wordpress\/ -->\n<title>CAMPAGNES: Modifier l\u2019\u00e9quilibre \u2013 des campagnes pour d\u00e9fendre les travailleurs contre les abus de pouvoir des entreprises - industriall-union<\/title>\n<meta name=\"description\" content=\"CampagnesTexte: Adam LeeD\u00e9cembre 2013 est pour IndustriALL Global Union une date marquante pour le dialogue social. Des Accords-Cadres Mondiaux (ACM) ont\" \/>\n<meta name=\"robots\" content=\"index, follow, max-snippet:-1, max-image-preview:large, max-video-preview:-1\" \/>\n<link rel=\"canonical\" href=\"https:\/\/admin.industriall-union.org\/fr\/campagnes-modifier-l-equilibre-des-campagnes-pour-defendre-les-travailleurs-contre-les-abus-de-pouvoir-des-entreprises\/\" \/>\n<meta property=\"og:locale\" content=\"fr_FR\" \/>\n<meta property=\"og:type\" content=\"article\" \/>\n<meta property=\"og:title\" content=\"CAMPAGNES: Modifier l\u2019\u00e9quilibre \u2013 des campagnes pour d\u00e9fendre les travailleurs contre les abus de pouvoir des entreprises\" \/>\n<meta property=\"og:description\" content=\"CampagnesTexte: Adam LeeD\u00e9cembre 2013 est pour IndustriALL Global Union une date marquante pour le dialogue social. Des Accords-Cadres Mondiaux (ACM) ont\" \/>\n<meta property=\"og:url\" content=\"https:\/\/admin.industriall-union.org\/fr\/campagnes-modifier-l-equilibre-des-campagnes-pour-defendre-les-travailleurs-contre-les-abus-de-pouvoir-des-entreprises\/\" \/>\n<meta property=\"og:site_name\" content=\"industriall-union\" \/>\n<meta property=\"article:modified_time\" content=\"2025-02-08T01:27:28+00:00\" \/>\n<meta name=\"twitter:card\" content=\"summary_large_image\" \/>\n<meta name=\"twitter:label1\" content=\"Est. reading time\" \/>\n\t<meta name=\"twitter:data1\" content=\"7 minutes\" \/>\n<script type=\"application\/ld+json\" class=\"yoast-schema-graph\">{\"@context\":\"https:\/\/schema.org\",\"@graph\":[{\"@type\":\"WebPage\",\"@id\":\"https:\/\/admin.industriall-union.org\/fr\/campagnes-modifier-l-equilibre-des-campagnes-pour-defendre-les-travailleurs-contre-les-abus-de-pouvoir-des-entreprises\/\",\"url\":\"https:\/\/admin.industriall-union.org\/fr\/campagnes-modifier-l-equilibre-des-campagnes-pour-defendre-les-travailleurs-contre-les-abus-de-pouvoir-des-entreprises\/\",\"name\":\"CAMPAGNES: Modifier l\u2019\u00e9quilibre \u2013 des campagnes pour d\u00e9fendre les travailleurs contre les abus de pouvoir des entreprises - industriall-union\",\"isPartOf\":{\"@id\":\"https:\/\/admin.industriall-union.org\/#website\"},\"datePublished\":\"2014-05-21T12:25:07+00:00\",\"dateModified\":\"2025-02-08T01:27:28+00:00\",\"description\":\"CampagnesTexte: Adam LeeD\u00e9cembre 2013 est pour IndustriALL Global Union une date marquante pour le dialogue social. Des Accords-Cadres Mondiaux (ACM) ont\",\"breadcrumb\":{\"@id\":\"https:\/\/admin.industriall-union.org\/fr\/campagnes-modifier-l-equilibre-des-campagnes-pour-defendre-les-travailleurs-contre-les-abus-de-pouvoir-des-entreprises\/#breadcrumb\"},\"inLanguage\":\"fr-FR\",\"potentialAction\":[{\"@type\":\"ReadAction\",\"target\":[\"https:\/\/admin.industriall-union.org\/fr\/campagnes-modifier-l-equilibre-des-campagnes-pour-defendre-les-travailleurs-contre-les-abus-de-pouvoir-des-entreprises\/\"]}]},{\"@type\":\"BreadcrumbList\",\"@id\":\"https:\/\/admin.industriall-union.org\/fr\/campagnes-modifier-l-equilibre-des-campagnes-pour-defendre-les-travailleurs-contre-les-abus-de-pouvoir-des-entreprises\/#breadcrumb\",\"itemListElement\":[{\"@type\":\"ListItem\",\"position\":1,\"name\":\"Home\",\"item\":\"https:\/\/admin.industriall-union.org\/\"},{\"@type\":\"ListItem\",\"position\":2,\"name\":\"Articles\",\"item\":\"https:\/\/admin.industriall-union.org\/article\/\"},{\"@type\":\"ListItem\",\"position\":3,\"name\":\"CAMPAGNES: Modifier l\u2019\u00e9quilibre \u2013 des campagnes pour d\u00e9fendre les travailleurs contre les abus de pouvoir des entreprises\"}]},{\"@type\":\"WebSite\",\"@id\":\"https:\/\/admin.industriall-union.org\/#website\",\"url\":\"https:\/\/admin.industriall-union.org\/\",\"name\":\"industriall-union\",\"description\":\"\",\"potentialAction\":[{\"@type\":\"SearchAction\",\"target\":{\"@type\":\"EntryPoint\",\"urlTemplate\":\"https:\/\/admin.industriall-union.org\/?s={search_term_string}\"},\"query-input\":{\"@type\":\"PropertyValueSpecification\",\"valueRequired\":true,\"valueName\":\"search_term_string\"}}],\"inLanguage\":\"fr-FR\"}]}<\/script>\n<!-- \/ Yoast SEO Premium plugin. -->","yoast_head_json":{"title":"CAMPAGNES: Modifier l\u2019\u00e9quilibre \u2013 des campagnes pour d\u00e9fendre les travailleurs contre les abus de pouvoir des entreprises - industriall-union","description":"CampagnesTexte: Adam LeeD\u00e9cembre 2013 est pour IndustriALL Global Union une date marquante pour le dialogue social. Des Accords-Cadres Mondiaux (ACM) ont","robots":{"index":"index","follow":"follow","max-snippet":"max-snippet:-1","max-image-preview":"max-image-preview:large","max-video-preview":"max-video-preview:-1"},"canonical":"https:\/\/admin.industriall-union.org\/fr\/campagnes-modifier-l-equilibre-des-campagnes-pour-defendre-les-travailleurs-contre-les-abus-de-pouvoir-des-entreprises\/","og_locale":"fr_FR","og_type":"article","og_title":"CAMPAGNES: Modifier l\u2019\u00e9quilibre \u2013 des campagnes pour d\u00e9fendre les travailleurs contre les abus de pouvoir des entreprises","og_description":"CampagnesTexte: Adam LeeD\u00e9cembre 2013 est pour IndustriALL Global Union une date marquante pour le dialogue social. Des Accords-Cadres Mondiaux (ACM) ont","og_url":"https:\/\/admin.industriall-union.org\/fr\/campagnes-modifier-l-equilibre-des-campagnes-pour-defendre-les-travailleurs-contre-les-abus-de-pouvoir-des-entreprises\/","og_site_name":"industriall-union","article_modified_time":"2025-02-08T01:27:28+00:00","twitter_card":"summary_large_image","twitter_misc":{"Est. reading time":"7 minutes"},"schema":{"@context":"https:\/\/schema.org","@graph":[{"@type":"WebPage","@id":"https:\/\/admin.industriall-union.org\/fr\/campagnes-modifier-l-equilibre-des-campagnes-pour-defendre-les-travailleurs-contre-les-abus-de-pouvoir-des-entreprises\/","url":"https:\/\/admin.industriall-union.org\/fr\/campagnes-modifier-l-equilibre-des-campagnes-pour-defendre-les-travailleurs-contre-les-abus-de-pouvoir-des-entreprises\/","name":"CAMPAGNES: Modifier l\u2019\u00e9quilibre \u2013 des campagnes pour d\u00e9fendre les travailleurs contre les abus de pouvoir des entreprises - industriall-union","isPartOf":{"@id":"https:\/\/admin.industriall-union.org\/#website"},"datePublished":"2014-05-21T12:25:07+00:00","dateModified":"2025-02-08T01:27:28+00:00","description":"CampagnesTexte: Adam LeeD\u00e9cembre 2013 est pour IndustriALL Global Union une date marquante pour le dialogue social. Des Accords-Cadres Mondiaux (ACM) ont","breadcrumb":{"@id":"https:\/\/admin.industriall-union.org\/fr\/campagnes-modifier-l-equilibre-des-campagnes-pour-defendre-les-travailleurs-contre-les-abus-de-pouvoir-des-entreprises\/#breadcrumb"},"inLanguage":"fr-FR","potentialAction":[{"@type":"ReadAction","target":["https:\/\/admin.industriall-union.org\/fr\/campagnes-modifier-l-equilibre-des-campagnes-pour-defendre-les-travailleurs-contre-les-abus-de-pouvoir-des-entreprises\/"]}]},{"@type":"BreadcrumbList","@id":"https:\/\/admin.industriall-union.org\/fr\/campagnes-modifier-l-equilibre-des-campagnes-pour-defendre-les-travailleurs-contre-les-abus-de-pouvoir-des-entreprises\/#breadcrumb","itemListElement":[{"@type":"ListItem","position":1,"name":"Home","item":"https:\/\/admin.industriall-union.org\/"},{"@type":"ListItem","position":2,"name":"Articles","item":"https:\/\/admin.industriall-union.org\/article\/"},{"@type":"ListItem","position":3,"name":"CAMPAGNES: Modifier l\u2019\u00e9quilibre \u2013 des campagnes pour d\u00e9fendre les travailleurs contre les abus de pouvoir des entreprises"}]},{"@type":"WebSite","@id":"https:\/\/admin.industriall-union.org\/#website","url":"https:\/\/admin.industriall-union.org\/","name":"industriall-union","description":"","potentialAction":[{"@type":"SearchAction","target":{"@type":"EntryPoint","urlTemplate":"https:\/\/admin.industriall-union.org\/?s={search_term_string}"},"query-input":{"@type":"PropertyValueSpecification","valueRequired":true,"valueName":"search_term_string"}}],"inLanguage":"fr-FR"}]}},"_links":{"self":[{"href":"https:\/\/admin.industriall-union.org\/fr\/wp-json\/wp\/v2\/article\/152340","targetHints":{"allow":["GET"]}}],"collection":[{"href":"https:\/\/admin.industriall-union.org\/fr\/wp-json\/wp\/v2\/article"}],"about":[{"href":"https:\/\/admin.industriall-union.org\/fr\/wp-json\/wp\/v2\/types\/article"}],"wp:attachment":[{"href":"https:\/\/admin.industriall-union.org\/fr\/wp-json\/wp\/v2\/media?parent=152340"}],"wp:term":[{"taxonomy":"issues","embeddable":true,"href":"https:\/\/admin.industriall-union.org\/fr\/wp-json\/wp\/v2\/issues?post=152340"},{"taxonomy":"companies","embeddable":true,"href":"https:\/\/admin.industriall-union.org\/fr\/wp-json\/wp\/v2\/companies?post=152340"},{"taxonomy":"regions","embeddable":true,"href":"https:\/\/admin.industriall-union.org\/fr\/wp-json\/wp\/v2\/regions?post=152340"},{"taxonomy":"sectors","embeddable":true,"href":"https:\/\/admin.industriall-union.org\/fr\/wp-json\/wp\/v2\/sectors?post=152340"},{"taxonomy":"article_tags","embeddable":true,"href":"https:\/\/admin.industriall-union.org\/fr\/wp-json\/wp\/v2\/article_tags?post=152340"}],"curies":[{"name":"wp","href":"https:\/\/api.w.org\/{rel}","templated":true}]}}