{"id":152324,"date":"2014-05-21T12:25:07","date_gmt":"2014-05-21T12:25:07","guid":{"rendered":"https:\/\/admin.industriall-union.org\/profil-les-syndicats-colombiens-des-mines-et-de-l-energie-evoluent-vers-l-unite\/"},"modified":"2025-02-08T01:26:30","modified_gmt":"2025-02-08T01:26:30","slug":"profil-les-syndicats-colombiens-des-mines-et-de-l-energie-evoluent-vers-l-unite","status":"publish","type":"article","link":"https:\/\/admin.industriall-union.org\/fr\/profil-les-syndicats-colombiens-des-mines-et-de-l-energie-evoluent-vers-l-unite\/","title":{"rendered":"PROFIL: Les syndicats colombiens des mines et de l\u2019\u00e9nergie \u00e9voluent vers l\u2019unit\u00e9"},"content":{"rendered":"<h3>Profil<\/h3><p><strong>Texto:<\/strong> Valeska Solis<\/p><p>Le syndicat des \u00e9lectriciens SINTRAELECOL, le syndicat du p\u00e9trole USO et le syndicat de l&rsquo;industrie du charbon SINTRACARB\u00d3N ont d\u00e9cid\u00e9 de fusionner pour accro\u00eetre leur capacit\u00e9 \u00e0 contrer la force brandie contre eux par les multinationales et pour r\u00e9pondre aux abus de pouvoir des autorit\u00e9s.<\/p><blockquote><p>Alors que la Colombie traverse une crise \u00e9conomique, politique et sociale, nous avons d\u00e9cid\u00e9 de prendre l&rsquo;initiative de promouvoir l&rsquo;unit\u00e9<\/p><\/blockquote><p>d\u00e9claraient les comit\u00e9s ex\u00e9cutifs de SINTRAELECOL, de l&rsquo;USO et de SINTRACARB\u00d3N dans un communiqu\u00e9 conjoint l&rsquo;an dernier. Un organe de coordination, le CUSME, a depuis \u00e9t\u00e9 constitu\u00e9 pour promouvoir l&rsquo;unit\u00e9 dans les secteurs des mines et de l&rsquo;\u00e9nergie.<\/p><p>Le climat anti-syndical en Colombie a conduit les syndicats \u00e0 se concentrer sur leur renforcement. Au cours des ann\u00e9es pass\u00e9es, les syndicats ont \u00e9t\u00e9 soumis \u00e0 rude \u00e9preuve par toute une s\u00e9rie de conflits : celui de SINTRACARB\u00d3N, contre Carbones del Cerrej\u00f3n Limited et Prodeco \u00e0 la mine de Calenturitas, a vu le syndicat d\u00e9fendre les droits des salari\u00e9s de l&rsquo;entreprise et des membres des communaut\u00e9s locales affect\u00e9s par l&rsquo;exploitation mini\u00e8re ; SINTRAELECOL a bataill\u00e9 contre les pers\u00e9cutions et les menaces \u00e0 l&rsquo;encontre des travailleurs du secteur ; l&rsquo;USO quant \u00e0 elle s&rsquo;est battue contre la pers\u00e9cution politique et la violation des droits du travail par Pacific Rubiales. Des dirigeants de l&rsquo;USO ont souffert de d\u00e9tentions arbitraires, quatre salari\u00e9s de Pacific Rubiales ayant \u00e9t\u00e9 d\u00e9tenus pendant 75 jours avant d&rsquo;\u00eatre finalement lib\u00e9r\u00e9s en janvier 2014.<\/p><p>Les leaders syndicaux estiment que l&rsquo;unit\u00e9 pourrait agir comme un catalyseur au niveau de la lutte des travailleurs et travailleuses pour obtenir des am\u00e9liorations de leurs conditions de vie et de travail.<\/p><blockquote><p>L&rsquo;unit\u00e9 dans les secteurs des mines et de l&rsquo;\u00e9nergie est la seule fa\u00e7on de pouvoir r\u00e9pondre au mod\u00e8le de pr\u00e9dation qui pr\u00e9vaut en Colombie. Longue vie \u00e0 l&rsquo;unit\u00e9 !&nbsp;<\/p><\/blockquote><p>clame <strong>Pablo Santo<\/strong>, pr\u00e9sident du syndicat SINTRAELECOL.<\/p><p><span style=\"font-size: 1em;font-weight: bold;line-height: 1.357em\">Vers l&rsquo;unit\u00e9<\/span><\/p><p>En mars de cette ann\u00e9e, le CUSME s&rsquo;est r\u00e9uni pour pr\u00e9parer un plan strat\u00e9gique en vue d&rsquo;arriver \u00e0 l&rsquo;unification des trois syndicats. Ce processus implique la cr\u00e9ation de commissions pour pr\u00e9parer des documents \u00e0 d\u00e9battre et approuver, des s\u00e9minaires r\u00e9gionaux et une pl\u00e9ni\u00e8re nationale pour approuver et r\u00e9affirmer le processus d&rsquo;unification.<\/p><p><strong>Jorge Almeida<\/strong>, le Secr\u00e9taire r\u00e9gional d&rsquo;IndustriALL pour la r\u00e9gion Am\u00e9rique latine et Cara\u00efbes, souligne l&rsquo;importance de la d\u00e9cision prise par les trois affili\u00e9s colombiens de fusionner :<\/p><blockquote><p>Unifier diff\u00e9rents syndicats n&rsquo;est pas chose facile, &nbsp;mais on peut y arriver si ceux qui y sont impliqu\u00e9s ont la volont\u00e9 politique et la motivation pour y arriver. La fusion des trois F\u00e9d\u00e9rations internationales qui ont joint leur forces pour former IndustriALL en est un bon exemple.&nbsp;<\/p><\/blockquote><p>Avec le soutien d&rsquo;IndustriALL et de ses affili\u00e9s su\u00e9dois, le CUSME va continuer \u00e0 informer ses membres du besoin pour les secteurs des mines et de l&rsquo;\u00e9nergie d&rsquo;avoir un syndicat puissant qui apporte sa solidarit\u00e9 aux travailleurs impliqu\u00e9s dans des conflits et r\u00e9plique avec fermet\u00e9 face \u00e0 l&rsquo;agression et le m\u00e9pris affich\u00e9s par les entreprises nationales et multinationales qui exploitent des ressources mini\u00e8res et \u00e9nerg\u00e9tiques de la Colombie.<\/p><p><strong>Edwin Casta\u00f1o<\/strong>, Pr\u00e9sident de l&rsquo;USO, d\u00e9clare :<\/p><blockquote><p>Maintenant, plus que jamais, les travailleurs et travailleuses des secteurs des mines et de l&rsquo;\u00e9nergie veulent l&rsquo;unit\u00e9.<\/p><\/blockquote><p><strong>Jairo Quiroz<\/strong>, leader de SINTRACARB\u00d3N conclut :<\/p><blockquote><p>Aller dans le sens de l&rsquo;unit\u00e9 et de la cr\u00e9ation d&rsquo;un syndicat unique des mines et de l&rsquo;\u00e9nergie, CUSME, est une n\u00e9cessit\u00e9 pour les travailleurs du secteur. Nous allons graduellement de l&rsquo;avant et tout ceci sera positif pour le mouvement syndical colombien.<\/p><\/blockquote>","protected":false},"featured_media":0,"template":"","issues":[408],"companies":[],"regions":[264],"sectors":[],"article_tags":[523],"class_list":["post-152324","article","type-article","status-publish","hentry","issues-global-worker","regions-colombia","article_tags-publication"],"acf":[],"yoast_head":"<!-- This site is optimized with the Yoast SEO Premium plugin v27.1 (Yoast SEO v27.1) - https:\/\/yoast.com\/product\/yoast-seo-premium-wordpress\/ -->\n<title>PROFIL: Les syndicats colombiens des mines et de l\u2019\u00e9nergie \u00e9voluent vers l\u2019unit\u00e9 - industriall-union<\/title>\n<meta name=\"description\" content=\"ProfilTexto: Valeska SolisLe syndicat des \u00e9lectriciens SINTRAELECOL, le syndicat du p\u00e9trole USO et le syndicat de l&rsquo;industrie du charbon\" \/>\n<meta name=\"robots\" content=\"index, follow, max-snippet:-1, max-image-preview:large, max-video-preview:-1\" \/>\n<link rel=\"canonical\" href=\"https:\/\/admin.industriall-union.org\/fr\/profil-les-syndicats-colombiens-des-mines-et-de-l-energie-evoluent-vers-l-unite\/\" \/>\n<meta property=\"og:locale\" content=\"fr_FR\" \/>\n<meta property=\"og:type\" content=\"article\" \/>\n<meta property=\"og:title\" content=\"PROFIL: Les syndicats colombiens des mines et de l\u2019\u00e9nergie \u00e9voluent vers l\u2019unit\u00e9\" \/>\n<meta property=\"og:description\" content=\"ProfilTexto: Valeska SolisLe syndicat des \u00e9lectriciens SINTRAELECOL, le syndicat du p\u00e9trole USO et le syndicat de l&rsquo;industrie du charbon\" \/>\n<meta property=\"og:url\" content=\"https:\/\/admin.industriall-union.org\/fr\/profil-les-syndicats-colombiens-des-mines-et-de-l-energie-evoluent-vers-l-unite\/\" \/>\n<meta property=\"og:site_name\" content=\"industriall-union\" \/>\n<meta property=\"article:modified_time\" content=\"2025-02-08T01:26:30+00:00\" \/>\n<meta name=\"twitter:card\" content=\"summary_large_image\" \/>\n<meta name=\"twitter:label1\" content=\"Est. reading time\" \/>\n\t<meta name=\"twitter:data1\" content=\"4 minutes\" \/>\n<script type=\"application\/ld+json\" class=\"yoast-schema-graph\">{\"@context\":\"https:\/\/schema.org\",\"@graph\":[{\"@type\":\"WebPage\",\"@id\":\"https:\/\/admin.industriall-union.org\/fr\/profil-les-syndicats-colombiens-des-mines-et-de-l-energie-evoluent-vers-l-unite\/\",\"url\":\"https:\/\/admin.industriall-union.org\/fr\/profil-les-syndicats-colombiens-des-mines-et-de-l-energie-evoluent-vers-l-unite\/\",\"name\":\"PROFIL: Les syndicats colombiens des mines et de l\u2019\u00e9nergie \u00e9voluent vers l\u2019unit\u00e9 - industriall-union\",\"isPartOf\":{\"@id\":\"https:\/\/admin.industriall-union.org\/#website\"},\"datePublished\":\"2014-05-21T12:25:07+00:00\",\"dateModified\":\"2025-02-08T01:26:30+00:00\",\"description\":\"ProfilTexto: Valeska SolisLe syndicat des \u00e9lectriciens SINTRAELECOL, le syndicat du p\u00e9trole USO et le syndicat de l&rsquo;industrie du charbon\",\"breadcrumb\":{\"@id\":\"https:\/\/admin.industriall-union.org\/fr\/profil-les-syndicats-colombiens-des-mines-et-de-l-energie-evoluent-vers-l-unite\/#breadcrumb\"},\"inLanguage\":\"fr-FR\",\"potentialAction\":[{\"@type\":\"ReadAction\",\"target\":[\"https:\/\/admin.industriall-union.org\/fr\/profil-les-syndicats-colombiens-des-mines-et-de-l-energie-evoluent-vers-l-unite\/\"]}]},{\"@type\":\"BreadcrumbList\",\"@id\":\"https:\/\/admin.industriall-union.org\/fr\/profil-les-syndicats-colombiens-des-mines-et-de-l-energie-evoluent-vers-l-unite\/#breadcrumb\",\"itemListElement\":[{\"@type\":\"ListItem\",\"position\":1,\"name\":\"Home\",\"item\":\"https:\/\/admin.industriall-union.org\/\"},{\"@type\":\"ListItem\",\"position\":2,\"name\":\"Articles\",\"item\":\"https:\/\/admin.industriall-union.org\/article\/\"},{\"@type\":\"ListItem\",\"position\":3,\"name\":\"PROFIL: Les syndicats colombiens des mines et de l\u2019\u00e9nergie \u00e9voluent vers l\u2019unit\u00e9\"}]},{\"@type\":\"WebSite\",\"@id\":\"https:\/\/admin.industriall-union.org\/#website\",\"url\":\"https:\/\/admin.industriall-union.org\/\",\"name\":\"industriall-union\",\"description\":\"\",\"potentialAction\":[{\"@type\":\"SearchAction\",\"target\":{\"@type\":\"EntryPoint\",\"urlTemplate\":\"https:\/\/admin.industriall-union.org\/?s={search_term_string}\"},\"query-input\":{\"@type\":\"PropertyValueSpecification\",\"valueRequired\":true,\"valueName\":\"search_term_string\"}}],\"inLanguage\":\"fr-FR\"}]}<\/script>\n<!-- \/ Yoast SEO Premium plugin. -->","yoast_head_json":{"title":"PROFIL: Les syndicats colombiens des mines et de l\u2019\u00e9nergie \u00e9voluent vers l\u2019unit\u00e9 - industriall-union","description":"ProfilTexto: Valeska SolisLe syndicat des \u00e9lectriciens SINTRAELECOL, le syndicat du p\u00e9trole USO et le syndicat de l&rsquo;industrie du charbon","robots":{"index":"index","follow":"follow","max-snippet":"max-snippet:-1","max-image-preview":"max-image-preview:large","max-video-preview":"max-video-preview:-1"},"canonical":"https:\/\/admin.industriall-union.org\/fr\/profil-les-syndicats-colombiens-des-mines-et-de-l-energie-evoluent-vers-l-unite\/","og_locale":"fr_FR","og_type":"article","og_title":"PROFIL: Les syndicats colombiens des mines et de l\u2019\u00e9nergie \u00e9voluent vers l\u2019unit\u00e9","og_description":"ProfilTexto: Valeska SolisLe syndicat des \u00e9lectriciens SINTRAELECOL, le syndicat du p\u00e9trole USO et le syndicat de l&rsquo;industrie du charbon","og_url":"https:\/\/admin.industriall-union.org\/fr\/profil-les-syndicats-colombiens-des-mines-et-de-l-energie-evoluent-vers-l-unite\/","og_site_name":"industriall-union","article_modified_time":"2025-02-08T01:26:30+00:00","twitter_card":"summary_large_image","twitter_misc":{"Est. reading time":"4 minutes"},"schema":{"@context":"https:\/\/schema.org","@graph":[{"@type":"WebPage","@id":"https:\/\/admin.industriall-union.org\/fr\/profil-les-syndicats-colombiens-des-mines-et-de-l-energie-evoluent-vers-l-unite\/","url":"https:\/\/admin.industriall-union.org\/fr\/profil-les-syndicats-colombiens-des-mines-et-de-l-energie-evoluent-vers-l-unite\/","name":"PROFIL: Les syndicats colombiens des mines et de l\u2019\u00e9nergie \u00e9voluent vers l\u2019unit\u00e9 - industriall-union","isPartOf":{"@id":"https:\/\/admin.industriall-union.org\/#website"},"datePublished":"2014-05-21T12:25:07+00:00","dateModified":"2025-02-08T01:26:30+00:00","description":"ProfilTexto: Valeska SolisLe syndicat des \u00e9lectriciens SINTRAELECOL, le syndicat du p\u00e9trole USO et le syndicat de l&rsquo;industrie du charbon","breadcrumb":{"@id":"https:\/\/admin.industriall-union.org\/fr\/profil-les-syndicats-colombiens-des-mines-et-de-l-energie-evoluent-vers-l-unite\/#breadcrumb"},"inLanguage":"fr-FR","potentialAction":[{"@type":"ReadAction","target":["https:\/\/admin.industriall-union.org\/fr\/profil-les-syndicats-colombiens-des-mines-et-de-l-energie-evoluent-vers-l-unite\/"]}]},{"@type":"BreadcrumbList","@id":"https:\/\/admin.industriall-union.org\/fr\/profil-les-syndicats-colombiens-des-mines-et-de-l-energie-evoluent-vers-l-unite\/#breadcrumb","itemListElement":[{"@type":"ListItem","position":1,"name":"Home","item":"https:\/\/admin.industriall-union.org\/"},{"@type":"ListItem","position":2,"name":"Articles","item":"https:\/\/admin.industriall-union.org\/article\/"},{"@type":"ListItem","position":3,"name":"PROFIL: Les syndicats colombiens des mines et de l\u2019\u00e9nergie \u00e9voluent vers l\u2019unit\u00e9"}]},{"@type":"WebSite","@id":"https:\/\/admin.industriall-union.org\/#website","url":"https:\/\/admin.industriall-union.org\/","name":"industriall-union","description":"","potentialAction":[{"@type":"SearchAction","target":{"@type":"EntryPoint","urlTemplate":"https:\/\/admin.industriall-union.org\/?s={search_term_string}"},"query-input":{"@type":"PropertyValueSpecification","valueRequired":true,"valueName":"search_term_string"}}],"inLanguage":"fr-FR"}]}},"_links":{"self":[{"href":"https:\/\/admin.industriall-union.org\/fr\/wp-json\/wp\/v2\/article\/152324","targetHints":{"allow":["GET"]}}],"collection":[{"href":"https:\/\/admin.industriall-union.org\/fr\/wp-json\/wp\/v2\/article"}],"about":[{"href":"https:\/\/admin.industriall-union.org\/fr\/wp-json\/wp\/v2\/types\/article"}],"wp:attachment":[{"href":"https:\/\/admin.industriall-union.org\/fr\/wp-json\/wp\/v2\/media?parent=152324"}],"wp:term":[{"taxonomy":"issues","embeddable":true,"href":"https:\/\/admin.industriall-union.org\/fr\/wp-json\/wp\/v2\/issues?post=152324"},{"taxonomy":"companies","embeddable":true,"href":"https:\/\/admin.industriall-union.org\/fr\/wp-json\/wp\/v2\/companies?post=152324"},{"taxonomy":"regions","embeddable":true,"href":"https:\/\/admin.industriall-union.org\/fr\/wp-json\/wp\/v2\/regions?post=152324"},{"taxonomy":"sectors","embeddable":true,"href":"https:\/\/admin.industriall-union.org\/fr\/wp-json\/wp\/v2\/sectors?post=152324"},{"taxonomy":"article_tags","embeddable":true,"href":"https:\/\/admin.industriall-union.org\/fr\/wp-json\/wp\/v2\/article_tags?post=152324"}],"curies":[{"name":"wp","href":"https:\/\/api.w.org\/{rel}","templated":true}]}}