{"id":152320,"date":"2014-05-22T09:49:22","date_gmt":"2014-05-22T09:49:22","guid":{"rendered":"https:\/\/admin.industriall-union.org\/signature-d-un-accord-sur-la-sante-et-securite-entre-federations-syndicales-internationales-et-gdf-suez\/"},"modified":"2025-02-08T01:22:29","modified_gmt":"2025-02-08T01:22:29","slug":"signature-d-un-accord-sur-la-sante-et-securite-entre-federations-syndicales-internationales-et-gdf-suez","status":"publish","type":"article","link":"https:\/\/admin.industriall-union.org\/fr\/signature-d-un-accord-sur-la-sante-et-securite-entre-federations-syndicales-internationales-et-gdf-suez\/","title":{"rendered":"Signature d\u2019un accord sur la sant\u00e9 et s\u00e9curit\u00e9 entre F\u00e9d\u00e9rations syndicales internationales et GDF Suez"},"content":{"rendered":"<p>G\u00e9rard Mestrallet, PDG de GDF SUEZ, a sign\u00e9 l&rsquo;Accord mondial sur la sant\u00e9 et la s\u00e9curit\u00e9 avec IndustriALL Global Union, l&rsquo;Internationale du Bois et du B\u00e2timent (IBB) et l&rsquo;Internationale des Services publics (ISP) ce 13 mai au Chili.<\/p><p>Ce pacte, qui compl\u00e8te l&rsquo;<a href=\"http:\/\/www.industriall-union.org\/gdf-suez\">Accord Cadre Mondial<\/a> d&rsquo;IndustriALL avec GDF Suez, se donne pour but l&rsquo;\u00e9radication des accidents mortels ayant un lien de causalit\u00e9 avec les activit\u00e9s de l&rsquo;entreprise. L&rsquo;accord vise aussi la r\u00e9duction constante du nombre d&rsquo;accidents de travail et l&rsquo;am\u00e9lioration de la sant\u00e9 au travail en supprimant les produits contenant des substances toxiques substituables en particulier des produits chimiques class\u00e9s comme canc\u00e9rog\u00e8nes mutag\u00e8nes ou reprotoxiques.<\/p><p>Brian Kohler, Directeur Sant\u00e9, S\u00e9curit\u00e9 et D\u00e9veloppement durable d&rsquo;IndustriALL d\u00e9clare&nbsp;:<\/p><p>&ldquo;GDF Suez rejoint un cercle restreint d&rsquo;entreprises qui ont la volont\u00e9 d&rsquo;\u0153uvrer en commun avec les syndicats pour transposer au plan mondial leurs meilleures pratiques en mati\u00e8re de sant\u00e9 et s\u00e9curit\u00e9. Nous visons \u00e0 prot\u00e9ger les travailleurs et travailleuses au niveau de toutes les activit\u00e9s de la multinationale, ainsi que tous ceux qui y op\u00e8rent en sous-traitance.&rdquo;<\/p><p>Une attention particuli\u00e8re est port\u00e9e aux sous-traitants dans la phase de construction de projets industriels et d&rsquo;infrastructure, GDF Suez s&rsquo;engageant \u00e0 mener des \u00e9tudes d&rsquo;\u00e9valuation des risques pour chaque phase d&rsquo;un projet de sorte \u00e0 s&rsquo;assurer que les meilleures pratiques soient en vigueur. L&rsquo;approbation finale des projets comprendra des crit\u00e8res pour leur ent\u00e9rinement et pour l&rsquo;inspection des probl\u00e8mes relatifs \u00e0 la sant\u00e9 et la s\u00e9curit\u00e9.<\/p><p>L&rsquo;accord sera soumis \u00e0 r\u00e9vision annuelle dans le cadre d&rsquo;un plan d&rsquo;action quinquennal \u00e0 partir de 2015-2020.<\/p>","protected":false},"featured_media":0,"template":"","issues":[407,402],"companies":[40],"regions":[],"sectors":[483],"article_tags":[],"class_list":["post-152320","article","type-article","status-publish","hentry","issues-global-framework-agreements","issues-health-and-safety","companies-engie-gdf-suez","sectors-energy-oil-gas-electricity-and-nuclear"],"acf":[],"yoast_head":"<!-- This site is optimized with the Yoast SEO Premium plugin v27.1 (Yoast SEO v27.1) - https:\/\/yoast.com\/product\/yoast-seo-premium-wordpress\/ -->\n<title>Signature d\u2019un accord sur la sant\u00e9 et s\u00e9curit\u00e9 entre F\u00e9d\u00e9rations syndicales internationales et GDF Suez - industriall-union<\/title>\n<meta name=\"description\" content=\"G\u00e9rard Mestrallet, PDG de GDF SUEZ, a sign\u00e9 l&rsquo;Accord mondial sur la sant\u00e9 et la s\u00e9curit\u00e9 avec IndustriALL Global Union, l&rsquo;Internationale du\" \/>\n<meta name=\"robots\" content=\"index, follow, max-snippet:-1, max-image-preview:large, max-video-preview:-1\" \/>\n<link rel=\"canonical\" href=\"https:\/\/admin.industriall-union.org\/fr\/signature-d-un-accord-sur-la-sante-et-securite-entre-federations-syndicales-internationales-et-gdf-suez\/\" \/>\n<meta property=\"og:locale\" content=\"fr_FR\" \/>\n<meta property=\"og:type\" content=\"article\" \/>\n<meta property=\"og:title\" content=\"Signature d\u2019un accord sur la sant\u00e9 et s\u00e9curit\u00e9 entre F\u00e9d\u00e9rations syndicales internationales et GDF Suez\" \/>\n<meta property=\"og:description\" content=\"G\u00e9rard Mestrallet, PDG de GDF SUEZ, a sign\u00e9 l&rsquo;Accord mondial sur la sant\u00e9 et la s\u00e9curit\u00e9 avec IndustriALL Global Union, l&rsquo;Internationale du\" \/>\n<meta property=\"og:url\" content=\"https:\/\/admin.industriall-union.org\/fr\/signature-d-un-accord-sur-la-sante-et-securite-entre-federations-syndicales-internationales-et-gdf-suez\/\" \/>\n<meta property=\"og:site_name\" content=\"industriall-union\" \/>\n<meta property=\"article:modified_time\" content=\"2025-02-08T01:22:29+00:00\" \/>\n<meta name=\"twitter:card\" content=\"summary_large_image\" \/>\n<meta name=\"twitter:label1\" content=\"Est. reading time\" \/>\n\t<meta name=\"twitter:data1\" content=\"2 minutes\" \/>\n<script type=\"application\/ld+json\" class=\"yoast-schema-graph\">{\"@context\":\"https:\/\/schema.org\",\"@graph\":[{\"@type\":\"WebPage\",\"@id\":\"https:\/\/admin.industriall-union.org\/fr\/signature-d-un-accord-sur-la-sante-et-securite-entre-federations-syndicales-internationales-et-gdf-suez\/\",\"url\":\"https:\/\/admin.industriall-union.org\/fr\/signature-d-un-accord-sur-la-sante-et-securite-entre-federations-syndicales-internationales-et-gdf-suez\/\",\"name\":\"Signature d\u2019un accord sur la sant\u00e9 et s\u00e9curit\u00e9 entre F\u00e9d\u00e9rations syndicales internationales et GDF Suez - industriall-union\",\"isPartOf\":{\"@id\":\"https:\/\/admin.industriall-union.org\/#website\"},\"datePublished\":\"2014-05-22T09:49:22+00:00\",\"dateModified\":\"2025-02-08T01:22:29+00:00\",\"description\":\"G\u00e9rard Mestrallet, PDG de GDF SUEZ, a sign\u00e9 l&rsquo;Accord mondial sur la sant\u00e9 et la s\u00e9curit\u00e9 avec IndustriALL Global Union, l&rsquo;Internationale du\",\"breadcrumb\":{\"@id\":\"https:\/\/admin.industriall-union.org\/fr\/signature-d-un-accord-sur-la-sante-et-securite-entre-federations-syndicales-internationales-et-gdf-suez\/#breadcrumb\"},\"inLanguage\":\"fr-FR\",\"potentialAction\":[{\"@type\":\"ReadAction\",\"target\":[\"https:\/\/admin.industriall-union.org\/fr\/signature-d-un-accord-sur-la-sante-et-securite-entre-federations-syndicales-internationales-et-gdf-suez\/\"]}]},{\"@type\":\"BreadcrumbList\",\"@id\":\"https:\/\/admin.industriall-union.org\/fr\/signature-d-un-accord-sur-la-sante-et-securite-entre-federations-syndicales-internationales-et-gdf-suez\/#breadcrumb\",\"itemListElement\":[{\"@type\":\"ListItem\",\"position\":1,\"name\":\"Home\",\"item\":\"https:\/\/admin.industriall-union.org\/\"},{\"@type\":\"ListItem\",\"position\":2,\"name\":\"Articles\",\"item\":\"https:\/\/admin.industriall-union.org\/article\/\"},{\"@type\":\"ListItem\",\"position\":3,\"name\":\"Signature d\u2019un accord sur la sant\u00e9 et s\u00e9curit\u00e9 entre F\u00e9d\u00e9rations syndicales internationales et GDF Suez\"}]},{\"@type\":\"WebSite\",\"@id\":\"https:\/\/admin.industriall-union.org\/#website\",\"url\":\"https:\/\/admin.industriall-union.org\/\",\"name\":\"industriall-union\",\"description\":\"\",\"potentialAction\":[{\"@type\":\"SearchAction\",\"target\":{\"@type\":\"EntryPoint\",\"urlTemplate\":\"https:\/\/admin.industriall-union.org\/?s={search_term_string}\"},\"query-input\":{\"@type\":\"PropertyValueSpecification\",\"valueRequired\":true,\"valueName\":\"search_term_string\"}}],\"inLanguage\":\"fr-FR\"}]}<\/script>\n<!-- \/ Yoast SEO Premium plugin. -->","yoast_head_json":{"title":"Signature d\u2019un accord sur la sant\u00e9 et s\u00e9curit\u00e9 entre F\u00e9d\u00e9rations syndicales internationales et GDF Suez - industriall-union","description":"G\u00e9rard Mestrallet, PDG de GDF SUEZ, a sign\u00e9 l&rsquo;Accord mondial sur la sant\u00e9 et la s\u00e9curit\u00e9 avec IndustriALL Global Union, l&rsquo;Internationale du","robots":{"index":"index","follow":"follow","max-snippet":"max-snippet:-1","max-image-preview":"max-image-preview:large","max-video-preview":"max-video-preview:-1"},"canonical":"https:\/\/admin.industriall-union.org\/fr\/signature-d-un-accord-sur-la-sante-et-securite-entre-federations-syndicales-internationales-et-gdf-suez\/","og_locale":"fr_FR","og_type":"article","og_title":"Signature d\u2019un accord sur la sant\u00e9 et s\u00e9curit\u00e9 entre F\u00e9d\u00e9rations syndicales internationales et GDF Suez","og_description":"G\u00e9rard Mestrallet, PDG de GDF SUEZ, a sign\u00e9 l&rsquo;Accord mondial sur la sant\u00e9 et la s\u00e9curit\u00e9 avec IndustriALL Global Union, l&rsquo;Internationale du","og_url":"https:\/\/admin.industriall-union.org\/fr\/signature-d-un-accord-sur-la-sante-et-securite-entre-federations-syndicales-internationales-et-gdf-suez\/","og_site_name":"industriall-union","article_modified_time":"2025-02-08T01:22:29+00:00","twitter_card":"summary_large_image","twitter_misc":{"Est. reading time":"2 minutes"},"schema":{"@context":"https:\/\/schema.org","@graph":[{"@type":"WebPage","@id":"https:\/\/admin.industriall-union.org\/fr\/signature-d-un-accord-sur-la-sante-et-securite-entre-federations-syndicales-internationales-et-gdf-suez\/","url":"https:\/\/admin.industriall-union.org\/fr\/signature-d-un-accord-sur-la-sante-et-securite-entre-federations-syndicales-internationales-et-gdf-suez\/","name":"Signature d\u2019un accord sur la sant\u00e9 et s\u00e9curit\u00e9 entre F\u00e9d\u00e9rations syndicales internationales et GDF Suez - industriall-union","isPartOf":{"@id":"https:\/\/admin.industriall-union.org\/#website"},"datePublished":"2014-05-22T09:49:22+00:00","dateModified":"2025-02-08T01:22:29+00:00","description":"G\u00e9rard Mestrallet, PDG de GDF SUEZ, a sign\u00e9 l&rsquo;Accord mondial sur la sant\u00e9 et la s\u00e9curit\u00e9 avec IndustriALL Global Union, l&rsquo;Internationale du","breadcrumb":{"@id":"https:\/\/admin.industriall-union.org\/fr\/signature-d-un-accord-sur-la-sante-et-securite-entre-federations-syndicales-internationales-et-gdf-suez\/#breadcrumb"},"inLanguage":"fr-FR","potentialAction":[{"@type":"ReadAction","target":["https:\/\/admin.industriall-union.org\/fr\/signature-d-un-accord-sur-la-sante-et-securite-entre-federations-syndicales-internationales-et-gdf-suez\/"]}]},{"@type":"BreadcrumbList","@id":"https:\/\/admin.industriall-union.org\/fr\/signature-d-un-accord-sur-la-sante-et-securite-entre-federations-syndicales-internationales-et-gdf-suez\/#breadcrumb","itemListElement":[{"@type":"ListItem","position":1,"name":"Home","item":"https:\/\/admin.industriall-union.org\/"},{"@type":"ListItem","position":2,"name":"Articles","item":"https:\/\/admin.industriall-union.org\/article\/"},{"@type":"ListItem","position":3,"name":"Signature d\u2019un accord sur la sant\u00e9 et s\u00e9curit\u00e9 entre F\u00e9d\u00e9rations syndicales internationales et GDF Suez"}]},{"@type":"WebSite","@id":"https:\/\/admin.industriall-union.org\/#website","url":"https:\/\/admin.industriall-union.org\/","name":"industriall-union","description":"","potentialAction":[{"@type":"SearchAction","target":{"@type":"EntryPoint","urlTemplate":"https:\/\/admin.industriall-union.org\/?s={search_term_string}"},"query-input":{"@type":"PropertyValueSpecification","valueRequired":true,"valueName":"search_term_string"}}],"inLanguage":"fr-FR"}]}},"_links":{"self":[{"href":"https:\/\/admin.industriall-union.org\/fr\/wp-json\/wp\/v2\/article\/152320","targetHints":{"allow":["GET"]}}],"collection":[{"href":"https:\/\/admin.industriall-union.org\/fr\/wp-json\/wp\/v2\/article"}],"about":[{"href":"https:\/\/admin.industriall-union.org\/fr\/wp-json\/wp\/v2\/types\/article"}],"wp:attachment":[{"href":"https:\/\/admin.industriall-union.org\/fr\/wp-json\/wp\/v2\/media?parent=152320"}],"wp:term":[{"taxonomy":"issues","embeddable":true,"href":"https:\/\/admin.industriall-union.org\/fr\/wp-json\/wp\/v2\/issues?post=152320"},{"taxonomy":"companies","embeddable":true,"href":"https:\/\/admin.industriall-union.org\/fr\/wp-json\/wp\/v2\/companies?post=152320"},{"taxonomy":"regions","embeddable":true,"href":"https:\/\/admin.industriall-union.org\/fr\/wp-json\/wp\/v2\/regions?post=152320"},{"taxonomy":"sectors","embeddable":true,"href":"https:\/\/admin.industriall-union.org\/fr\/wp-json\/wp\/v2\/sectors?post=152320"},{"taxonomy":"article_tags","embeddable":true,"href":"https:\/\/admin.industriall-union.org\/fr\/wp-json\/wp\/v2\/article_tags?post=152320"}],"curies":[{"name":"wp","href":"https:\/\/api.w.org\/{rel}","templated":true}]}}