{"id":152232,"date":"2014-05-29T18:22:57","date_gmt":"2014-05-29T18:22:57","guid":{"rendered":"https:\/\/admin.industriall-union.org\/industriall-se-joint-aux-appels-pour-des-mesures-urgentes-de-soutien-dans-les-balkans-touches-par-les-inondations\/"},"modified":"2025-02-08T01:01:48","modified_gmt":"2025-02-08T01:01:48","slug":"industriall-se-joint-aux-appels-pour-des-mesures-urgentes-de-soutien-dans-les-balkans-touches-par-les-inondations","status":"publish","type":"article","link":"https:\/\/admin.industriall-union.org\/fr\/industriall-se-joint-aux-appels-pour-des-mesures-urgentes-de-soutien-dans-les-balkans-touches-par-les-inondations\/","title":{"rendered":"IndustriALL se joint aux appels pour des mesures urgentes de soutien dans les Balkans touch\u00e9s par les inondations"},"content":{"rendered":"<p>Les plus fortes pluies depuis 120 ans ont cess\u00e9 et le niveau des eaux baisse, mais des ressources sont n\u00e9cessaires <a href=\"http:\/\/www.industriall-union.org\/fr\/les-membres-de-industriall-dans-les-balkans-en-proie-a-de-terribles-inondations\">pour aider les populations les plus durement touch\u00e9es en Serbie en Bosnie-Herz\u00e9govine et dans certaines parties de la Croatie<\/a>.&nbsp;<\/p><p>Selon plusieurs rapports, les glissements de terrain constituent un danger important apr\u00e8s la baisse du niveau des eaux. Rien que dans le canton de Tuzla en Bosnie-Herz\u00e9govine quelque 2.500 glissements de terrain ont \u00e9t\u00e9 enregistr\u00e9s. Dans certaines r\u00e9gions, le risque de maladies contagieuses caus\u00e9es par le temps doux est en augmentation.<\/p><p>IndustriALL esp\u00e8re que les gouvernements des pays touch\u00e9s pourront fournir toute l&rsquo;aide possible aux familles victimes de cette catastrophe naturelle.<\/p><p>Apr\u00e8s consultations avec les affili\u00e9s des r\u00e9gions touch\u00e9es et l&rsquo;envoi de messages de sympathie et de solidarit\u00e9, IndustriALL lance \u00e9galement un appel \u00e0 tous les affili\u00e9s pour leur demander d&rsquo;accorder une aide et un soutien \u00e0 nos camarades de Serbie, de Bosnie-Herz\u00e9govine et de Croatie.<\/p>","protected":false},"featured_media":0,"template":"","issues":[420],"companies":[],"regions":[209,211,243],"sectors":[],"article_tags":[511],"class_list":["post-152232","article","type-article","status-publish","hentry","issues-solidarity","regions-bosnia-herzegovina","regions-croatia","regions-serbia","article_tags-industriall"],"acf":[],"yoast_head":"<!-- This site is optimized with the Yoast SEO Premium plugin v27.1 (Yoast SEO v27.1) - https:\/\/yoast.com\/product\/yoast-seo-premium-wordpress\/ -->\n<title>IndustriALL se joint aux appels pour des mesures urgentes de soutien dans les Balkans touch\u00e9s par les inondations - industriall-union<\/title>\n<meta name=\"description\" content=\"Les plus fortes pluies depuis 120 ans ont cess\u00e9 et le niveau des eaux baisse, mais des ressources sont n\u00e9cessaires pour aider les populations les plus\" \/>\n<meta name=\"robots\" content=\"index, follow, max-snippet:-1, max-image-preview:large, max-video-preview:-1\" \/>\n<link rel=\"canonical\" href=\"https:\/\/admin.industriall-union.org\/fr\/industriall-se-joint-aux-appels-pour-des-mesures-urgentes-de-soutien-dans-les-balkans-touches-par-les-inondations\/\" \/>\n<meta property=\"og:locale\" content=\"fr_FR\" \/>\n<meta property=\"og:type\" content=\"article\" \/>\n<meta property=\"og:title\" content=\"IndustriALL se joint aux appels pour des mesures urgentes de soutien dans les Balkans touch\u00e9s par les inondations\" \/>\n<meta property=\"og:description\" content=\"Les plus fortes pluies depuis 120 ans ont cess\u00e9 et le niveau des eaux baisse, mais des ressources sont n\u00e9cessaires pour aider les populations les plus\" \/>\n<meta property=\"og:url\" content=\"https:\/\/admin.industriall-union.org\/fr\/industriall-se-joint-aux-appels-pour-des-mesures-urgentes-de-soutien-dans-les-balkans-touches-par-les-inondations\/\" \/>\n<meta property=\"og:site_name\" content=\"industriall-union\" \/>\n<meta property=\"article:modified_time\" content=\"2025-02-08T01:01:48+00:00\" \/>\n<meta name=\"twitter:card\" content=\"summary_large_image\" \/>\n<meta name=\"twitter:label1\" content=\"Est. reading time\" \/>\n\t<meta name=\"twitter:data1\" content=\"1 minute\" \/>\n<script type=\"application\/ld+json\" class=\"yoast-schema-graph\">{\"@context\":\"https:\/\/schema.org\",\"@graph\":[{\"@type\":\"WebPage\",\"@id\":\"https:\/\/admin.industriall-union.org\/fr\/industriall-se-joint-aux-appels-pour-des-mesures-urgentes-de-soutien-dans-les-balkans-touches-par-les-inondations\/\",\"url\":\"https:\/\/admin.industriall-union.org\/fr\/industriall-se-joint-aux-appels-pour-des-mesures-urgentes-de-soutien-dans-les-balkans-touches-par-les-inondations\/\",\"name\":\"IndustriALL se joint aux appels pour des mesures urgentes de soutien dans les Balkans touch\u00e9s par les inondations - industriall-union\",\"isPartOf\":{\"@id\":\"https:\/\/admin.industriall-union.org\/#website\"},\"datePublished\":\"2014-05-29T18:22:57+00:00\",\"dateModified\":\"2025-02-08T01:01:48+00:00\",\"description\":\"Les plus fortes pluies depuis 120 ans ont cess\u00e9 et le niveau des eaux baisse, mais des ressources sont n\u00e9cessaires pour aider les populations les plus\",\"breadcrumb\":{\"@id\":\"https:\/\/admin.industriall-union.org\/fr\/industriall-se-joint-aux-appels-pour-des-mesures-urgentes-de-soutien-dans-les-balkans-touches-par-les-inondations\/#breadcrumb\"},\"inLanguage\":\"fr-FR\",\"potentialAction\":[{\"@type\":\"ReadAction\",\"target\":[\"https:\/\/admin.industriall-union.org\/fr\/industriall-se-joint-aux-appels-pour-des-mesures-urgentes-de-soutien-dans-les-balkans-touches-par-les-inondations\/\"]}]},{\"@type\":\"BreadcrumbList\",\"@id\":\"https:\/\/admin.industriall-union.org\/fr\/industriall-se-joint-aux-appels-pour-des-mesures-urgentes-de-soutien-dans-les-balkans-touches-par-les-inondations\/#breadcrumb\",\"itemListElement\":[{\"@type\":\"ListItem\",\"position\":1,\"name\":\"Home\",\"item\":\"https:\/\/admin.industriall-union.org\/\"},{\"@type\":\"ListItem\",\"position\":2,\"name\":\"Articles\",\"item\":\"https:\/\/admin.industriall-union.org\/article\/\"},{\"@type\":\"ListItem\",\"position\":3,\"name\":\"IndustriALL se joint aux appels pour des mesures urgentes de soutien dans les Balkans touch\u00e9s par les inondations\"}]},{\"@type\":\"WebSite\",\"@id\":\"https:\/\/admin.industriall-union.org\/#website\",\"url\":\"https:\/\/admin.industriall-union.org\/\",\"name\":\"industriall-union\",\"description\":\"\",\"potentialAction\":[{\"@type\":\"SearchAction\",\"target\":{\"@type\":\"EntryPoint\",\"urlTemplate\":\"https:\/\/admin.industriall-union.org\/?s={search_term_string}\"},\"query-input\":{\"@type\":\"PropertyValueSpecification\",\"valueRequired\":true,\"valueName\":\"search_term_string\"}}],\"inLanguage\":\"fr-FR\"}]}<\/script>\n<!-- \/ Yoast SEO Premium plugin. -->","yoast_head_json":{"title":"IndustriALL se joint aux appels pour des mesures urgentes de soutien dans les Balkans touch\u00e9s par les inondations - industriall-union","description":"Les plus fortes pluies depuis 120 ans ont cess\u00e9 et le niveau des eaux baisse, mais des ressources sont n\u00e9cessaires pour aider les populations les plus","robots":{"index":"index","follow":"follow","max-snippet":"max-snippet:-1","max-image-preview":"max-image-preview:large","max-video-preview":"max-video-preview:-1"},"canonical":"https:\/\/admin.industriall-union.org\/fr\/industriall-se-joint-aux-appels-pour-des-mesures-urgentes-de-soutien-dans-les-balkans-touches-par-les-inondations\/","og_locale":"fr_FR","og_type":"article","og_title":"IndustriALL se joint aux appels pour des mesures urgentes de soutien dans les Balkans touch\u00e9s par les inondations","og_description":"Les plus fortes pluies depuis 120 ans ont cess\u00e9 et le niveau des eaux baisse, mais des ressources sont n\u00e9cessaires pour aider les populations les plus","og_url":"https:\/\/admin.industriall-union.org\/fr\/industriall-se-joint-aux-appels-pour-des-mesures-urgentes-de-soutien-dans-les-balkans-touches-par-les-inondations\/","og_site_name":"industriall-union","article_modified_time":"2025-02-08T01:01:48+00:00","twitter_card":"summary_large_image","twitter_misc":{"Est. reading time":"1 minute"},"schema":{"@context":"https:\/\/schema.org","@graph":[{"@type":"WebPage","@id":"https:\/\/admin.industriall-union.org\/fr\/industriall-se-joint-aux-appels-pour-des-mesures-urgentes-de-soutien-dans-les-balkans-touches-par-les-inondations\/","url":"https:\/\/admin.industriall-union.org\/fr\/industriall-se-joint-aux-appels-pour-des-mesures-urgentes-de-soutien-dans-les-balkans-touches-par-les-inondations\/","name":"IndustriALL se joint aux appels pour des mesures urgentes de soutien dans les Balkans touch\u00e9s par les inondations - industriall-union","isPartOf":{"@id":"https:\/\/admin.industriall-union.org\/#website"},"datePublished":"2014-05-29T18:22:57+00:00","dateModified":"2025-02-08T01:01:48+00:00","description":"Les plus fortes pluies depuis 120 ans ont cess\u00e9 et le niveau des eaux baisse, mais des ressources sont n\u00e9cessaires pour aider les populations les plus","breadcrumb":{"@id":"https:\/\/admin.industriall-union.org\/fr\/industriall-se-joint-aux-appels-pour-des-mesures-urgentes-de-soutien-dans-les-balkans-touches-par-les-inondations\/#breadcrumb"},"inLanguage":"fr-FR","potentialAction":[{"@type":"ReadAction","target":["https:\/\/admin.industriall-union.org\/fr\/industriall-se-joint-aux-appels-pour-des-mesures-urgentes-de-soutien-dans-les-balkans-touches-par-les-inondations\/"]}]},{"@type":"BreadcrumbList","@id":"https:\/\/admin.industriall-union.org\/fr\/industriall-se-joint-aux-appels-pour-des-mesures-urgentes-de-soutien-dans-les-balkans-touches-par-les-inondations\/#breadcrumb","itemListElement":[{"@type":"ListItem","position":1,"name":"Home","item":"https:\/\/admin.industriall-union.org\/"},{"@type":"ListItem","position":2,"name":"Articles","item":"https:\/\/admin.industriall-union.org\/article\/"},{"@type":"ListItem","position":3,"name":"IndustriALL se joint aux appels pour des mesures urgentes de soutien dans les Balkans touch\u00e9s par les inondations"}]},{"@type":"WebSite","@id":"https:\/\/admin.industriall-union.org\/#website","url":"https:\/\/admin.industriall-union.org\/","name":"industriall-union","description":"","potentialAction":[{"@type":"SearchAction","target":{"@type":"EntryPoint","urlTemplate":"https:\/\/admin.industriall-union.org\/?s={search_term_string}"},"query-input":{"@type":"PropertyValueSpecification","valueRequired":true,"valueName":"search_term_string"}}],"inLanguage":"fr-FR"}]}},"_links":{"self":[{"href":"https:\/\/admin.industriall-union.org\/fr\/wp-json\/wp\/v2\/article\/152232","targetHints":{"allow":["GET"]}}],"collection":[{"href":"https:\/\/admin.industriall-union.org\/fr\/wp-json\/wp\/v2\/article"}],"about":[{"href":"https:\/\/admin.industriall-union.org\/fr\/wp-json\/wp\/v2\/types\/article"}],"wp:attachment":[{"href":"https:\/\/admin.industriall-union.org\/fr\/wp-json\/wp\/v2\/media?parent=152232"}],"wp:term":[{"taxonomy":"issues","embeddable":true,"href":"https:\/\/admin.industriall-union.org\/fr\/wp-json\/wp\/v2\/issues?post=152232"},{"taxonomy":"companies","embeddable":true,"href":"https:\/\/admin.industriall-union.org\/fr\/wp-json\/wp\/v2\/companies?post=152232"},{"taxonomy":"regions","embeddable":true,"href":"https:\/\/admin.industriall-union.org\/fr\/wp-json\/wp\/v2\/regions?post=152232"},{"taxonomy":"sectors","embeddable":true,"href":"https:\/\/admin.industriall-union.org\/fr\/wp-json\/wp\/v2\/sectors?post=152232"},{"taxonomy":"article_tags","embeddable":true,"href":"https:\/\/admin.industriall-union.org\/fr\/wp-json\/wp\/v2\/article_tags?post=152232"}],"curies":[{"name":"wp","href":"https:\/\/api.w.org\/{rel}","templated":true}]}}