{"id":152224,"date":"2014-06-05T15:07:52","date_gmt":"2014-06-05T15:07:52","guid":{"rendered":"https:\/\/admin.industriall-union.org\/industriall-forme-un-reseau-mondial-des-communicateurs\/"},"modified":"2025-02-08T00:57:12","modified_gmt":"2025-02-08T00:57:12","slug":"industriall-forme-un-reseau-mondial-des-communicateurs","status":"publish","type":"article","link":"https:\/\/admin.industriall-union.org\/fr\/industriall-forme-un-reseau-mondial-des-communicateurs\/","title":{"rendered":"IndustriALL forme un r\u00e9seau mondial des communicateurs"},"content":{"rendered":"<p>Au cours d&rsquo;un forum de deux jours, organis\u00e9 au centre de formation de l&rsquo;OIT \u00e0 Turin, les 3 et 4 juin, les participant(e)s ont convenu d&rsquo;\u00e9tablir un r\u00e9seau mondial des communicateurs\/trices pour partager des informations, des tranches de vie, des strat\u00e9gies et des succ\u00e8s.<\/p><p>Gr\u00e2ce aux exp\u00e9riences, aux comp\u00e9tences et aux connaissances acquises mutuellement, les participant(e)s sont repartis avec des id\u00e9es sur l&rsquo;impulsion \u00e0 donner \u00e0 leurs propres campagnes nationales, et sur la solidarit\u00e9 n\u00e9cessaire au plan international pour les luttes men\u00e9es par d&rsquo;autres syndicats membres de IndustriALL.<\/p><p>Le secr\u00e9taire g\u00e9n\u00e9ral de IndustriALL, Jyrki Raina, a demand\u00e9 d&rsquo;une mani\u00e8re provocante aux participant(e)s pourquoi 99% du monde \u00e9taient oubli\u00e9s sur leurs sites internet. Il dit que dans un monde sans fronti\u00e8res, domin\u00e9 par des entreprises multinationales, une infraction aux droits des salari\u00e9s d&rsquo;un c\u00f4t\u00e9 du globe pouvait \u00eatre reli\u00e9e aux salari\u00e9s de l&rsquo;autre c\u00f4t\u00e9.<\/p><p>Cette id\u00e9e a \u00e9t\u00e9 nettement illustr\u00e9e par Sokny Say, secr\u00e9taire g\u00e9n\u00e9rale du syndicat cambodgien de la confection FTUWKC, qui a rappel\u00e9 aux participant(e)s qu&rsquo;un effet d&rsquo;habillement sur dix port\u00e9 par la population mondiale avait \u00e9t\u00e9 fabriqu\u00e9 dans son pays. &ldquo;Au Cambodge, le client est roi, et les rois sont les marques,&rdquo; a-t-elle dit.<\/p><p>Elle maintient que les consommateurs\/trices doivent exercer \u00e0 leur tour une influence sur les marques, et que les syndicats peuvent jouer un r\u00f4le-cl\u00e9 pour obtenir un soutien mondial \u00e0 la lutte pour l&rsquo;am\u00e9lioration des droits et des salaires des travailleuses et travailleurs au Cambodge. L&rsquo;intervention et la campagne de IndustriALL ont jou\u00e9 un r\u00f4le crucial pour obtenir une pression des marques sur le gouvernement sur les questions relatives aux droits syndicaux, au salaire vital et pour la <a href=\"http:\/\/www.industriall-union.org\/fr\/les-federations-syndicales-internationales-saluent-la-remise-en-liberte-des-activistes-cambodgiens\">remise en libert\u00e9 des 23 activistes emprisonn\u00e9s<\/a> le mois dernier.<\/p><p>Il y avait parmi les affili\u00e9s qui ont partag\u00e9 leur propre campagne et leurs activit\u00e9s de communication, des repr\u00e9sentant(e)s de <a href=\"http:\/\/www.unifor.org\/fr\">Unifor<\/a> au Canada, du syndicat allemand de l&rsquo;industrie <a href=\"http:\/\/www.igbce.de\">IG BCE<\/a>, du syndicat russe de l&rsquo;industrie de la construction, du p\u00e9trole et du gaz <a href=\"http:\/\/rogwu-center.com\/about\/\">ROGWU<\/a>, de la conf\u00e9d\u00e9ration br\u00e9silienne des m\u00e9tallurgistes <a href=\"http:\/\/www.cnmcut.org.br\">CNM\/CUT<\/a>, et du syndicat des travailleurs des gisements p\u00e9troliers <a href=\"http:\/\/www.owtu.org\">OWTU<\/a> de Trinidad etTobago.<\/p><p>Le forum a \u00e9galement permis d&rsquo;obtenir un aper\u00e7u de la campagne num\u00e9rique de Eric Lee \u00e0 <a href=\"http:\/\/www.labourstart.org\/2013\/index.php?langcode=fr\">LabourStart<\/a> et de Walton Pantland \u00e0 <a href=\"http:\/\/usilive.org\">USi<\/a>.<\/p><p>Le programme interactif a associ\u00e9 des participant(e)s travaillant en groupes pour examiner la mani\u00e8re de faire progresser les campagnes de IndustriALL, et pour que les campagnes trouvent un \u00e9cho aupr\u00e8s des travailleurs et travailleuses au plan r\u00e9gional.<\/p><p>Les participant(e)s ont \u00e9galement soumis leurs propres id\u00e9es sur le meilleur moyen de mettre en place le r\u00e9seau mondial des communicateurs\/trices.<\/p>","protected":false},"featured_media":0,"template":"","issues":[396,406,420,425],"companies":[],"regions":[],"sectors":[],"article_tags":[511],"class_list":["post-152224","article","type-article","status-publish","hentry","issues-building-strong-unions","issues-confronting-global-capital","issues-solidarity","issues-workers-rights","article_tags-industriall"],"acf":[],"yoast_head":"<!-- This site is optimized with the Yoast SEO Premium plugin v27.1 (Yoast SEO v27.1) - https:\/\/yoast.com\/product\/yoast-seo-premium-wordpress\/ -->\n<title>IndustriALL forme un r\u00e9seau mondial des communicateurs - industriall-union<\/title>\n<meta name=\"description\" content=\"Au cours d&rsquo;un forum de deux jours, organis\u00e9 au centre de formation de l&rsquo;OIT \u00e0 Turin, les 3 et 4 juin, les participant(e)s ont convenu\" \/>\n<meta name=\"robots\" content=\"index, follow, max-snippet:-1, max-image-preview:large, max-video-preview:-1\" \/>\n<link rel=\"canonical\" href=\"https:\/\/admin.industriall-union.org\/fr\/industriall-forme-un-reseau-mondial-des-communicateurs\/\" \/>\n<meta property=\"og:locale\" content=\"fr_FR\" \/>\n<meta property=\"og:type\" content=\"article\" \/>\n<meta property=\"og:title\" content=\"IndustriALL forme un r\u00e9seau mondial des communicateurs\" \/>\n<meta property=\"og:description\" content=\"Au cours d&rsquo;un forum de deux jours, organis\u00e9 au centre de formation de l&rsquo;OIT \u00e0 Turin, les 3 et 4 juin, les participant(e)s ont convenu\" \/>\n<meta property=\"og:url\" content=\"https:\/\/admin.industriall-union.org\/fr\/industriall-forme-un-reseau-mondial-des-communicateurs\/\" \/>\n<meta property=\"og:site_name\" content=\"industriall-union\" \/>\n<meta property=\"article:modified_time\" content=\"2025-02-08T00:57:12+00:00\" \/>\n<meta name=\"twitter:card\" content=\"summary_large_image\" \/>\n<meta name=\"twitter:label1\" content=\"Est. reading time\" \/>\n\t<meta name=\"twitter:data1\" content=\"3 minutes\" \/>\n<script type=\"application\/ld+json\" class=\"yoast-schema-graph\">{\"@context\":\"https:\/\/schema.org\",\"@graph\":[{\"@type\":\"WebPage\",\"@id\":\"https:\/\/admin.industriall-union.org\/fr\/industriall-forme-un-reseau-mondial-des-communicateurs\/\",\"url\":\"https:\/\/admin.industriall-union.org\/fr\/industriall-forme-un-reseau-mondial-des-communicateurs\/\",\"name\":\"IndustriALL forme un r\u00e9seau mondial des communicateurs - industriall-union\",\"isPartOf\":{\"@id\":\"https:\/\/admin.industriall-union.org\/#website\"},\"datePublished\":\"2014-06-05T15:07:52+00:00\",\"dateModified\":\"2025-02-08T00:57:12+00:00\",\"description\":\"Au cours d&rsquo;un forum de deux jours, organis\u00e9 au centre de formation de l&rsquo;OIT \u00e0 Turin, les 3 et 4 juin, les participant(e)s ont convenu\",\"breadcrumb\":{\"@id\":\"https:\/\/admin.industriall-union.org\/fr\/industriall-forme-un-reseau-mondial-des-communicateurs\/#breadcrumb\"},\"inLanguage\":\"fr-FR\",\"potentialAction\":[{\"@type\":\"ReadAction\",\"target\":[\"https:\/\/admin.industriall-union.org\/fr\/industriall-forme-un-reseau-mondial-des-communicateurs\/\"]}]},{\"@type\":\"BreadcrumbList\",\"@id\":\"https:\/\/admin.industriall-union.org\/fr\/industriall-forme-un-reseau-mondial-des-communicateurs\/#breadcrumb\",\"itemListElement\":[{\"@type\":\"ListItem\",\"position\":1,\"name\":\"Home\",\"item\":\"https:\/\/admin.industriall-union.org\/\"},{\"@type\":\"ListItem\",\"position\":2,\"name\":\"Articles\",\"item\":\"https:\/\/admin.industriall-union.org\/article\/\"},{\"@type\":\"ListItem\",\"position\":3,\"name\":\"IndustriALL forme un r\u00e9seau mondial des communicateurs\"}]},{\"@type\":\"WebSite\",\"@id\":\"https:\/\/admin.industriall-union.org\/#website\",\"url\":\"https:\/\/admin.industriall-union.org\/\",\"name\":\"industriall-union\",\"description\":\"\",\"potentialAction\":[{\"@type\":\"SearchAction\",\"target\":{\"@type\":\"EntryPoint\",\"urlTemplate\":\"https:\/\/admin.industriall-union.org\/?s={search_term_string}\"},\"query-input\":{\"@type\":\"PropertyValueSpecification\",\"valueRequired\":true,\"valueName\":\"search_term_string\"}}],\"inLanguage\":\"fr-FR\"}]}<\/script>\n<!-- \/ Yoast SEO Premium plugin. -->","yoast_head_json":{"title":"IndustriALL forme un r\u00e9seau mondial des communicateurs - industriall-union","description":"Au cours d&rsquo;un forum de deux jours, organis\u00e9 au centre de formation de l&rsquo;OIT \u00e0 Turin, les 3 et 4 juin, les participant(e)s ont convenu","robots":{"index":"index","follow":"follow","max-snippet":"max-snippet:-1","max-image-preview":"max-image-preview:large","max-video-preview":"max-video-preview:-1"},"canonical":"https:\/\/admin.industriall-union.org\/fr\/industriall-forme-un-reseau-mondial-des-communicateurs\/","og_locale":"fr_FR","og_type":"article","og_title":"IndustriALL forme un r\u00e9seau mondial des communicateurs","og_description":"Au cours d&rsquo;un forum de deux jours, organis\u00e9 au centre de formation de l&rsquo;OIT \u00e0 Turin, les 3 et 4 juin, les participant(e)s ont convenu","og_url":"https:\/\/admin.industriall-union.org\/fr\/industriall-forme-un-reseau-mondial-des-communicateurs\/","og_site_name":"industriall-union","article_modified_time":"2025-02-08T00:57:12+00:00","twitter_card":"summary_large_image","twitter_misc":{"Est. reading time":"3 minutes"},"schema":{"@context":"https:\/\/schema.org","@graph":[{"@type":"WebPage","@id":"https:\/\/admin.industriall-union.org\/fr\/industriall-forme-un-reseau-mondial-des-communicateurs\/","url":"https:\/\/admin.industriall-union.org\/fr\/industriall-forme-un-reseau-mondial-des-communicateurs\/","name":"IndustriALL forme un r\u00e9seau mondial des communicateurs - industriall-union","isPartOf":{"@id":"https:\/\/admin.industriall-union.org\/#website"},"datePublished":"2014-06-05T15:07:52+00:00","dateModified":"2025-02-08T00:57:12+00:00","description":"Au cours d&rsquo;un forum de deux jours, organis\u00e9 au centre de formation de l&rsquo;OIT \u00e0 Turin, les 3 et 4 juin, les participant(e)s ont convenu","breadcrumb":{"@id":"https:\/\/admin.industriall-union.org\/fr\/industriall-forme-un-reseau-mondial-des-communicateurs\/#breadcrumb"},"inLanguage":"fr-FR","potentialAction":[{"@type":"ReadAction","target":["https:\/\/admin.industriall-union.org\/fr\/industriall-forme-un-reseau-mondial-des-communicateurs\/"]}]},{"@type":"BreadcrumbList","@id":"https:\/\/admin.industriall-union.org\/fr\/industriall-forme-un-reseau-mondial-des-communicateurs\/#breadcrumb","itemListElement":[{"@type":"ListItem","position":1,"name":"Home","item":"https:\/\/admin.industriall-union.org\/"},{"@type":"ListItem","position":2,"name":"Articles","item":"https:\/\/admin.industriall-union.org\/article\/"},{"@type":"ListItem","position":3,"name":"IndustriALL forme un r\u00e9seau mondial des communicateurs"}]},{"@type":"WebSite","@id":"https:\/\/admin.industriall-union.org\/#website","url":"https:\/\/admin.industriall-union.org\/","name":"industriall-union","description":"","potentialAction":[{"@type":"SearchAction","target":{"@type":"EntryPoint","urlTemplate":"https:\/\/admin.industriall-union.org\/?s={search_term_string}"},"query-input":{"@type":"PropertyValueSpecification","valueRequired":true,"valueName":"search_term_string"}}],"inLanguage":"fr-FR"}]}},"_links":{"self":[{"href":"https:\/\/admin.industriall-union.org\/fr\/wp-json\/wp\/v2\/article\/152224","targetHints":{"allow":["GET"]}}],"collection":[{"href":"https:\/\/admin.industriall-union.org\/fr\/wp-json\/wp\/v2\/article"}],"about":[{"href":"https:\/\/admin.industriall-union.org\/fr\/wp-json\/wp\/v2\/types\/article"}],"wp:attachment":[{"href":"https:\/\/admin.industriall-union.org\/fr\/wp-json\/wp\/v2\/media?parent=152224"}],"wp:term":[{"taxonomy":"issues","embeddable":true,"href":"https:\/\/admin.industriall-union.org\/fr\/wp-json\/wp\/v2\/issues?post=152224"},{"taxonomy":"companies","embeddable":true,"href":"https:\/\/admin.industriall-union.org\/fr\/wp-json\/wp\/v2\/companies?post=152224"},{"taxonomy":"regions","embeddable":true,"href":"https:\/\/admin.industriall-union.org\/fr\/wp-json\/wp\/v2\/regions?post=152224"},{"taxonomy":"sectors","embeddable":true,"href":"https:\/\/admin.industriall-union.org\/fr\/wp-json\/wp\/v2\/sectors?post=152224"},{"taxonomy":"article_tags","embeddable":true,"href":"https:\/\/admin.industriall-union.org\/fr\/wp-json\/wp\/v2\/article_tags?post=152224"}],"curies":[{"name":"wp","href":"https:\/\/api.w.org\/{rel}","templated":true}]}}