{"id":152204,"date":"2014-06-19T10:02:31","date_gmt":"2014-06-19T10:02:31","guid":{"rendered":"https:\/\/admin.industriall-union.org\/les-employeurs-contestent-le-droit-de-greve-reconnu-internationalement\/"},"modified":"2025-02-08T00:25:53","modified_gmt":"2025-02-08T00:25:53","slug":"les-employeurs-contestent-le-droit-de-greve-reconnu-internationalement","status":"publish","type":"article","link":"https:\/\/admin.industriall-union.org\/fr\/les-employeurs-contestent-le-droit-de-greve-reconnu-internationalement\/","title":{"rendered":"Les employeurs contestent le droit de gr\u00e8ve reconnu internationalement"},"content":{"rendered":"<p>La Commission de l&#039;application des normes de la Conf\u00e9rence, ou Commission de la Conf\u00e9rence, est un organe tripartite de la CIT compos\u00e9 des employeurs, des travailleurs et des gouvernements. Elle examine les mesures prises par les \u00c9tats membres pour donner effet aux conventions de l&#039;OIT et adresse aux gouvernements des recommandations en vue d&#039;am\u00e9liorer l&#039;application des conventions qu&#039;ils ont ratifi\u00e9es. Chaque ann\u00e9e, le groupe des employeurs et celui des travailleurs n\u00e9gocient une liste de 25 pays dont les cas sont examin\u00e9s par la CIT, afin d&#039;aboutir \u00e0 des <strong>conclusions par consensus<\/strong> sur les recommandations qu&#039;elle formulera.<\/p><p>L&#039;attaque contre le droit de gr\u00e8ve a \u00e9t\u00e9 d\u00e9clench\u00e9e pendant la CIT de juin 2012, lorsque le porte-parole du groupe des employeurs a soudainement annonc\u00e9 que ceux-ci refuseraient d&#039;adopter une liste restreinte de cas dont l&#039;un ou l&#039;autre porterait sur le droit de gr\u00e8ve. Par son intransigeance, cette d\u00e9claration a provoqu\u00e9 un <a href=\"http:\/\/www.industriall-union.org\/unprecedented-attack-on-workers-rights-at-ilo\">blocage<\/a> total de l&#039;examen des cas par la Commission de la Conf\u00e9rence.<\/p><p>L&#039;argument du groupe des employeurs est que, en l&#039;absence de toute r\u00e9f\u00e9rence explicite au <a href=\"http:\/\/www.ituc-csi.org\/the-right-to-strike-and-the-ilo?lang=en\">droit de gr\u00e8ve<\/a> dans le texte de la Convention n&deg; 87 sur la libert\u00e9 syndicale et la protection du droit syndical, les r\u00e8gles d&#039;interpr\u00e9tation internationalement accept\u00e9es imposent d&#039;interpr\u00e9ter cette convention <em>en faisant abstraction du droit de gr\u00e8ve<\/em>.<\/p><p>&quot;L&#039;argument du groupe des employeurs repose sur une conception profond\u00e9ment erron\u00e9e de la libert\u00e9 syndicale. Ils adoptent une position conservatrice selon laquelle la libert\u00e9 syndicale est un droit autonome, individuel, compl\u00e8tement dissoci\u00e9 du contexte des relations professionnelles&quot;, explique Jeff Vogt, conseiller juridique \u00e0 la Conf\u00e9d\u00e9ration syndicale internationale (CSI).<\/p><p>&quot;Pourtant, le droit \u00e0 la libert\u00e9 syndicale est depuis longtemps entendu comme un droit collectif, en particulier dans le contexte des relations professionnelles, et \u00e0 vrai dire comme un ensemble de droits, incluant celui de faire gr\u00e8ve.&quot;<\/p><p>H\u00e9las, apr\u00e8s une concession faite \u00e0 titre exceptionnel en 2013 par le groupe des travailleurs pour \u00e9viter de r\u00e9p\u00e9ter l&#039;\u00e9chec de 2012, le groupe des employeurs a r\u00e9clam\u00e9 une nouvelle fois, cette ann\u00e9e, une mention excluant le droit de gr\u00e8ve des conclusions relatives \u00e0 trois pays (Alg\u00e9rie, Cambodge, Swaziland) examin\u00e9s au titre de la convention 87. Mais, cette fois, le groupe des travailleurs a rejet\u00e9 \u00e0 l&#039;unanimit\u00e9 cette revendication qui compromet les travaux de la Commission.<\/p><p>Comme le groupe des travailleurs l&#039;a expliqu\u00e9 en pl\u00e9ni\u00e8re, les conclusions de la Commission de la Conf\u00e9rence doivent fournir des directives claires aux gouvernements pour leur permettre d&#039;ajuster et d&#039;am\u00e9liorer la mise en \u0153uvre des conventions de l&#039;OIT. Aujourd&#039;hui, la contestation porte sur trois cas, mais demain ils pourraient \u00eatre au nombre de quatre, cinq, voire six selon le nombre de cas examin\u00e9s en rapport avec la convention 87. Aucun accord ne s&#039;\u00e9tant d\u00e9gag\u00e9 \u00e0 la CIT de juin 2014, aucune conclusion n&#039;a \u00e9t\u00e9 adopt\u00e9e pour l&#039;ensemble des 19 cas \u00e0 l&#039;examen par la Commission de la Conf\u00e9rence.<\/p><p>Le souci majeur du groupe des travailleurs est que les employeurs contestent maintenant de plus en plus d&#039;autres grandes conventions, comme la convention n&deg; 98 sur le droit de n\u00e9gociation collective; ces d\u00e9saccords insidieux et persistants sur l&#039;interpr\u00e9tation des conventions fondamentales de l&#039;OIT sapent et paralysent le travail et la cr\u00e9dibilit\u00e9 des commissions.<\/p><p>Le conflit sur la question du droit de gr\u00e8ve a \u00e9t\u00e9 soumis au Conseil d&#039;administration de l&#039;OIT qui pourrait demander \u00e0 la Cour internationale de justice de rendre un avis et mettre un terme \u00e0 ce diff\u00e9rend. Une d\u00e9cision devrait \u00eatre prise en novembre 2014.<\/p><p>Le groupe des travailleurs tient bon et les syndicats sont d\u00e9termin\u00e9s \u00e0 d\u00e9fendre le droit de gr\u00e8ve qui constitue un des principaux atouts des travailleurs du monde entier.<\/p>","protected":false},"featured_media":0,"template":"","issues":[422,423,424,425],"companies":[],"regions":[],"sectors":[],"article_tags":[513,529],"class_list":["post-152204","article","type-article","status-publish","hentry","issues-human-trade-union-rights","issues-ilo-watch","issues-violation","issues-workers-rights","article_tags-labour-laws","article_tags-strike"],"acf":[],"yoast_head":"<!-- This site is optimized with the Yoast SEO Premium plugin v27.1 (Yoast SEO v27.1) - https:\/\/yoast.com\/product\/yoast-seo-premium-wordpress\/ -->\n<title>Les employeurs contestent le droit de gr\u00e8ve reconnu internationalement - industriall-union<\/title>\n<meta name=\"description\" content=\"La Commission de l&#039;application des normes de la Conf\u00e9rence, ou Commission de la Conf\u00e9rence, est un organe tripartite de la CIT compos\u00e9 des\" \/>\n<meta name=\"robots\" content=\"index, follow, max-snippet:-1, max-image-preview:large, max-video-preview:-1\" \/>\n<link rel=\"canonical\" href=\"https:\/\/admin.industriall-union.org\/fr\/les-employeurs-contestent-le-droit-de-greve-reconnu-internationalement\/\" \/>\n<meta property=\"og:locale\" content=\"fr_FR\" \/>\n<meta property=\"og:type\" content=\"article\" \/>\n<meta property=\"og:title\" content=\"Les employeurs contestent le droit de gr\u00e8ve reconnu internationalement\" \/>\n<meta property=\"og:description\" content=\"La Commission de l&#039;application des normes de la Conf\u00e9rence, ou Commission de la Conf\u00e9rence, est un organe tripartite de la CIT compos\u00e9 des\" \/>\n<meta property=\"og:url\" content=\"https:\/\/admin.industriall-union.org\/fr\/les-employeurs-contestent-le-droit-de-greve-reconnu-internationalement\/\" \/>\n<meta property=\"og:site_name\" content=\"industriall-union\" \/>\n<meta property=\"article:modified_time\" content=\"2025-02-08T00:25:53+00:00\" \/>\n<meta name=\"twitter:card\" content=\"summary_large_image\" \/>\n<meta name=\"twitter:label1\" content=\"Est. reading time\" \/>\n\t<meta name=\"twitter:data1\" content=\"3 minutes\" \/>\n<script type=\"application\/ld+json\" class=\"yoast-schema-graph\">{\"@context\":\"https:\/\/schema.org\",\"@graph\":[{\"@type\":\"WebPage\",\"@id\":\"https:\/\/admin.industriall-union.org\/fr\/les-employeurs-contestent-le-droit-de-greve-reconnu-internationalement\/\",\"url\":\"https:\/\/admin.industriall-union.org\/fr\/les-employeurs-contestent-le-droit-de-greve-reconnu-internationalement\/\",\"name\":\"Les employeurs contestent le droit de gr\u00e8ve reconnu internationalement - industriall-union\",\"isPartOf\":{\"@id\":\"https:\/\/admin.industriall-union.org\/#website\"},\"datePublished\":\"2014-06-19T10:02:31+00:00\",\"dateModified\":\"2025-02-08T00:25:53+00:00\",\"description\":\"La Commission de l&#039;application des normes de la Conf\u00e9rence, ou Commission de la Conf\u00e9rence, est un organe tripartite de la CIT compos\u00e9 des\",\"breadcrumb\":{\"@id\":\"https:\/\/admin.industriall-union.org\/fr\/les-employeurs-contestent-le-droit-de-greve-reconnu-internationalement\/#breadcrumb\"},\"inLanguage\":\"fr-FR\",\"potentialAction\":[{\"@type\":\"ReadAction\",\"target\":[\"https:\/\/admin.industriall-union.org\/fr\/les-employeurs-contestent-le-droit-de-greve-reconnu-internationalement\/\"]}]},{\"@type\":\"BreadcrumbList\",\"@id\":\"https:\/\/admin.industriall-union.org\/fr\/les-employeurs-contestent-le-droit-de-greve-reconnu-internationalement\/#breadcrumb\",\"itemListElement\":[{\"@type\":\"ListItem\",\"position\":1,\"name\":\"Home\",\"item\":\"https:\/\/admin.industriall-union.org\/\"},{\"@type\":\"ListItem\",\"position\":2,\"name\":\"Articles\",\"item\":\"https:\/\/admin.industriall-union.org\/article\/\"},{\"@type\":\"ListItem\",\"position\":3,\"name\":\"Les employeurs contestent le droit de gr\u00e8ve reconnu internationalement\"}]},{\"@type\":\"WebSite\",\"@id\":\"https:\/\/admin.industriall-union.org\/#website\",\"url\":\"https:\/\/admin.industriall-union.org\/\",\"name\":\"industriall-union\",\"description\":\"\",\"potentialAction\":[{\"@type\":\"SearchAction\",\"target\":{\"@type\":\"EntryPoint\",\"urlTemplate\":\"https:\/\/admin.industriall-union.org\/?s={search_term_string}\"},\"query-input\":{\"@type\":\"PropertyValueSpecification\",\"valueRequired\":true,\"valueName\":\"search_term_string\"}}],\"inLanguage\":\"fr-FR\"}]}<\/script>\n<!-- \/ Yoast SEO Premium plugin. -->","yoast_head_json":{"title":"Les employeurs contestent le droit de gr\u00e8ve reconnu internationalement - industriall-union","description":"La Commission de l&#039;application des normes de la Conf\u00e9rence, ou Commission de la Conf\u00e9rence, est un organe tripartite de la CIT compos\u00e9 des","robots":{"index":"index","follow":"follow","max-snippet":"max-snippet:-1","max-image-preview":"max-image-preview:large","max-video-preview":"max-video-preview:-1"},"canonical":"https:\/\/admin.industriall-union.org\/fr\/les-employeurs-contestent-le-droit-de-greve-reconnu-internationalement\/","og_locale":"fr_FR","og_type":"article","og_title":"Les employeurs contestent le droit de gr\u00e8ve reconnu internationalement","og_description":"La Commission de l&#039;application des normes de la Conf\u00e9rence, ou Commission de la Conf\u00e9rence, est un organe tripartite de la CIT compos\u00e9 des","og_url":"https:\/\/admin.industriall-union.org\/fr\/les-employeurs-contestent-le-droit-de-greve-reconnu-internationalement\/","og_site_name":"industriall-union","article_modified_time":"2025-02-08T00:25:53+00:00","twitter_card":"summary_large_image","twitter_misc":{"Est. reading time":"3 minutes"},"schema":{"@context":"https:\/\/schema.org","@graph":[{"@type":"WebPage","@id":"https:\/\/admin.industriall-union.org\/fr\/les-employeurs-contestent-le-droit-de-greve-reconnu-internationalement\/","url":"https:\/\/admin.industriall-union.org\/fr\/les-employeurs-contestent-le-droit-de-greve-reconnu-internationalement\/","name":"Les employeurs contestent le droit de gr\u00e8ve reconnu internationalement - industriall-union","isPartOf":{"@id":"https:\/\/admin.industriall-union.org\/#website"},"datePublished":"2014-06-19T10:02:31+00:00","dateModified":"2025-02-08T00:25:53+00:00","description":"La Commission de l&#039;application des normes de la Conf\u00e9rence, ou Commission de la Conf\u00e9rence, est un organe tripartite de la CIT compos\u00e9 des","breadcrumb":{"@id":"https:\/\/admin.industriall-union.org\/fr\/les-employeurs-contestent-le-droit-de-greve-reconnu-internationalement\/#breadcrumb"},"inLanguage":"fr-FR","potentialAction":[{"@type":"ReadAction","target":["https:\/\/admin.industriall-union.org\/fr\/les-employeurs-contestent-le-droit-de-greve-reconnu-internationalement\/"]}]},{"@type":"BreadcrumbList","@id":"https:\/\/admin.industriall-union.org\/fr\/les-employeurs-contestent-le-droit-de-greve-reconnu-internationalement\/#breadcrumb","itemListElement":[{"@type":"ListItem","position":1,"name":"Home","item":"https:\/\/admin.industriall-union.org\/"},{"@type":"ListItem","position":2,"name":"Articles","item":"https:\/\/admin.industriall-union.org\/article\/"},{"@type":"ListItem","position":3,"name":"Les employeurs contestent le droit de gr\u00e8ve reconnu internationalement"}]},{"@type":"WebSite","@id":"https:\/\/admin.industriall-union.org\/#website","url":"https:\/\/admin.industriall-union.org\/","name":"industriall-union","description":"","potentialAction":[{"@type":"SearchAction","target":{"@type":"EntryPoint","urlTemplate":"https:\/\/admin.industriall-union.org\/?s={search_term_string}"},"query-input":{"@type":"PropertyValueSpecification","valueRequired":true,"valueName":"search_term_string"}}],"inLanguage":"fr-FR"}]}},"_links":{"self":[{"href":"https:\/\/admin.industriall-union.org\/fr\/wp-json\/wp\/v2\/article\/152204","targetHints":{"allow":["GET"]}}],"collection":[{"href":"https:\/\/admin.industriall-union.org\/fr\/wp-json\/wp\/v2\/article"}],"about":[{"href":"https:\/\/admin.industriall-union.org\/fr\/wp-json\/wp\/v2\/types\/article"}],"wp:attachment":[{"href":"https:\/\/admin.industriall-union.org\/fr\/wp-json\/wp\/v2\/media?parent=152204"}],"wp:term":[{"taxonomy":"issues","embeddable":true,"href":"https:\/\/admin.industriall-union.org\/fr\/wp-json\/wp\/v2\/issues?post=152204"},{"taxonomy":"companies","embeddable":true,"href":"https:\/\/admin.industriall-union.org\/fr\/wp-json\/wp\/v2\/companies?post=152204"},{"taxonomy":"regions","embeddable":true,"href":"https:\/\/admin.industriall-union.org\/fr\/wp-json\/wp\/v2\/regions?post=152204"},{"taxonomy":"sectors","embeddable":true,"href":"https:\/\/admin.industriall-union.org\/fr\/wp-json\/wp\/v2\/sectors?post=152204"},{"taxonomy":"article_tags","embeddable":true,"href":"https:\/\/admin.industriall-union.org\/fr\/wp-json\/wp\/v2\/article_tags?post=152204"}],"curies":[{"name":"wp","href":"https:\/\/api.w.org\/{rel}","templated":true}]}}