{"id":152200,"date":"2014-06-24T08:27:58","date_gmt":"2014-06-24T08:27:58","guid":{"rendered":"https:\/\/admin.industriall-union.org\/industriall-doit-faire-avancer-la-representation-des-femmes\/"},"modified":"2025-02-08T00:19:59","modified_gmt":"2025-02-08T00:19:59","slug":"industriall-doit-faire-avancer-la-representation-des-femmes","status":"publish","type":"article","link":"https:\/\/admin.industriall-union.org\/fr\/industriall-doit-faire-avancer-la-representation-des-femmes\/","title":{"rendered":"IndustriALL doit faire avancer la repr\u00e9sentation des femmes"},"content":{"rendered":"<p>Monica Veloso de l&rsquo;affili\u00e9 de IndustriALL, CNTM Br\u00e9sil, a d\u00e9clar\u00e9 que IndustriALL a la possibilit\u00e9 de pr\u00e9senter une vision novatrice. &ldquo;Nous construisons une nouvelle organisation bas\u00e9e sur l&rsquo;\u00e9galit\u00e9,&rdquo; a-t-elle dit.<\/p><p>&ldquo;La cr\u00e9ation de IndustriALL remonte \u00e0 deux ans. Le changement doit commencer au niveau national, mais le niveau mondial peut avoir un bon effet stimulateur,&rdquo; a d\u00e9clar\u00e9 le secr\u00e9taire g\u00e9n\u00e9ral de IndustriALL, Jyrki Raina.<\/p><p>La secr\u00e9taire g\u00e9n\u00e9rale adjointe de IndustriALL, Monika Kemperle, a d\u00e9clar\u00e9:<\/p><p>&ldquo;Nous devons donner l&rsquo;exemple et nous assurer que les femmes sont repr\u00e9sent\u00e9es \u00e0 juste titre \u00e0 tous les niveaux de IndustriALL Global Union. &nbsp;Nous devons inciter nos affili\u00e9s \u00e0 obtenir 40 pour cent de participation des femmes au niveau des prises de d\u00e9cision comme l&rsquo;ont montr\u00e9 beaucoup de nos affili\u00e9s.&rdquo;<\/p><p>Le riche d\u00e9bat sur les quotas aux deux conf\u00e9rences r\u00e9gionales qui ont eu lieu r\u00e9cemment (<a href=\"http:\/\/www.industriall-union.org\/regional-conferences-approve-womens-quota\">Am\u00e9rique latine et Cara\u00efbes<\/a>, et <a href=\"http:\/\/www.industriall-union.org\/fr\/une-conference-asie-pacifique-appelle-lattention-sur-les-luttes-et-la-representation-des-femmes\">Asie-Pacifique<\/a>) o\u00f9 les participant(e)s ont adopt\u00e9 une r\u00e9solution pour une proportion de 40 pour cent de femmes \u00e0 tous les niveaux de IndustriALL. Cela s&rsquo;applique au Congr\u00e8s, au Comit\u00e9 ex\u00e9cutif, pour le Pr\u00e9sident et les vice-pr\u00e9sidents, le Secr\u00e9taire g\u00e9n\u00e9ral et les secr\u00e9taires g\u00e9n\u00e9raux adjoints.<\/p><p>Malgr\u00e9 les r\u00e9serves de certains affili\u00e9s sur la possibilit\u00e9 d&rsquo;obtenir 40 pour cent de repr\u00e9sentation, on a quelques exemples positifs d&rsquo;exp\u00e9riences syndicales. Les d\u00e9l\u00e9gu\u00e9(e)s ont appris que les 400 membres qui participaient \u00e0 la r\u00e9cente conf\u00e9rence des femmes du CNQ-CUT au Br\u00e9sil, ont \u00e9t\u00e9 \u00e0 l&rsquo;origine d&rsquo;une demande pr\u00e9sent\u00e9e aux employeurs pour que 30 pour cent des personnes nouvellement embauch\u00e9es soient des femmes. Brigitte Capelle du syndicat fran\u00e7ais des m\u00e9tallurgistes de FO, a d\u00e9clar\u00e9 que les entreprises fran\u00e7aises incluent maintenant dans l&rsquo;\u00e9tablissement de leurs rapports des chiffres sur le recrutement et le d\u00e9veloppement des carri\u00e8res, qui permettent aux syndicats d&rsquo;analyser les obstacles au progr\u00e8s des femmes au travail. Ils ont trouv\u00e9 qu&rsquo;il y a trop de femmes dans certains domaines et pas suffisamment dans d&rsquo;autres.<\/p><p>La tenue de la Conf\u00e9rence mondiale des femmes du 14 au 16 septembre 2015 \u00e0 Vienne, Autriche, a \u00e9t\u00e9 confirm\u00e9e. Le th\u00e8me central, qui sera peaufin\u00e9 au cours des prochains mois, est &ldquo;Transformation des structures par la position dominante des femmes&rdquo;. Les obstacles \u00e0 la repr\u00e9sentation des femmes, notamment le sexisme et la direction assum\u00e9e par les femmes seront \u00e9galement inscrits \u00e0 l&rsquo;ordre du jour.<\/p><p>Le Comit\u00e9 des femmes a d\u00e9cid\u00e9 de continuer \u00e0 collecter des donn\u00e9es aupr\u00e8s des affili\u00e9s et de leur demander de r\u00e9pondre au questionnaire sur la pr\u00e9sence des femmes dans leurs syndicats.<\/p><p>Le groupe de travail sur la participation des femmes, qui s&rsquo;est r\u00e9uni dans l&rsquo;apr\u00e8s-midi, a demand\u00e9 d&rsquo;obtenir les renseignements suivants pour lui permettre d&rsquo;accomplir son travail:<\/p><ul><li>Statistiques sur la pr\u00e9sence des femmes dans les secteurs de IndustriALL<\/li><li>Chiffres sur la pr\u00e9sence des femmes au secr\u00e9tariat de IndustriALL<\/li><li>R\u00e9partition des pr\u00e9sidences et copr\u00e9sidences dans chaque secteur<\/li><li>R\u00e9glementation sur la participation des femmes dans d&rsquo;autres f\u00e9d\u00e9ration syndicales internationales et \u00e0 la CSI<\/li><\/ul><p>Le groupe de travail a demand\u00e9 \u00e9galement un d\u00e9bat sur:<\/p><ul><li>Les statuts de IndustriALL<\/li><li>Changements de politique pour am\u00e9liorer la participation des femmes<\/li><li>Meilleurs moyens de financer et de renforcer la capacit\u00e9 des femmes<\/li><li>D\u00e9cisions administratives devant \u00eatre prises par le Comit\u00e9 ex\u00e9cutif<\/li><li>Que doivent faire les r\u00e9unions sectorielles en plus des postes de co-pr\u00e9sidence<\/li><li>Prochaines \u00e9tapes \u00e0 entreprendre par le Comit\u00e9 des femmes, en consultation avec les affili\u00e9s<\/li><\/ul><p>La pr\u00e9sidente, Christina Olivier, du syndicat sud-africain des m\u00e9tallurgistes, NUMSA, rendra compte \u00e0 la r\u00e9union du Comit\u00e9 ex\u00e9cutif qui aura lieu \u00e0 Gen\u00e8ve, les 25 et 26 juin.<\/p>","protected":false},"featured_media":0,"template":"","issues":[397],"companies":[],"regions":[],"sectors":[],"article_tags":[511],"class_list":["post-152200","article","type-article","status-publish","hentry","issues-women","article_tags-industriall"],"acf":[],"yoast_head":"<!-- This site is optimized with the Yoast SEO Premium plugin v27.1 (Yoast SEO v27.1) - https:\/\/yoast.com\/product\/yoast-seo-premium-wordpress\/ -->\n<title>IndustriALL doit faire avancer la repr\u00e9sentation des femmes - industriall-union<\/title>\n<meta name=\"description\" content=\"Monica Veloso de l&rsquo;affili\u00e9 de IndustriALL, CNTM Br\u00e9sil, a d\u00e9clar\u00e9 que IndustriALL a la possibilit\u00e9 de pr\u00e9senter une vision novatrice. &ldquo;Nous\" \/>\n<meta name=\"robots\" content=\"index, follow, max-snippet:-1, max-image-preview:large, max-video-preview:-1\" \/>\n<link rel=\"canonical\" href=\"https:\/\/admin.industriall-union.org\/fr\/industriall-doit-faire-avancer-la-representation-des-femmes\/\" \/>\n<meta property=\"og:locale\" content=\"fr_FR\" \/>\n<meta property=\"og:type\" content=\"article\" \/>\n<meta property=\"og:title\" content=\"IndustriALL doit faire avancer la repr\u00e9sentation des femmes\" \/>\n<meta property=\"og:description\" content=\"Monica Veloso de l&rsquo;affili\u00e9 de IndustriALL, CNTM Br\u00e9sil, a d\u00e9clar\u00e9 que IndustriALL a la possibilit\u00e9 de pr\u00e9senter une vision novatrice. &ldquo;Nous\" \/>\n<meta property=\"og:url\" content=\"https:\/\/admin.industriall-union.org\/fr\/industriall-doit-faire-avancer-la-representation-des-femmes\/\" \/>\n<meta property=\"og:site_name\" content=\"industriall-union\" \/>\n<meta property=\"article:modified_time\" content=\"2025-02-08T00:19:59+00:00\" \/>\n<meta name=\"twitter:card\" content=\"summary_large_image\" \/>\n<meta name=\"twitter:label1\" content=\"Est. reading time\" \/>\n\t<meta name=\"twitter:data1\" content=\"3 minutes\" \/>\n<script type=\"application\/ld+json\" class=\"yoast-schema-graph\">{\"@context\":\"https:\/\/schema.org\",\"@graph\":[{\"@type\":\"WebPage\",\"@id\":\"https:\/\/admin.industriall-union.org\/fr\/industriall-doit-faire-avancer-la-representation-des-femmes\/\",\"url\":\"https:\/\/admin.industriall-union.org\/fr\/industriall-doit-faire-avancer-la-representation-des-femmes\/\",\"name\":\"IndustriALL doit faire avancer la repr\u00e9sentation des femmes - industriall-union\",\"isPartOf\":{\"@id\":\"https:\/\/admin.industriall-union.org\/#website\"},\"datePublished\":\"2014-06-24T08:27:58+00:00\",\"dateModified\":\"2025-02-08T00:19:59+00:00\",\"description\":\"Monica Veloso de l&rsquo;affili\u00e9 de IndustriALL, CNTM Br\u00e9sil, a d\u00e9clar\u00e9 que IndustriALL a la possibilit\u00e9 de pr\u00e9senter une vision novatrice. &ldquo;Nous\",\"breadcrumb\":{\"@id\":\"https:\/\/admin.industriall-union.org\/fr\/industriall-doit-faire-avancer-la-representation-des-femmes\/#breadcrumb\"},\"inLanguage\":\"fr-FR\",\"potentialAction\":[{\"@type\":\"ReadAction\",\"target\":[\"https:\/\/admin.industriall-union.org\/fr\/industriall-doit-faire-avancer-la-representation-des-femmes\/\"]}]},{\"@type\":\"BreadcrumbList\",\"@id\":\"https:\/\/admin.industriall-union.org\/fr\/industriall-doit-faire-avancer-la-representation-des-femmes\/#breadcrumb\",\"itemListElement\":[{\"@type\":\"ListItem\",\"position\":1,\"name\":\"Home\",\"item\":\"https:\/\/admin.industriall-union.org\/\"},{\"@type\":\"ListItem\",\"position\":2,\"name\":\"Articles\",\"item\":\"https:\/\/admin.industriall-union.org\/article\/\"},{\"@type\":\"ListItem\",\"position\":3,\"name\":\"IndustriALL doit faire avancer la repr\u00e9sentation des femmes\"}]},{\"@type\":\"WebSite\",\"@id\":\"https:\/\/admin.industriall-union.org\/#website\",\"url\":\"https:\/\/admin.industriall-union.org\/\",\"name\":\"industriall-union\",\"description\":\"\",\"potentialAction\":[{\"@type\":\"SearchAction\",\"target\":{\"@type\":\"EntryPoint\",\"urlTemplate\":\"https:\/\/admin.industriall-union.org\/?s={search_term_string}\"},\"query-input\":{\"@type\":\"PropertyValueSpecification\",\"valueRequired\":true,\"valueName\":\"search_term_string\"}}],\"inLanguage\":\"fr-FR\"}]}<\/script>\n<!-- \/ Yoast SEO Premium plugin. -->","yoast_head_json":{"title":"IndustriALL doit faire avancer la repr\u00e9sentation des femmes - industriall-union","description":"Monica Veloso de l&rsquo;affili\u00e9 de IndustriALL, CNTM Br\u00e9sil, a d\u00e9clar\u00e9 que IndustriALL a la possibilit\u00e9 de pr\u00e9senter une vision novatrice. &ldquo;Nous","robots":{"index":"index","follow":"follow","max-snippet":"max-snippet:-1","max-image-preview":"max-image-preview:large","max-video-preview":"max-video-preview:-1"},"canonical":"https:\/\/admin.industriall-union.org\/fr\/industriall-doit-faire-avancer-la-representation-des-femmes\/","og_locale":"fr_FR","og_type":"article","og_title":"IndustriALL doit faire avancer la repr\u00e9sentation des femmes","og_description":"Monica Veloso de l&rsquo;affili\u00e9 de IndustriALL, CNTM Br\u00e9sil, a d\u00e9clar\u00e9 que IndustriALL a la possibilit\u00e9 de pr\u00e9senter une vision novatrice. &ldquo;Nous","og_url":"https:\/\/admin.industriall-union.org\/fr\/industriall-doit-faire-avancer-la-representation-des-femmes\/","og_site_name":"industriall-union","article_modified_time":"2025-02-08T00:19:59+00:00","twitter_card":"summary_large_image","twitter_misc":{"Est. reading time":"3 minutes"},"schema":{"@context":"https:\/\/schema.org","@graph":[{"@type":"WebPage","@id":"https:\/\/admin.industriall-union.org\/fr\/industriall-doit-faire-avancer-la-representation-des-femmes\/","url":"https:\/\/admin.industriall-union.org\/fr\/industriall-doit-faire-avancer-la-representation-des-femmes\/","name":"IndustriALL doit faire avancer la repr\u00e9sentation des femmes - industriall-union","isPartOf":{"@id":"https:\/\/admin.industriall-union.org\/#website"},"datePublished":"2014-06-24T08:27:58+00:00","dateModified":"2025-02-08T00:19:59+00:00","description":"Monica Veloso de l&rsquo;affili\u00e9 de IndustriALL, CNTM Br\u00e9sil, a d\u00e9clar\u00e9 que IndustriALL a la possibilit\u00e9 de pr\u00e9senter une vision novatrice. &ldquo;Nous","breadcrumb":{"@id":"https:\/\/admin.industriall-union.org\/fr\/industriall-doit-faire-avancer-la-representation-des-femmes\/#breadcrumb"},"inLanguage":"fr-FR","potentialAction":[{"@type":"ReadAction","target":["https:\/\/admin.industriall-union.org\/fr\/industriall-doit-faire-avancer-la-representation-des-femmes\/"]}]},{"@type":"BreadcrumbList","@id":"https:\/\/admin.industriall-union.org\/fr\/industriall-doit-faire-avancer-la-representation-des-femmes\/#breadcrumb","itemListElement":[{"@type":"ListItem","position":1,"name":"Home","item":"https:\/\/admin.industriall-union.org\/"},{"@type":"ListItem","position":2,"name":"Articles","item":"https:\/\/admin.industriall-union.org\/article\/"},{"@type":"ListItem","position":3,"name":"IndustriALL doit faire avancer la repr\u00e9sentation des femmes"}]},{"@type":"WebSite","@id":"https:\/\/admin.industriall-union.org\/#website","url":"https:\/\/admin.industriall-union.org\/","name":"industriall-union","description":"","potentialAction":[{"@type":"SearchAction","target":{"@type":"EntryPoint","urlTemplate":"https:\/\/admin.industriall-union.org\/?s={search_term_string}"},"query-input":{"@type":"PropertyValueSpecification","valueRequired":true,"valueName":"search_term_string"}}],"inLanguage":"fr-FR"}]}},"_links":{"self":[{"href":"https:\/\/admin.industriall-union.org\/fr\/wp-json\/wp\/v2\/article\/152200","targetHints":{"allow":["GET"]}}],"collection":[{"href":"https:\/\/admin.industriall-union.org\/fr\/wp-json\/wp\/v2\/article"}],"about":[{"href":"https:\/\/admin.industriall-union.org\/fr\/wp-json\/wp\/v2\/types\/article"}],"wp:attachment":[{"href":"https:\/\/admin.industriall-union.org\/fr\/wp-json\/wp\/v2\/media?parent=152200"}],"wp:term":[{"taxonomy":"issues","embeddable":true,"href":"https:\/\/admin.industriall-union.org\/fr\/wp-json\/wp\/v2\/issues?post=152200"},{"taxonomy":"companies","embeddable":true,"href":"https:\/\/admin.industriall-union.org\/fr\/wp-json\/wp\/v2\/companies?post=152200"},{"taxonomy":"regions","embeddable":true,"href":"https:\/\/admin.industriall-union.org\/fr\/wp-json\/wp\/v2\/regions?post=152200"},{"taxonomy":"sectors","embeddable":true,"href":"https:\/\/admin.industriall-union.org\/fr\/wp-json\/wp\/v2\/sectors?post=152200"},{"taxonomy":"article_tags","embeddable":true,"href":"https:\/\/admin.industriall-union.org\/fr\/wp-json\/wp\/v2\/article_tags?post=152200"}],"curies":[{"name":"wp","href":"https:\/\/api.w.org\/{rel}","templated":true}]}}