{"id":152185,"date":"2014-06-26T13:43:16","date_gmt":"2014-06-26T13:43:16","guid":{"rendered":"https:\/\/admin.industriall-union.org\/les-affilies-de-industriall-affirment-leur-solidarite-avec-les-travailleurs-de-samsung\/"},"modified":"2025-02-07T23:53:24","modified_gmt":"2025-02-07T23:53:24","slug":"les-affilies-de-industriall-affirment-leur-solidarite-avec-les-travailleurs-de-samsung","status":"publish","type":"article","link":"https:\/\/admin.industriall-union.org\/fr\/les-affilies-de-industriall-affirment-leur-solidarite-avec-les-travailleurs-de-samsung\/","title":{"rendered":"Les affili\u00e9s de IndustriALL affirment leur solidarit\u00e9 avec les travailleurs de Samsung"},"content":{"rendered":"<p>Les syndicalistes appartenant aux affili\u00e9s de IndustriALL au Comit\u00e9 ex\u00e9cutif du syndicat mondial, r\u00e9uni \u00e0 Gen\u00e8ve, Suisse, ont pos\u00e9 pour des photos et montrer ainsi leur solidarit\u00e9 avec les salari\u00e9s de Samsung.<\/p><p>Samsung observe depuis 75 ans une politique pr\u00f4nant l&rsquo;absence de syndicat, mais l&rsquo;affili\u00e9 de&nbsp; IndustriALL, le syndicat cor\u00e9en des m\u00e9tallurgistes (KMWU), a brav\u00e9 le diktat avec la cr\u00e9ation de la section locale des travailleurs des services de l&rsquo;\u00e9lectronique de Samsung. C&rsquo;est la premi\u00e8re organisation syndicale de masse chez Samsung en Cor\u00e9e.<\/p><p>La section du KMWU a \u00e9t\u00e9 impliqu\u00e9e dans un conflit du travail avec l&rsquo;entreprise pendant plusieurs mois, avec des gr\u00e8ves tournantes, pour exiger que Samsung mette fin aux salaires de mis\u00e8re, respecte les droits syndicaux et signe une convention collective pour les 1.600 travailleurs et travailleuses syndiqu\u00e9(e)s.<\/p><p>Apr\u00e8s avoir \u00e9vit\u00e9 durant des mois la convention collective, Samsung a commenc\u00e9 \u00e0 se venger des salari\u00e9s en r\u00e9affectant \u00e0 leurs postes de travail les personnes non-syndiqu\u00e9es et en fermant trois centres syndiqu\u00e9s (Haeundae, Asan et Icheon) avec une mise \u00e0 pied massive en mars de ces salari\u00e9s.<\/p><p>R\u00e9duit au d\u00e9sespoir par l&rsquo;attitude de l&rsquo;entreprise, le dirigeant syndical local du KMWU, Ho-seok Yeom, \u00e2g\u00e9 de 33 ans, s&rsquo;est suicid\u00e9 le 17 mai 2014. Il a laiss\u00e9 <a href=\"http:\/\/kmwu.kr\/en\/159\">une note<\/a> dans laquelle il demandait que son corps soit laiss\u00e9 en l&rsquo;\u00e9tat, et non incin\u00e9r\u00e9, jusqu&rsquo;\u00e0 la victoire de la lutte pour les droits syndicaux chez Samsung. En d\u00e9pit de son v\u0153u, les forces de police ont emport\u00e9 de force sa d\u00e9pouille.<\/p><p>L&rsquo;absence de respect pour la volont\u00e9 du dirigeant disparu et la r\u00e9pression grandissante contre les syndicalistes indiquent que la Cor\u00e9e du Sud est en train de retourner \u00e0 son pass\u00e9 autoritaire. Un soutien international est n\u00e9cessaire de toute urgence. Soutenez la campagne et signez la <a href=\"http:\/\/www.labourstartcampaigns.net\/show_campaign2014.cgi?c=2326\">p\u00e9tition de LabourStart<\/a>.&nbsp;<\/p>","protected":false},"featured_media":0,"template":"","issues":[406,422,409,420,424,425],"companies":[118],"regions":[170],"sectors":[490],"article_tags":[513],"class_list":["post-152185","article","type-article","status-publish","hentry","issues-confronting-global-capital","issues-human-trade-union-rights","issues-multinational-companies-mncs","issues-solidarity","issues-violation","issues-workers-rights","companies-samsung","regions-korea","sectors-ict-electrical-and-electronics","article_tags-labour-laws"],"acf":[],"yoast_head":"<!-- This site is optimized with the Yoast SEO Premium plugin v27.1 (Yoast SEO v27.1) - https:\/\/yoast.com\/product\/yoast-seo-premium-wordpress\/ -->\n<title>Les affili\u00e9s de IndustriALL affirment leur solidarit\u00e9 avec les travailleurs de Samsung - industriall-union<\/title>\n<meta name=\"description\" content=\"Les syndicalistes appartenant aux affili\u00e9s de IndustriALL au Comit\u00e9 ex\u00e9cutif du syndicat mondial, r\u00e9uni \u00e0 Gen\u00e8ve, Suisse, ont pos\u00e9 pour des photos et\" \/>\n<meta name=\"robots\" content=\"index, follow, max-snippet:-1, max-image-preview:large, max-video-preview:-1\" \/>\n<link rel=\"canonical\" href=\"https:\/\/admin.industriall-union.org\/fr\/les-affilies-de-industriall-affirment-leur-solidarite-avec-les-travailleurs-de-samsung\/\" \/>\n<meta property=\"og:locale\" content=\"fr_FR\" \/>\n<meta property=\"og:type\" content=\"article\" \/>\n<meta property=\"og:title\" content=\"Les affili\u00e9s de IndustriALL affirment leur solidarit\u00e9 avec les travailleurs de Samsung\" \/>\n<meta property=\"og:description\" content=\"Les syndicalistes appartenant aux affili\u00e9s de IndustriALL au Comit\u00e9 ex\u00e9cutif du syndicat mondial, r\u00e9uni \u00e0 Gen\u00e8ve, Suisse, ont pos\u00e9 pour des photos et\" \/>\n<meta property=\"og:url\" content=\"https:\/\/admin.industriall-union.org\/fr\/les-affilies-de-industriall-affirment-leur-solidarite-avec-les-travailleurs-de-samsung\/\" \/>\n<meta property=\"og:site_name\" content=\"industriall-union\" \/>\n<meta property=\"article:modified_time\" content=\"2025-02-07T23:53:24+00:00\" \/>\n<meta name=\"twitter:card\" content=\"summary_large_image\" \/>\n<meta name=\"twitter:label1\" content=\"Est. reading time\" \/>\n\t<meta name=\"twitter:data1\" content=\"2 minutes\" \/>\n<script type=\"application\/ld+json\" class=\"yoast-schema-graph\">{\"@context\":\"https:\/\/schema.org\",\"@graph\":[{\"@type\":\"WebPage\",\"@id\":\"https:\/\/admin.industriall-union.org\/fr\/les-affilies-de-industriall-affirment-leur-solidarite-avec-les-travailleurs-de-samsung\/\",\"url\":\"https:\/\/admin.industriall-union.org\/fr\/les-affilies-de-industriall-affirment-leur-solidarite-avec-les-travailleurs-de-samsung\/\",\"name\":\"Les affili\u00e9s de IndustriALL affirment leur solidarit\u00e9 avec les travailleurs de Samsung - industriall-union\",\"isPartOf\":{\"@id\":\"https:\/\/admin.industriall-union.org\/#website\"},\"datePublished\":\"2014-06-26T13:43:16+00:00\",\"dateModified\":\"2025-02-07T23:53:24+00:00\",\"description\":\"Les syndicalistes appartenant aux affili\u00e9s de IndustriALL au Comit\u00e9 ex\u00e9cutif du syndicat mondial, r\u00e9uni \u00e0 Gen\u00e8ve, Suisse, ont pos\u00e9 pour des photos et\",\"breadcrumb\":{\"@id\":\"https:\/\/admin.industriall-union.org\/fr\/les-affilies-de-industriall-affirment-leur-solidarite-avec-les-travailleurs-de-samsung\/#breadcrumb\"},\"inLanguage\":\"fr-FR\",\"potentialAction\":[{\"@type\":\"ReadAction\",\"target\":[\"https:\/\/admin.industriall-union.org\/fr\/les-affilies-de-industriall-affirment-leur-solidarite-avec-les-travailleurs-de-samsung\/\"]}]},{\"@type\":\"BreadcrumbList\",\"@id\":\"https:\/\/admin.industriall-union.org\/fr\/les-affilies-de-industriall-affirment-leur-solidarite-avec-les-travailleurs-de-samsung\/#breadcrumb\",\"itemListElement\":[{\"@type\":\"ListItem\",\"position\":1,\"name\":\"Home\",\"item\":\"https:\/\/admin.industriall-union.org\/\"},{\"@type\":\"ListItem\",\"position\":2,\"name\":\"Articles\",\"item\":\"https:\/\/admin.industriall-union.org\/article\/\"},{\"@type\":\"ListItem\",\"position\":3,\"name\":\"Les affili\u00e9s de IndustriALL affirment leur solidarit\u00e9 avec les travailleurs de Samsung\"}]},{\"@type\":\"WebSite\",\"@id\":\"https:\/\/admin.industriall-union.org\/#website\",\"url\":\"https:\/\/admin.industriall-union.org\/\",\"name\":\"industriall-union\",\"description\":\"\",\"potentialAction\":[{\"@type\":\"SearchAction\",\"target\":{\"@type\":\"EntryPoint\",\"urlTemplate\":\"https:\/\/admin.industriall-union.org\/?s={search_term_string}\"},\"query-input\":{\"@type\":\"PropertyValueSpecification\",\"valueRequired\":true,\"valueName\":\"search_term_string\"}}],\"inLanguage\":\"fr-FR\"}]}<\/script>\n<!-- \/ Yoast SEO Premium plugin. -->","yoast_head_json":{"title":"Les affili\u00e9s de IndustriALL affirment leur solidarit\u00e9 avec les travailleurs de Samsung - industriall-union","description":"Les syndicalistes appartenant aux affili\u00e9s de IndustriALL au Comit\u00e9 ex\u00e9cutif du syndicat mondial, r\u00e9uni \u00e0 Gen\u00e8ve, Suisse, ont pos\u00e9 pour des photos et","robots":{"index":"index","follow":"follow","max-snippet":"max-snippet:-1","max-image-preview":"max-image-preview:large","max-video-preview":"max-video-preview:-1"},"canonical":"https:\/\/admin.industriall-union.org\/fr\/les-affilies-de-industriall-affirment-leur-solidarite-avec-les-travailleurs-de-samsung\/","og_locale":"fr_FR","og_type":"article","og_title":"Les affili\u00e9s de IndustriALL affirment leur solidarit\u00e9 avec les travailleurs de Samsung","og_description":"Les syndicalistes appartenant aux affili\u00e9s de IndustriALL au Comit\u00e9 ex\u00e9cutif du syndicat mondial, r\u00e9uni \u00e0 Gen\u00e8ve, Suisse, ont pos\u00e9 pour des photos et","og_url":"https:\/\/admin.industriall-union.org\/fr\/les-affilies-de-industriall-affirment-leur-solidarite-avec-les-travailleurs-de-samsung\/","og_site_name":"industriall-union","article_modified_time":"2025-02-07T23:53:24+00:00","twitter_card":"summary_large_image","twitter_misc":{"Est. reading time":"2 minutes"},"schema":{"@context":"https:\/\/schema.org","@graph":[{"@type":"WebPage","@id":"https:\/\/admin.industriall-union.org\/fr\/les-affilies-de-industriall-affirment-leur-solidarite-avec-les-travailleurs-de-samsung\/","url":"https:\/\/admin.industriall-union.org\/fr\/les-affilies-de-industriall-affirment-leur-solidarite-avec-les-travailleurs-de-samsung\/","name":"Les affili\u00e9s de IndustriALL affirment leur solidarit\u00e9 avec les travailleurs de Samsung - industriall-union","isPartOf":{"@id":"https:\/\/admin.industriall-union.org\/#website"},"datePublished":"2014-06-26T13:43:16+00:00","dateModified":"2025-02-07T23:53:24+00:00","description":"Les syndicalistes appartenant aux affili\u00e9s de IndustriALL au Comit\u00e9 ex\u00e9cutif du syndicat mondial, r\u00e9uni \u00e0 Gen\u00e8ve, Suisse, ont pos\u00e9 pour des photos et","breadcrumb":{"@id":"https:\/\/admin.industriall-union.org\/fr\/les-affilies-de-industriall-affirment-leur-solidarite-avec-les-travailleurs-de-samsung\/#breadcrumb"},"inLanguage":"fr-FR","potentialAction":[{"@type":"ReadAction","target":["https:\/\/admin.industriall-union.org\/fr\/les-affilies-de-industriall-affirment-leur-solidarite-avec-les-travailleurs-de-samsung\/"]}]},{"@type":"BreadcrumbList","@id":"https:\/\/admin.industriall-union.org\/fr\/les-affilies-de-industriall-affirment-leur-solidarite-avec-les-travailleurs-de-samsung\/#breadcrumb","itemListElement":[{"@type":"ListItem","position":1,"name":"Home","item":"https:\/\/admin.industriall-union.org\/"},{"@type":"ListItem","position":2,"name":"Articles","item":"https:\/\/admin.industriall-union.org\/article\/"},{"@type":"ListItem","position":3,"name":"Les affili\u00e9s de IndustriALL affirment leur solidarit\u00e9 avec les travailleurs de Samsung"}]},{"@type":"WebSite","@id":"https:\/\/admin.industriall-union.org\/#website","url":"https:\/\/admin.industriall-union.org\/","name":"industriall-union","description":"","potentialAction":[{"@type":"SearchAction","target":{"@type":"EntryPoint","urlTemplate":"https:\/\/admin.industriall-union.org\/?s={search_term_string}"},"query-input":{"@type":"PropertyValueSpecification","valueRequired":true,"valueName":"search_term_string"}}],"inLanguage":"fr-FR"}]}},"_links":{"self":[{"href":"https:\/\/admin.industriall-union.org\/fr\/wp-json\/wp\/v2\/article\/152185","targetHints":{"allow":["GET"]}}],"collection":[{"href":"https:\/\/admin.industriall-union.org\/fr\/wp-json\/wp\/v2\/article"}],"about":[{"href":"https:\/\/admin.industriall-union.org\/fr\/wp-json\/wp\/v2\/types\/article"}],"wp:attachment":[{"href":"https:\/\/admin.industriall-union.org\/fr\/wp-json\/wp\/v2\/media?parent=152185"}],"wp:term":[{"taxonomy":"issues","embeddable":true,"href":"https:\/\/admin.industriall-union.org\/fr\/wp-json\/wp\/v2\/issues?post=152185"},{"taxonomy":"companies","embeddable":true,"href":"https:\/\/admin.industriall-union.org\/fr\/wp-json\/wp\/v2\/companies?post=152185"},{"taxonomy":"regions","embeddable":true,"href":"https:\/\/admin.industriall-union.org\/fr\/wp-json\/wp\/v2\/regions?post=152185"},{"taxonomy":"sectors","embeddable":true,"href":"https:\/\/admin.industriall-union.org\/fr\/wp-json\/wp\/v2\/sectors?post=152185"},{"taxonomy":"article_tags","embeddable":true,"href":"https:\/\/admin.industriall-union.org\/fr\/wp-json\/wp\/v2\/article_tags?post=152185"}],"curies":[{"name":"wp","href":"https:\/\/api.w.org\/{rel}","templated":true}]}}