{"id":152180,"date":"2014-07-01T12:24:39","date_gmt":"2014-07-01T12:24:39","guid":{"rendered":"https:\/\/admin.industriall-union.org\/numsa-declenche-une-greve-massive-en-afrique-du-sud\/"},"modified":"2025-02-07T23:47:55","modified_gmt":"2025-02-07T23:47:55","slug":"numsa-declenche-une-greve-massive-en-afrique-du-sud","status":"publish","type":"article","link":"https:\/\/admin.industriall-union.org\/fr\/numsa-declenche-une-greve-massive-en-afrique-du-sud\/","title":{"rendered":"Numsa d\u00e9clenche une gr\u00e8ve massive en Afrique du Sud"},"content":{"rendered":"<p>&ldquo;Cela n&rsquo;a pas \u00e9t\u00e9 une d\u00e9cision facile \u00e0 prendre, mais au contraire douloureuse,&rdquo; indique Numsa dans une d\u00e9claration du Comit\u00e9 ex\u00e9cutif national lors d&rsquo;une r\u00e9union organis\u00e9e la semaine derni\u00e8re. &ldquo;Nous n&rsquo;avons jamais eu pour objectif de faire gr\u00e8ve; cette gr\u00e8ve nous a \u00e9t\u00e9 impos\u00e9e. Nous devons nous servir de la gr\u00e8ve dans le cadre d&rsquo;une tactique visant \u00e0 exercer une pression organisationnelle sur les patrons, pour qu&rsquo;ils reprennent les n\u00e9gociations et pr\u00e9sentent une offre acceptable pour nos membres.&rdquo;<\/p><p>Numsa est en conflit depuis la fin mai apr\u00e8s deux mois de n\u00e9gociations avec les organes patronaux sous l&rsquo;\u00e9gide du Conseil de n\u00e9gociation du m\u00e9tal et de l&rsquo;ing\u00e9nierie (MEIBC) sans parvenir \u00e0 un accord. Les travailleurs et travailleuses demandaient \u00e0 l&rsquo;origine une hausse de 15 pour cent des salaires, qui fut ensuite r\u00e9duite \u00e0 12 pour cent quand le conflit a \u00e9t\u00e9 d\u00e9clar\u00e9. Les 220.000 membres en gr\u00e8ve de Numsa repr\u00e9sentent environ la moiti\u00e9 de toute la main-d&rsquo;\u0153uvre dans ces secteurs.<\/p><p>Numsa demande \u00e9galement que la convention collective avec le MEIBC s&rsquo;applique pendant un an et non pour une p\u00e9riode de trois ans comme cela a \u00e9t\u00e9 le cas auparavant. Le syndicat veut que les employeurs acceptent de ne plus s&rsquo;adresser \u00e0 des soci\u00e9t\u00e9s d&rsquo;int\u00e9rim, et retire les clauses de court terme et de licenciement de l&rsquo;accord principal.<\/p>","protected":false},"featured_media":0,"template":"","issues":[],"companies":[],"regions":[350],"sectors":[481,475],"article_tags":[529],"class_list":["post-152180","article","type-article","status-publish","hentry","regions-south-africa","sectors-base-metals","sectors-mechanical-engineering","article_tags-strike"],"acf":[],"yoast_head":"<!-- This site is optimized with the Yoast SEO Premium plugin v27.1 (Yoast SEO v27.1) - https:\/\/yoast.com\/product\/yoast-seo-premium-wordpress\/ -->\n<title>Numsa d\u00e9clenche une gr\u00e8ve massive en Afrique du Sud - industriall-union<\/title>\n<meta name=\"description\" content=\"&ldquo;Cela n&rsquo;a pas \u00e9t\u00e9 une d\u00e9cision facile \u00e0 prendre, mais au contraire douloureuse,&rdquo; indique Numsa dans une d\u00e9claration du Comit\u00e9 ex\u00e9cutif\" \/>\n<meta name=\"robots\" content=\"index, follow, max-snippet:-1, max-image-preview:large, max-video-preview:-1\" \/>\n<link rel=\"canonical\" href=\"https:\/\/admin.industriall-union.org\/fr\/numsa-declenche-une-greve-massive-en-afrique-du-sud\/\" \/>\n<meta property=\"og:locale\" content=\"fr_FR\" \/>\n<meta property=\"og:type\" content=\"article\" \/>\n<meta property=\"og:title\" content=\"Numsa d\u00e9clenche une gr\u00e8ve massive en Afrique du Sud\" \/>\n<meta property=\"og:description\" content=\"&ldquo;Cela n&rsquo;a pas \u00e9t\u00e9 une d\u00e9cision facile \u00e0 prendre, mais au contraire douloureuse,&rdquo; indique Numsa dans une d\u00e9claration du Comit\u00e9 ex\u00e9cutif\" \/>\n<meta property=\"og:url\" content=\"https:\/\/admin.industriall-union.org\/fr\/numsa-declenche-une-greve-massive-en-afrique-du-sud\/\" \/>\n<meta property=\"og:site_name\" content=\"industriall-union\" \/>\n<meta property=\"article:modified_time\" content=\"2025-02-07T23:47:55+00:00\" \/>\n<meta name=\"twitter:card\" content=\"summary_large_image\" \/>\n<meta name=\"twitter:label1\" content=\"Est. reading time\" \/>\n\t<meta name=\"twitter:data1\" content=\"1 minute\" \/>\n<script type=\"application\/ld+json\" class=\"yoast-schema-graph\">{\"@context\":\"https:\/\/schema.org\",\"@graph\":[{\"@type\":\"WebPage\",\"@id\":\"https:\/\/admin.industriall-union.org\/fr\/numsa-declenche-une-greve-massive-en-afrique-du-sud\/\",\"url\":\"https:\/\/admin.industriall-union.org\/fr\/numsa-declenche-une-greve-massive-en-afrique-du-sud\/\",\"name\":\"Numsa d\u00e9clenche une gr\u00e8ve massive en Afrique du Sud - industriall-union\",\"isPartOf\":{\"@id\":\"https:\/\/admin.industriall-union.org\/#website\"},\"datePublished\":\"2014-07-01T12:24:39+00:00\",\"dateModified\":\"2025-02-07T23:47:55+00:00\",\"description\":\"&ldquo;Cela n&rsquo;a pas \u00e9t\u00e9 une d\u00e9cision facile \u00e0 prendre, mais au contraire douloureuse,&rdquo; indique Numsa dans une d\u00e9claration du Comit\u00e9 ex\u00e9cutif\",\"breadcrumb\":{\"@id\":\"https:\/\/admin.industriall-union.org\/fr\/numsa-declenche-une-greve-massive-en-afrique-du-sud\/#breadcrumb\"},\"inLanguage\":\"fr-FR\",\"potentialAction\":[{\"@type\":\"ReadAction\",\"target\":[\"https:\/\/admin.industriall-union.org\/fr\/numsa-declenche-une-greve-massive-en-afrique-du-sud\/\"]}]},{\"@type\":\"BreadcrumbList\",\"@id\":\"https:\/\/admin.industriall-union.org\/fr\/numsa-declenche-une-greve-massive-en-afrique-du-sud\/#breadcrumb\",\"itemListElement\":[{\"@type\":\"ListItem\",\"position\":1,\"name\":\"Home\",\"item\":\"https:\/\/admin.industriall-union.org\/\"},{\"@type\":\"ListItem\",\"position\":2,\"name\":\"Articles\",\"item\":\"https:\/\/admin.industriall-union.org\/article\/\"},{\"@type\":\"ListItem\",\"position\":3,\"name\":\"Numsa d\u00e9clenche une gr\u00e8ve massive en Afrique du Sud\"}]},{\"@type\":\"WebSite\",\"@id\":\"https:\/\/admin.industriall-union.org\/#website\",\"url\":\"https:\/\/admin.industriall-union.org\/\",\"name\":\"industriall-union\",\"description\":\"\",\"potentialAction\":[{\"@type\":\"SearchAction\",\"target\":{\"@type\":\"EntryPoint\",\"urlTemplate\":\"https:\/\/admin.industriall-union.org\/?s={search_term_string}\"},\"query-input\":{\"@type\":\"PropertyValueSpecification\",\"valueRequired\":true,\"valueName\":\"search_term_string\"}}],\"inLanguage\":\"fr-FR\"}]}<\/script>\n<!-- \/ Yoast SEO Premium plugin. -->","yoast_head_json":{"title":"Numsa d\u00e9clenche une gr\u00e8ve massive en Afrique du Sud - industriall-union","description":"&ldquo;Cela n&rsquo;a pas \u00e9t\u00e9 une d\u00e9cision facile \u00e0 prendre, mais au contraire douloureuse,&rdquo; indique Numsa dans une d\u00e9claration du Comit\u00e9 ex\u00e9cutif","robots":{"index":"index","follow":"follow","max-snippet":"max-snippet:-1","max-image-preview":"max-image-preview:large","max-video-preview":"max-video-preview:-1"},"canonical":"https:\/\/admin.industriall-union.org\/fr\/numsa-declenche-une-greve-massive-en-afrique-du-sud\/","og_locale":"fr_FR","og_type":"article","og_title":"Numsa d\u00e9clenche une gr\u00e8ve massive en Afrique du Sud","og_description":"&ldquo;Cela n&rsquo;a pas \u00e9t\u00e9 une d\u00e9cision facile \u00e0 prendre, mais au contraire douloureuse,&rdquo; indique Numsa dans une d\u00e9claration du Comit\u00e9 ex\u00e9cutif","og_url":"https:\/\/admin.industriall-union.org\/fr\/numsa-declenche-une-greve-massive-en-afrique-du-sud\/","og_site_name":"industriall-union","article_modified_time":"2025-02-07T23:47:55+00:00","twitter_card":"summary_large_image","twitter_misc":{"Est. reading time":"1 minute"},"schema":{"@context":"https:\/\/schema.org","@graph":[{"@type":"WebPage","@id":"https:\/\/admin.industriall-union.org\/fr\/numsa-declenche-une-greve-massive-en-afrique-du-sud\/","url":"https:\/\/admin.industriall-union.org\/fr\/numsa-declenche-une-greve-massive-en-afrique-du-sud\/","name":"Numsa d\u00e9clenche une gr\u00e8ve massive en Afrique du Sud - industriall-union","isPartOf":{"@id":"https:\/\/admin.industriall-union.org\/#website"},"datePublished":"2014-07-01T12:24:39+00:00","dateModified":"2025-02-07T23:47:55+00:00","description":"&ldquo;Cela n&rsquo;a pas \u00e9t\u00e9 une d\u00e9cision facile \u00e0 prendre, mais au contraire douloureuse,&rdquo; indique Numsa dans une d\u00e9claration du Comit\u00e9 ex\u00e9cutif","breadcrumb":{"@id":"https:\/\/admin.industriall-union.org\/fr\/numsa-declenche-une-greve-massive-en-afrique-du-sud\/#breadcrumb"},"inLanguage":"fr-FR","potentialAction":[{"@type":"ReadAction","target":["https:\/\/admin.industriall-union.org\/fr\/numsa-declenche-une-greve-massive-en-afrique-du-sud\/"]}]},{"@type":"BreadcrumbList","@id":"https:\/\/admin.industriall-union.org\/fr\/numsa-declenche-une-greve-massive-en-afrique-du-sud\/#breadcrumb","itemListElement":[{"@type":"ListItem","position":1,"name":"Home","item":"https:\/\/admin.industriall-union.org\/"},{"@type":"ListItem","position":2,"name":"Articles","item":"https:\/\/admin.industriall-union.org\/article\/"},{"@type":"ListItem","position":3,"name":"Numsa d\u00e9clenche une gr\u00e8ve massive en Afrique du Sud"}]},{"@type":"WebSite","@id":"https:\/\/admin.industriall-union.org\/#website","url":"https:\/\/admin.industriall-union.org\/","name":"industriall-union","description":"","potentialAction":[{"@type":"SearchAction","target":{"@type":"EntryPoint","urlTemplate":"https:\/\/admin.industriall-union.org\/?s={search_term_string}"},"query-input":{"@type":"PropertyValueSpecification","valueRequired":true,"valueName":"search_term_string"}}],"inLanguage":"fr-FR"}]}},"_links":{"self":[{"href":"https:\/\/admin.industriall-union.org\/fr\/wp-json\/wp\/v2\/article\/152180","targetHints":{"allow":["GET"]}}],"collection":[{"href":"https:\/\/admin.industriall-union.org\/fr\/wp-json\/wp\/v2\/article"}],"about":[{"href":"https:\/\/admin.industriall-union.org\/fr\/wp-json\/wp\/v2\/types\/article"}],"wp:attachment":[{"href":"https:\/\/admin.industriall-union.org\/fr\/wp-json\/wp\/v2\/media?parent=152180"}],"wp:term":[{"taxonomy":"issues","embeddable":true,"href":"https:\/\/admin.industriall-union.org\/fr\/wp-json\/wp\/v2\/issues?post=152180"},{"taxonomy":"companies","embeddable":true,"href":"https:\/\/admin.industriall-union.org\/fr\/wp-json\/wp\/v2\/companies?post=152180"},{"taxonomy":"regions","embeddable":true,"href":"https:\/\/admin.industriall-union.org\/fr\/wp-json\/wp\/v2\/regions?post=152180"},{"taxonomy":"sectors","embeddable":true,"href":"https:\/\/admin.industriall-union.org\/fr\/wp-json\/wp\/v2\/sectors?post=152180"},{"taxonomy":"article_tags","embeddable":true,"href":"https:\/\/admin.industriall-union.org\/fr\/wp-json\/wp\/v2\/article_tags?post=152180"}],"curies":[{"name":"wp","href":"https:\/\/api.w.org\/{rel}","templated":true}]}}