{"id":152172,"date":"2014-07-07T13:10:40","date_gmt":"2014-07-07T13:10:40","guid":{"rendered":"https:\/\/admin.industriall-union.org\/industriall-condamne-les-vautours-qui-fondent-sur-la-dette-de-l-039-argentine\/"},"modified":"2025-02-07T23:44:08","modified_gmt":"2025-02-07T23:44:08","slug":"industriall-condamne-les-vautours-qui-fondent-sur-la-dette-de-l-039-argentine","status":"publish","type":"article","link":"https:\/\/admin.industriall-union.org\/fr\/industriall-condamne-les-vautours-qui-fondent-sur-la-dette-de-l-039-argentine\/","title":{"rendered":"IndustriALL condamne les vautours qui fondent sur la dette de l&#039;Argentine"},"content":{"rendered":"<p>\u00c0 la r\u00e9union du Comit\u00e9 ex\u00e9cutif qui s&#039;est tenue en juin \u00e0 Gen\u00e8ve, Francisco Gutierrez,&nbsp;le Secr\u00e9taire international de la Uni\u00f3n Obrera Metal\u00fargica (UOM), a attir\u00e9 l&#039;attention sur un jugement d&#039;un tribunal am\u00e9ricain qui fera date dans le conflit juridique qui oppose depuis 12 ans l&#039;Argentine \u00e0 ceux qui sp\u00e9culent sur la dette mondiale.<\/p><p>Au nom du Conseil national argentin des affili\u00e9s d&#039;IndustriALL, Francisco Gutierrez a averti que ce jugement pourrait \u00eatre lourd de cons\u00e9quences, non seulement pour l&#039;emploi et l&#039;\u00e9conomie en Argentine, mais aussi pour le syst\u00e8me financier mondial et pour d&#039;autres pays qui pourraient, \u00e0 l&#039;avenir, avoir plus de mal \u00e0 restructurer leur dette nationale.<\/p><p>La crise actuelle a son origine en 2001 lorsque, apr\u00e8s un effondrement \u00e9conomique qui a provoqu\u00e9 des ann\u00e9es de ch\u00f4mage massif et de pauvret\u00e9 g\u00e9n\u00e9ralis\u00e9e, l&#039;Argentine a cess\u00e9 d&#039;assurer le service de sa dette, laquelle avait \u00e9t\u00e9, dans une large mesure, creus\u00e9e auparavant par la dictature militaire et par les sp\u00e9culateurs financiers.<\/p><p>Au cours des dix ann\u00e9es qui ont suivi, l&#039;Argentine a pass\u00e9 avec 92 pour cent de ses cr\u00e9anciers un accord de restructuration de sa dette. Ce d\u00e9faut de paiement a donn\u00e9 \u00e0 l&#039;Argentine un r\u00e9pit dont elle avait grand besoin et entra\u00een\u00e9 une croissance et un d\u00e9veloppement rapides. Fin 2011, le pays atteignait un niveau d&#039;emploi record; il avait investi dans l&#039;\u00e9ducation et les infrastructures et r\u00e9duit le niveau de pauvret\u00e9 de pr\u00e8s de 70 pour cent.<\/p><p>Toutefois, une petite minorit\u00e9 de fonds sp\u00e9culatifs, qui avaient achet\u00e9 \u00e0 prix cass\u00e9s des titres de la dette publique apr\u00e8s le d\u00e9faut de paiement, ont refus\u00e9 tout accord et intent\u00e9 une action en justice pour obtenir le remboursement int\u00e9gral augment\u00e9 des int\u00e9r\u00eats. En 2005, le parlement argentin a vot\u00e9 une loi interdisant le remboursement des cr\u00e9anciers r\u00e9fractaires.<\/p><p>Or, un juge f\u00e9d\u00e9ral am\u00e9ricain vient d&#039;ordonner \u00e0 l&#039;Argentine de rembourser les fonds sp\u00e9culatifs. En outre, le jugement lui interdit aussi de rembourser ses autres cr\u00e9anciers si elle ne fait pas de m\u00eame pour les &quot;vautours&quot; et ordonne aux institutions financi\u00e8res am\u00e9ricaines de fournir des renseignements sur les avoirs de l&#039;Argentine dans le monde entier.<\/p><p>Le Comit\u00e9 ex\u00e9cutif d&#039;IndustriALL a exprim\u00e9 son soutien total \u00e0 l&#039;Argentine dans son combat pour la promotion d&#039;un d\u00e9veloppement \u00e9conomique durable face aux attaques d&#039;investisseurs cupides.<\/p>","protected":false},"featured_media":0,"template":"","issues":[406],"companies":[],"regions":[256],"sectors":[],"article_tags":[],"class_list":["post-152172","article","type-article","status-publish","hentry","issues-confronting-global-capital","regions-argentina"],"acf":[],"yoast_head":"<!-- This site is optimized with the Yoast SEO Premium plugin v27.1 (Yoast SEO v27.1) - https:\/\/yoast.com\/product\/yoast-seo-premium-wordpress\/ -->\n<title>IndustriALL condamne les vautours qui fondent sur la dette de l&#039;Argentine - industriall-union<\/title>\n<meta name=\"description\" content=\"\u00c0 la r\u00e9union du Comit\u00e9 ex\u00e9cutif qui s&#039;est tenue en juin \u00e0 Gen\u00e8ve, Francisco Gutierrez,&nbsp;le Secr\u00e9taire international de la Uni\u00f3n Obrera\" \/>\n<meta name=\"robots\" content=\"index, follow, max-snippet:-1, max-image-preview:large, max-video-preview:-1\" \/>\n<link rel=\"canonical\" href=\"https:\/\/admin.industriall-union.org\/fr\/industriall-condamne-les-vautours-qui-fondent-sur-la-dette-de-l-039-argentine\/\" \/>\n<meta property=\"og:locale\" content=\"fr_FR\" \/>\n<meta property=\"og:type\" content=\"article\" \/>\n<meta property=\"og:title\" content=\"IndustriALL condamne les vautours qui fondent sur la dette de l&#039;Argentine\" \/>\n<meta property=\"og:description\" content=\"\u00c0 la r\u00e9union du Comit\u00e9 ex\u00e9cutif qui s&#039;est tenue en juin \u00e0 Gen\u00e8ve, Francisco Gutierrez,&nbsp;le Secr\u00e9taire international de la Uni\u00f3n Obrera\" \/>\n<meta property=\"og:url\" content=\"https:\/\/admin.industriall-union.org\/fr\/industriall-condamne-les-vautours-qui-fondent-sur-la-dette-de-l-039-argentine\/\" \/>\n<meta property=\"og:site_name\" content=\"industriall-union\" \/>\n<meta property=\"article:modified_time\" content=\"2025-02-07T23:44:08+00:00\" \/>\n<meta name=\"twitter:card\" content=\"summary_large_image\" \/>\n<meta name=\"twitter:label1\" content=\"Est. reading time\" \/>\n\t<meta name=\"twitter:data1\" content=\"2 minutes\" \/>\n<script type=\"application\/ld+json\" class=\"yoast-schema-graph\">{\"@context\":\"https:\/\/schema.org\",\"@graph\":[{\"@type\":\"WebPage\",\"@id\":\"https:\/\/admin.industriall-union.org\/fr\/industriall-condamne-les-vautours-qui-fondent-sur-la-dette-de-l-039-argentine\/\",\"url\":\"https:\/\/admin.industriall-union.org\/fr\/industriall-condamne-les-vautours-qui-fondent-sur-la-dette-de-l-039-argentine\/\",\"name\":\"IndustriALL condamne les vautours qui fondent sur la dette de l&#039;Argentine - industriall-union\",\"isPartOf\":{\"@id\":\"https:\/\/admin.industriall-union.org\/#website\"},\"datePublished\":\"2014-07-07T13:10:40+00:00\",\"dateModified\":\"2025-02-07T23:44:08+00:00\",\"description\":\"\u00c0 la r\u00e9union du Comit\u00e9 ex\u00e9cutif qui s&#039;est tenue en juin \u00e0 Gen\u00e8ve, Francisco Gutierrez,&nbsp;le Secr\u00e9taire international de la Uni\u00f3n Obrera\",\"breadcrumb\":{\"@id\":\"https:\/\/admin.industriall-union.org\/fr\/industriall-condamne-les-vautours-qui-fondent-sur-la-dette-de-l-039-argentine\/#breadcrumb\"},\"inLanguage\":\"fr-FR\",\"potentialAction\":[{\"@type\":\"ReadAction\",\"target\":[\"https:\/\/admin.industriall-union.org\/fr\/industriall-condamne-les-vautours-qui-fondent-sur-la-dette-de-l-039-argentine\/\"]}]},{\"@type\":\"BreadcrumbList\",\"@id\":\"https:\/\/admin.industriall-union.org\/fr\/industriall-condamne-les-vautours-qui-fondent-sur-la-dette-de-l-039-argentine\/#breadcrumb\",\"itemListElement\":[{\"@type\":\"ListItem\",\"position\":1,\"name\":\"Home\",\"item\":\"https:\/\/admin.industriall-union.org\/\"},{\"@type\":\"ListItem\",\"position\":2,\"name\":\"Articles\",\"item\":\"https:\/\/admin.industriall-union.org\/article\/\"},{\"@type\":\"ListItem\",\"position\":3,\"name\":\"IndustriALL condamne les vautours qui fondent sur la dette de l&#039;Argentine\"}]},{\"@type\":\"WebSite\",\"@id\":\"https:\/\/admin.industriall-union.org\/#website\",\"url\":\"https:\/\/admin.industriall-union.org\/\",\"name\":\"industriall-union\",\"description\":\"\",\"potentialAction\":[{\"@type\":\"SearchAction\",\"target\":{\"@type\":\"EntryPoint\",\"urlTemplate\":\"https:\/\/admin.industriall-union.org\/?s={search_term_string}\"},\"query-input\":{\"@type\":\"PropertyValueSpecification\",\"valueRequired\":true,\"valueName\":\"search_term_string\"}}],\"inLanguage\":\"fr-FR\"}]}<\/script>\n<!-- \/ Yoast SEO Premium plugin. -->","yoast_head_json":{"title":"IndustriALL condamne les vautours qui fondent sur la dette de l&#039;Argentine - industriall-union","description":"\u00c0 la r\u00e9union du Comit\u00e9 ex\u00e9cutif qui s&#039;est tenue en juin \u00e0 Gen\u00e8ve, Francisco Gutierrez,&nbsp;le Secr\u00e9taire international de la Uni\u00f3n Obrera","robots":{"index":"index","follow":"follow","max-snippet":"max-snippet:-1","max-image-preview":"max-image-preview:large","max-video-preview":"max-video-preview:-1"},"canonical":"https:\/\/admin.industriall-union.org\/fr\/industriall-condamne-les-vautours-qui-fondent-sur-la-dette-de-l-039-argentine\/","og_locale":"fr_FR","og_type":"article","og_title":"IndustriALL condamne les vautours qui fondent sur la dette de l&#039;Argentine","og_description":"\u00c0 la r\u00e9union du Comit\u00e9 ex\u00e9cutif qui s&#039;est tenue en juin \u00e0 Gen\u00e8ve, Francisco Gutierrez,&nbsp;le Secr\u00e9taire international de la Uni\u00f3n Obrera","og_url":"https:\/\/admin.industriall-union.org\/fr\/industriall-condamne-les-vautours-qui-fondent-sur-la-dette-de-l-039-argentine\/","og_site_name":"industriall-union","article_modified_time":"2025-02-07T23:44:08+00:00","twitter_card":"summary_large_image","twitter_misc":{"Est. reading time":"2 minutes"},"schema":{"@context":"https:\/\/schema.org","@graph":[{"@type":"WebPage","@id":"https:\/\/admin.industriall-union.org\/fr\/industriall-condamne-les-vautours-qui-fondent-sur-la-dette-de-l-039-argentine\/","url":"https:\/\/admin.industriall-union.org\/fr\/industriall-condamne-les-vautours-qui-fondent-sur-la-dette-de-l-039-argentine\/","name":"IndustriALL condamne les vautours qui fondent sur la dette de l&#039;Argentine - industriall-union","isPartOf":{"@id":"https:\/\/admin.industriall-union.org\/#website"},"datePublished":"2014-07-07T13:10:40+00:00","dateModified":"2025-02-07T23:44:08+00:00","description":"\u00c0 la r\u00e9union du Comit\u00e9 ex\u00e9cutif qui s&#039;est tenue en juin \u00e0 Gen\u00e8ve, Francisco Gutierrez,&nbsp;le Secr\u00e9taire international de la Uni\u00f3n Obrera","breadcrumb":{"@id":"https:\/\/admin.industriall-union.org\/fr\/industriall-condamne-les-vautours-qui-fondent-sur-la-dette-de-l-039-argentine\/#breadcrumb"},"inLanguage":"fr-FR","potentialAction":[{"@type":"ReadAction","target":["https:\/\/admin.industriall-union.org\/fr\/industriall-condamne-les-vautours-qui-fondent-sur-la-dette-de-l-039-argentine\/"]}]},{"@type":"BreadcrumbList","@id":"https:\/\/admin.industriall-union.org\/fr\/industriall-condamne-les-vautours-qui-fondent-sur-la-dette-de-l-039-argentine\/#breadcrumb","itemListElement":[{"@type":"ListItem","position":1,"name":"Home","item":"https:\/\/admin.industriall-union.org\/"},{"@type":"ListItem","position":2,"name":"Articles","item":"https:\/\/admin.industriall-union.org\/article\/"},{"@type":"ListItem","position":3,"name":"IndustriALL condamne les vautours qui fondent sur la dette de l&#039;Argentine"}]},{"@type":"WebSite","@id":"https:\/\/admin.industriall-union.org\/#website","url":"https:\/\/admin.industriall-union.org\/","name":"industriall-union","description":"","potentialAction":[{"@type":"SearchAction","target":{"@type":"EntryPoint","urlTemplate":"https:\/\/admin.industriall-union.org\/?s={search_term_string}"},"query-input":{"@type":"PropertyValueSpecification","valueRequired":true,"valueName":"search_term_string"}}],"inLanguage":"fr-FR"}]}},"_links":{"self":[{"href":"https:\/\/admin.industriall-union.org\/fr\/wp-json\/wp\/v2\/article\/152172","targetHints":{"allow":["GET"]}}],"collection":[{"href":"https:\/\/admin.industriall-union.org\/fr\/wp-json\/wp\/v2\/article"}],"about":[{"href":"https:\/\/admin.industriall-union.org\/fr\/wp-json\/wp\/v2\/types\/article"}],"wp:attachment":[{"href":"https:\/\/admin.industriall-union.org\/fr\/wp-json\/wp\/v2\/media?parent=152172"}],"wp:term":[{"taxonomy":"issues","embeddable":true,"href":"https:\/\/admin.industriall-union.org\/fr\/wp-json\/wp\/v2\/issues?post=152172"},{"taxonomy":"companies","embeddable":true,"href":"https:\/\/admin.industriall-union.org\/fr\/wp-json\/wp\/v2\/companies?post=152172"},{"taxonomy":"regions","embeddable":true,"href":"https:\/\/admin.industriall-union.org\/fr\/wp-json\/wp\/v2\/regions?post=152172"},{"taxonomy":"sectors","embeddable":true,"href":"https:\/\/admin.industriall-union.org\/fr\/wp-json\/wp\/v2\/sectors?post=152172"},{"taxonomy":"article_tags","embeddable":true,"href":"https:\/\/admin.industriall-union.org\/fr\/wp-json\/wp\/v2\/article_tags?post=152172"}],"curies":[{"name":"wp","href":"https:\/\/api.w.org\/{rel}","templated":true}]}}