{"id":152121,"date":"2014-07-18T13:33:59","date_gmt":"2014-07-18T13:33:59","guid":{"rendered":"https:\/\/admin.industriall-union.org\/les-syndicats-peruviens-rejettent-des-reformes-desastreuses\/"},"modified":"2025-02-07T23:13:16","modified_gmt":"2025-02-07T23:13:16","slug":"les-syndicats-peruviens-rejettent-des-reformes-desastreuses","status":"publish","type":"article","link":"https:\/\/admin.industriall-union.org\/fr\/les-syndicats-peruviens-rejettent-des-reformes-desastreuses\/","title":{"rendered":"Les syndicats p\u00e9ruviens rejettent des r\u00e9formes d\u00e9sastreuses"},"content":{"rendered":"<p>Le train de mesures a \u00e9t\u00e9 approuv\u00e9 par le Parlement le 3 juillet et la loi pourrait \u00eatre adopt\u00e9e d\u00e8s la semaine prochaine. IndustriALL Global Union a <a href=\"\/wp-content\/uploads\/documents\/Jyrki_Letters\/carta_de_industriall_global_union_al_presidente_de_peru_15-07-2014.pdf\">\u00e9crit au pr\u00e9sident p\u00e9ruvien Ollanta Humala<\/a> en lui demandant de suspendre les mesures propos\u00e9es et d&rsquo;engager des discussions avec les syndicats et d&rsquo;autres parties int\u00e9ress\u00e9es dans un d\u00e9bat sur la croissance \u00e9conomique, en assurant un respect total des droits du travail, des droits sociaux et de l&rsquo;environnement.<\/p><p>Dans sa lettre, IndustriALL insiste sur l&rsquo;importance de mettre en valeur un d\u00e9veloppement durable pour satisfaire les besoins pr\u00e9sents sans sacrifier aux besoins des g\u00e9n\u00e9rations futures.<\/p><p>Pour tenter de relancer l&rsquo;\u00e9conomie, le gouvernement Ollanta c\u00e8de aux pressions patronales et revient sur les promesses pr\u00e9c\u00e9dentes faites durant les trois ann\u00e9es de son gouvernement.<\/p><p>En 2008, le gouvernement nouvellement \u00e9lu a adopt\u00e9 une loi sur la sant\u00e9 et la s\u00e9curit\u00e9 au travail avec la promesse d&rsquo;\u00e9tablir une nouvelle culture de pr\u00e9vention des risques et de mise \u00e0 ex\u00e9cution par des comit\u00e9s paritaires syndical-patronal de sant\u00e9 et de s\u00e9curit\u00e9.&nbsp; Les employeurs se sont oppos\u00e9s \u00e0 l&rsquo;application de la loi avec des r\u00e9sultats d\u00e9sastreux: 436 travailleurs et travailleuses ont perdu la vie dans des accidents du travail au cours des trois derni\u00e8res ann\u00e9es.<\/p><p>Le gouvernement laisse maintenant les employeurs faire les choses \u00e0 leur mani\u00e8re avec une s\u00e9rie de mesures de r\u00e9duction des co\u00fbts qui leur permettra de d\u00e9l\u00e9guer la pr\u00e9vention des accidents \u00e0 des fournisseurs tiers de service, en r\u00e9duisant la fr\u00e9quence des examens de sant\u00e9, en limitant le temps donn\u00e9 aux syndicalistes pour \u00eatre associ\u00e9s aux questions de sant\u00e9 et de s\u00e9curit\u00e9, et par une r\u00e9duction des amendes et des sanctions p\u00e9nales en cas d&rsquo;infraction.<\/p><p>Le gouvernement retourne \u00e9galement en arri\u00e8re pour la r\u00e9glementation de l&rsquo;environnement.&nbsp; Les changements propos\u00e9s affaibliront l&rsquo;organe de r\u00e9gulation OEFA et le minist\u00e8re de l&rsquo;Environnement cr\u00e9\u00e9 en 2008 \u00e0 la condition de signer un accord de libre-\u00e9change avec les \u00c9tats-Unis. Les changements propos\u00e9s concernent \u00e9galement une r\u00e9duction des amendes pour les d\u00e9g\u00e2ts caus\u00e9s \u00e0 l&rsquo;environnement et un processus plus court d&rsquo;approbation pour l&rsquo;obtention de permis dans des secteurs-cl\u00e9s comme les mines et l&rsquo;\u00e9nergie, qui provoqueront probablement des conflits sociaux sur l&rsquo;emploi des ressources naturelles.<\/p>","protected":false},"featured_media":0,"template":"","issues":[],"companies":[],"regions":[279],"sectors":[],"article_tags":[513],"class_list":["post-152121","article","type-article","status-publish","hentry","regions-peru","article_tags-labour-laws"],"acf":[],"yoast_head":"<!-- This site is optimized with the Yoast SEO Premium plugin v27.1 (Yoast SEO v27.1) - https:\/\/yoast.com\/product\/yoast-seo-premium-wordpress\/ -->\n<title>Les syndicats p\u00e9ruviens rejettent des r\u00e9formes d\u00e9sastreuses - industriall-union<\/title>\n<meta name=\"description\" content=\"Le train de mesures a \u00e9t\u00e9 approuv\u00e9 par le Parlement le 3 juillet et la loi pourrait \u00eatre adopt\u00e9e d\u00e8s la semaine prochaine. IndustriALL Global Union a\" \/>\n<meta name=\"robots\" content=\"index, follow, max-snippet:-1, max-image-preview:large, max-video-preview:-1\" \/>\n<link rel=\"canonical\" href=\"https:\/\/admin.industriall-union.org\/fr\/les-syndicats-peruviens-rejettent-des-reformes-desastreuses\/\" \/>\n<meta property=\"og:locale\" content=\"fr_FR\" \/>\n<meta property=\"og:type\" content=\"article\" \/>\n<meta property=\"og:title\" content=\"Les syndicats p\u00e9ruviens rejettent des r\u00e9formes d\u00e9sastreuses\" \/>\n<meta property=\"og:description\" content=\"Le train de mesures a \u00e9t\u00e9 approuv\u00e9 par le Parlement le 3 juillet et la loi pourrait \u00eatre adopt\u00e9e d\u00e8s la semaine prochaine. IndustriALL Global Union a\" \/>\n<meta property=\"og:url\" content=\"https:\/\/admin.industriall-union.org\/fr\/les-syndicats-peruviens-rejettent-des-reformes-desastreuses\/\" \/>\n<meta property=\"og:site_name\" content=\"industriall-union\" \/>\n<meta property=\"article:modified_time\" content=\"2025-02-07T23:13:16+00:00\" \/>\n<meta name=\"twitter:card\" content=\"summary_large_image\" \/>\n<meta name=\"twitter:label1\" content=\"Est. reading time\" \/>\n\t<meta name=\"twitter:data1\" content=\"2 minutes\" \/>\n<script type=\"application\/ld+json\" class=\"yoast-schema-graph\">{\"@context\":\"https:\/\/schema.org\",\"@graph\":[{\"@type\":\"WebPage\",\"@id\":\"https:\/\/admin.industriall-union.org\/fr\/les-syndicats-peruviens-rejettent-des-reformes-desastreuses\/\",\"url\":\"https:\/\/admin.industriall-union.org\/fr\/les-syndicats-peruviens-rejettent-des-reformes-desastreuses\/\",\"name\":\"Les syndicats p\u00e9ruviens rejettent des r\u00e9formes d\u00e9sastreuses - industriall-union\",\"isPartOf\":{\"@id\":\"https:\/\/admin.industriall-union.org\/#website\"},\"datePublished\":\"2014-07-18T13:33:59+00:00\",\"dateModified\":\"2025-02-07T23:13:16+00:00\",\"description\":\"Le train de mesures a \u00e9t\u00e9 approuv\u00e9 par le Parlement le 3 juillet et la loi pourrait \u00eatre adopt\u00e9e d\u00e8s la semaine prochaine. IndustriALL Global Union a\",\"breadcrumb\":{\"@id\":\"https:\/\/admin.industriall-union.org\/fr\/les-syndicats-peruviens-rejettent-des-reformes-desastreuses\/#breadcrumb\"},\"inLanguage\":\"fr-FR\",\"potentialAction\":[{\"@type\":\"ReadAction\",\"target\":[\"https:\/\/admin.industriall-union.org\/fr\/les-syndicats-peruviens-rejettent-des-reformes-desastreuses\/\"]}]},{\"@type\":\"BreadcrumbList\",\"@id\":\"https:\/\/admin.industriall-union.org\/fr\/les-syndicats-peruviens-rejettent-des-reformes-desastreuses\/#breadcrumb\",\"itemListElement\":[{\"@type\":\"ListItem\",\"position\":1,\"name\":\"Home\",\"item\":\"https:\/\/admin.industriall-union.org\/\"},{\"@type\":\"ListItem\",\"position\":2,\"name\":\"Articles\",\"item\":\"https:\/\/admin.industriall-union.org\/article\/\"},{\"@type\":\"ListItem\",\"position\":3,\"name\":\"Les syndicats p\u00e9ruviens rejettent des r\u00e9formes d\u00e9sastreuses\"}]},{\"@type\":\"WebSite\",\"@id\":\"https:\/\/admin.industriall-union.org\/#website\",\"url\":\"https:\/\/admin.industriall-union.org\/\",\"name\":\"industriall-union\",\"description\":\"\",\"potentialAction\":[{\"@type\":\"SearchAction\",\"target\":{\"@type\":\"EntryPoint\",\"urlTemplate\":\"https:\/\/admin.industriall-union.org\/?s={search_term_string}\"},\"query-input\":{\"@type\":\"PropertyValueSpecification\",\"valueRequired\":true,\"valueName\":\"search_term_string\"}}],\"inLanguage\":\"fr-FR\"}]}<\/script>\n<!-- \/ Yoast SEO Premium plugin. -->","yoast_head_json":{"title":"Les syndicats p\u00e9ruviens rejettent des r\u00e9formes d\u00e9sastreuses - industriall-union","description":"Le train de mesures a \u00e9t\u00e9 approuv\u00e9 par le Parlement le 3 juillet et la loi pourrait \u00eatre adopt\u00e9e d\u00e8s la semaine prochaine. IndustriALL Global Union a","robots":{"index":"index","follow":"follow","max-snippet":"max-snippet:-1","max-image-preview":"max-image-preview:large","max-video-preview":"max-video-preview:-1"},"canonical":"https:\/\/admin.industriall-union.org\/fr\/les-syndicats-peruviens-rejettent-des-reformes-desastreuses\/","og_locale":"fr_FR","og_type":"article","og_title":"Les syndicats p\u00e9ruviens rejettent des r\u00e9formes d\u00e9sastreuses","og_description":"Le train de mesures a \u00e9t\u00e9 approuv\u00e9 par le Parlement le 3 juillet et la loi pourrait \u00eatre adopt\u00e9e d\u00e8s la semaine prochaine. IndustriALL Global Union a","og_url":"https:\/\/admin.industriall-union.org\/fr\/les-syndicats-peruviens-rejettent-des-reformes-desastreuses\/","og_site_name":"industriall-union","article_modified_time":"2025-02-07T23:13:16+00:00","twitter_card":"summary_large_image","twitter_misc":{"Est. reading time":"2 minutes"},"schema":{"@context":"https:\/\/schema.org","@graph":[{"@type":"WebPage","@id":"https:\/\/admin.industriall-union.org\/fr\/les-syndicats-peruviens-rejettent-des-reformes-desastreuses\/","url":"https:\/\/admin.industriall-union.org\/fr\/les-syndicats-peruviens-rejettent-des-reformes-desastreuses\/","name":"Les syndicats p\u00e9ruviens rejettent des r\u00e9formes d\u00e9sastreuses - industriall-union","isPartOf":{"@id":"https:\/\/admin.industriall-union.org\/#website"},"datePublished":"2014-07-18T13:33:59+00:00","dateModified":"2025-02-07T23:13:16+00:00","description":"Le train de mesures a \u00e9t\u00e9 approuv\u00e9 par le Parlement le 3 juillet et la loi pourrait \u00eatre adopt\u00e9e d\u00e8s la semaine prochaine. IndustriALL Global Union a","breadcrumb":{"@id":"https:\/\/admin.industriall-union.org\/fr\/les-syndicats-peruviens-rejettent-des-reformes-desastreuses\/#breadcrumb"},"inLanguage":"fr-FR","potentialAction":[{"@type":"ReadAction","target":["https:\/\/admin.industriall-union.org\/fr\/les-syndicats-peruviens-rejettent-des-reformes-desastreuses\/"]}]},{"@type":"BreadcrumbList","@id":"https:\/\/admin.industriall-union.org\/fr\/les-syndicats-peruviens-rejettent-des-reformes-desastreuses\/#breadcrumb","itemListElement":[{"@type":"ListItem","position":1,"name":"Home","item":"https:\/\/admin.industriall-union.org\/"},{"@type":"ListItem","position":2,"name":"Articles","item":"https:\/\/admin.industriall-union.org\/article\/"},{"@type":"ListItem","position":3,"name":"Les syndicats p\u00e9ruviens rejettent des r\u00e9formes d\u00e9sastreuses"}]},{"@type":"WebSite","@id":"https:\/\/admin.industriall-union.org\/#website","url":"https:\/\/admin.industriall-union.org\/","name":"industriall-union","description":"","potentialAction":[{"@type":"SearchAction","target":{"@type":"EntryPoint","urlTemplate":"https:\/\/admin.industriall-union.org\/?s={search_term_string}"},"query-input":{"@type":"PropertyValueSpecification","valueRequired":true,"valueName":"search_term_string"}}],"inLanguage":"fr-FR"}]}},"_links":{"self":[{"href":"https:\/\/admin.industriall-union.org\/fr\/wp-json\/wp\/v2\/article\/152121","targetHints":{"allow":["GET"]}}],"collection":[{"href":"https:\/\/admin.industriall-union.org\/fr\/wp-json\/wp\/v2\/article"}],"about":[{"href":"https:\/\/admin.industriall-union.org\/fr\/wp-json\/wp\/v2\/types\/article"}],"wp:attachment":[{"href":"https:\/\/admin.industriall-union.org\/fr\/wp-json\/wp\/v2\/media?parent=152121"}],"wp:term":[{"taxonomy":"issues","embeddable":true,"href":"https:\/\/admin.industriall-union.org\/fr\/wp-json\/wp\/v2\/issues?post=152121"},{"taxonomy":"companies","embeddable":true,"href":"https:\/\/admin.industriall-union.org\/fr\/wp-json\/wp\/v2\/companies?post=152121"},{"taxonomy":"regions","embeddable":true,"href":"https:\/\/admin.industriall-union.org\/fr\/wp-json\/wp\/v2\/regions?post=152121"},{"taxonomy":"sectors","embeddable":true,"href":"https:\/\/admin.industriall-union.org\/fr\/wp-json\/wp\/v2\/sectors?post=152121"},{"taxonomy":"article_tags","embeddable":true,"href":"https:\/\/admin.industriall-union.org\/fr\/wp-json\/wp\/v2\/article_tags?post=152121"}],"curies":[{"name":"wp","href":"https:\/\/api.w.org\/{rel}","templated":true}]}}