{"id":152033,"date":"2014-09-04T14:59:58","date_gmt":"2014-09-04T14:59:58","guid":{"rendered":"https:\/\/admin.industriall-union.org\/les-travailleurs-de-juno-lighting-en-greve-aux-etats-unis-pour-des-salaires-equitables\/"},"modified":"2025-02-07T22:05:16","modified_gmt":"2025-02-07T22:05:16","slug":"les-travailleurs-de-juno-lighting-en-greve-aux-etats-unis-pour-des-salaires-equitables","status":"publish","type":"article","link":"https:\/\/admin.industriall-union.org\/fr\/les-travailleurs-de-juno-lighting-en-greve-aux-etats-unis-pour-des-salaires-equitables\/","title":{"rendered":"Les travailleurs de Juno Lighting en gr\u00e8ve aux \u00c9tats-Unis pour des salaires \u00e9quitables"},"content":{"rendered":"<p>Les travailleurs de Juno Lighting sont repr\u00e9sent\u00e9s par la Section Locale 2565 de la R\u00e9gionale de Chicago et du Midwest.<\/p><p>L&rsquo;organisation syndicale Joint Board of Workers United, SEIU, un affili\u00e9 d&rsquo;IndustriALL, n\u00e9gocie en vue d&rsquo;une nouvelle convention collective portant sur les salaires et les clauses d&rsquo;emploi pour les salari\u00e9s du r\u00e9gime horaire de Des Plaines (Illinois). La d\u00e9cision de partir en gr\u00e8ve a \u00e9t\u00e9 prise apr\u00e8s des mois de n\u00e9gociations ayant eu lieu avant et apr\u00e8s l&rsquo;expiration de la convention actuelle \u00e0 la fin du mois d&rsquo;ao\u00fbt.<\/p><p>Juno Lighting est une entreprise priv\u00e9e qui a \u00e9t\u00e9 acquise par la multinationale fran\u00e7aise Schneider Electric en 2005.<\/p><p>Dans les mois qui ont pr\u00e9c\u00e9d\u00e9 l&rsquo;expiration de la convention, Juno Lighting s&rsquo;est montr\u00e9 insistant sur des propositions que le syndicat estime d\u00e9raisonnables. Si elles devaient \u00eatre accept\u00e9es, les travailleurs et travailleuses n&rsquo;auraient plus un salaire vital ni donc de dignit\u00e9. En d\u00e9pit du fait que la Section Locale 2565 a d\u00e9j\u00e0 accept\u00e9 de nombreuses exigences mises sur la table par l&rsquo;entreprise, Juno Lighting revendique encore davantage de concessions. Le syndicat indique que l&rsquo;entreprise prosp\u00e8re depuis 1976 et il ne peut tout simplement pas comprendre pourquoi elle doit priver ses salari\u00e9s de r\u00e9mun\u00e9rations \u00e9quitables.<\/p><p>Le syndicat tient \u00e0 pr\u00e9ciser qu&rsquo;il ne s&rsquo;agit donc pas d&rsquo;une lutte de travailleurs avides d&rsquo;arracher des avantages nouveaux et qu&rsquo;il est bien ici question de justice sociale. Malheureusement, Juno Lighting a oblig\u00e9 ses salari\u00e9s \u00e0 entreprendre une gr\u00e8ve en raison de sa volont\u00e9 de saper le niveau de vie de ses travailleurs syndiqu\u00e9s.<\/p><p>Pour apporter un soutien aux gr\u00e9vistes, le Secr\u00e9taire g\u00e9n\u00e9ral d&rsquo;IndustriALL Jyrki Raina a envoy\u00e9 un courrier au PDG de Schneider Electric France SA. Dans sa lettre, Jyrki Raina d\u00e9clare&nbsp;: &ldquo;La Section Locale 2565 de Workers United est partie en gr\u00e8ve hier en raison du refus de Juno Lighting de prendre en compte les revendications justes et raisonnables de ses travailleurs en vue d&rsquo;une hausse salariale. Au lieu de cela, l&rsquo;entreprise propose \u00e0 une main d&rsquo;\u0153uvre d\u00e9j\u00e0 sous-pay\u00e9e une adaptation inf\u00e9rieure. Les salari\u00e9s exigent \u00e0 bon droit d&rsquo;avoir un salaire vital qui permette de contrebalancer l&rsquo;augmentation du co\u00fbt de la vie, dont notamment la couverture individuelle des soins de sant\u00e9, le logement, la nourriture et l&rsquo;\u00e9ducation.&rdquo;<\/p><p>Dans son courrier, Raina ajoute encore&nbsp;: &ldquo;Il est imp\u00e9ratif que Schneider Electric garantisse des conditions de travail d\u00e9centes et une r\u00e9mun\u00e9ration \u00e9quitable aux salari\u00e9s de sa filiale am\u00e9ricaine Juno Lighting, en parfaite ad\u00e9quation avec les l\u00e9gislations nationales du travail et les normes internationales fondamentales du travail.&rdquo;<\/p><p>IndustriALL a \u00e9galement fait parvenir un message de solidarit\u00e9 aux gr\u00e9vistes.<\/p><p>Juno Lighting existe depuis 1976 et est sp\u00e9cialis\u00e9 dans la cr\u00e9ation, l&rsquo;assemblage et la fabrication d&rsquo;une gamme de produits d&rsquo;\u00e9clairage encastr\u00e9 et d&rsquo;ambiance int\u00e9grables dans les projets architecturaux. Juno Lighting est l&rsquo;un des principaux acteurs d&rsquo;une industrie de l&rsquo;\u00e9clairage qui p\u00e8se 12 milliards de dollars.<\/p>","protected":false},"featured_media":0,"template":"","issues":[420,425],"companies":[],"regions":[310],"sectors":[491],"article_tags":[529],"class_list":["post-152033","article","type-article","status-publish","hentry","issues-solidarity","issues-workers-rights","regions-usa","sectors-electrical","article_tags-strike"],"acf":[],"yoast_head":"<!-- This site is optimized with the Yoast SEO Premium plugin v27.1 (Yoast SEO v27.1) - https:\/\/yoast.com\/product\/yoast-seo-premium-wordpress\/ -->\n<title>Les travailleurs de Juno Lighting en gr\u00e8ve aux \u00c9tats-Unis pour des salaires \u00e9quitables - industriall-union<\/title>\n<meta name=\"description\" content=\"Les travailleurs de Juno Lighting sont repr\u00e9sent\u00e9s par la Section Locale 2565 de la R\u00e9gionale de Chicago et du Midwest.L&rsquo;organisation syndicale\" \/>\n<meta name=\"robots\" content=\"index, follow, max-snippet:-1, max-image-preview:large, max-video-preview:-1\" \/>\n<link rel=\"canonical\" href=\"https:\/\/admin.industriall-union.org\/fr\/les-travailleurs-de-juno-lighting-en-greve-aux-etats-unis-pour-des-salaires-equitables\/\" \/>\n<meta property=\"og:locale\" content=\"fr_FR\" \/>\n<meta property=\"og:type\" content=\"article\" \/>\n<meta property=\"og:title\" content=\"Les travailleurs de Juno Lighting en gr\u00e8ve aux \u00c9tats-Unis pour des salaires \u00e9quitables\" \/>\n<meta property=\"og:description\" content=\"Les travailleurs de Juno Lighting sont repr\u00e9sent\u00e9s par la Section Locale 2565 de la R\u00e9gionale de Chicago et du Midwest.L&rsquo;organisation syndicale\" \/>\n<meta property=\"og:url\" content=\"https:\/\/admin.industriall-union.org\/fr\/les-travailleurs-de-juno-lighting-en-greve-aux-etats-unis-pour-des-salaires-equitables\/\" \/>\n<meta property=\"og:site_name\" content=\"industriall-union\" \/>\n<meta property=\"article:modified_time\" content=\"2025-02-07T22:05:16+00:00\" \/>\n<meta name=\"twitter:card\" content=\"summary_large_image\" \/>\n<meta name=\"twitter:label1\" content=\"Est. reading time\" \/>\n\t<meta name=\"twitter:data1\" content=\"3 minutes\" \/>\n<script type=\"application\/ld+json\" class=\"yoast-schema-graph\">{\"@context\":\"https:\/\/schema.org\",\"@graph\":[{\"@type\":\"WebPage\",\"@id\":\"https:\/\/admin.industriall-union.org\/fr\/les-travailleurs-de-juno-lighting-en-greve-aux-etats-unis-pour-des-salaires-equitables\/\",\"url\":\"https:\/\/admin.industriall-union.org\/fr\/les-travailleurs-de-juno-lighting-en-greve-aux-etats-unis-pour-des-salaires-equitables\/\",\"name\":\"Les travailleurs de Juno Lighting en gr\u00e8ve aux \u00c9tats-Unis pour des salaires \u00e9quitables - industriall-union\",\"isPartOf\":{\"@id\":\"https:\/\/admin.industriall-union.org\/#website\"},\"datePublished\":\"2014-09-04T14:59:58+00:00\",\"dateModified\":\"2025-02-07T22:05:16+00:00\",\"description\":\"Les travailleurs de Juno Lighting sont repr\u00e9sent\u00e9s par la Section Locale 2565 de la R\u00e9gionale de Chicago et du Midwest.L&rsquo;organisation syndicale\",\"breadcrumb\":{\"@id\":\"https:\/\/admin.industriall-union.org\/fr\/les-travailleurs-de-juno-lighting-en-greve-aux-etats-unis-pour-des-salaires-equitables\/#breadcrumb\"},\"inLanguage\":\"fr-FR\",\"potentialAction\":[{\"@type\":\"ReadAction\",\"target\":[\"https:\/\/admin.industriall-union.org\/fr\/les-travailleurs-de-juno-lighting-en-greve-aux-etats-unis-pour-des-salaires-equitables\/\"]}]},{\"@type\":\"BreadcrumbList\",\"@id\":\"https:\/\/admin.industriall-union.org\/fr\/les-travailleurs-de-juno-lighting-en-greve-aux-etats-unis-pour-des-salaires-equitables\/#breadcrumb\",\"itemListElement\":[{\"@type\":\"ListItem\",\"position\":1,\"name\":\"Home\",\"item\":\"https:\/\/admin.industriall-union.org\/\"},{\"@type\":\"ListItem\",\"position\":2,\"name\":\"Articles\",\"item\":\"https:\/\/admin.industriall-union.org\/article\/\"},{\"@type\":\"ListItem\",\"position\":3,\"name\":\"Les travailleurs de Juno Lighting en gr\u00e8ve aux \u00c9tats-Unis pour des salaires \u00e9quitables\"}]},{\"@type\":\"WebSite\",\"@id\":\"https:\/\/admin.industriall-union.org\/#website\",\"url\":\"https:\/\/admin.industriall-union.org\/\",\"name\":\"industriall-union\",\"description\":\"\",\"potentialAction\":[{\"@type\":\"SearchAction\",\"target\":{\"@type\":\"EntryPoint\",\"urlTemplate\":\"https:\/\/admin.industriall-union.org\/?s={search_term_string}\"},\"query-input\":{\"@type\":\"PropertyValueSpecification\",\"valueRequired\":true,\"valueName\":\"search_term_string\"}}],\"inLanguage\":\"fr-FR\"}]}<\/script>\n<!-- \/ Yoast SEO Premium plugin. -->","yoast_head_json":{"title":"Les travailleurs de Juno Lighting en gr\u00e8ve aux \u00c9tats-Unis pour des salaires \u00e9quitables - industriall-union","description":"Les travailleurs de Juno Lighting sont repr\u00e9sent\u00e9s par la Section Locale 2565 de la R\u00e9gionale de Chicago et du Midwest.L&rsquo;organisation syndicale","robots":{"index":"index","follow":"follow","max-snippet":"max-snippet:-1","max-image-preview":"max-image-preview:large","max-video-preview":"max-video-preview:-1"},"canonical":"https:\/\/admin.industriall-union.org\/fr\/les-travailleurs-de-juno-lighting-en-greve-aux-etats-unis-pour-des-salaires-equitables\/","og_locale":"fr_FR","og_type":"article","og_title":"Les travailleurs de Juno Lighting en gr\u00e8ve aux \u00c9tats-Unis pour des salaires \u00e9quitables","og_description":"Les travailleurs de Juno Lighting sont repr\u00e9sent\u00e9s par la Section Locale 2565 de la R\u00e9gionale de Chicago et du Midwest.L&rsquo;organisation syndicale","og_url":"https:\/\/admin.industriall-union.org\/fr\/les-travailleurs-de-juno-lighting-en-greve-aux-etats-unis-pour-des-salaires-equitables\/","og_site_name":"industriall-union","article_modified_time":"2025-02-07T22:05:16+00:00","twitter_card":"summary_large_image","twitter_misc":{"Est. reading time":"3 minutes"},"schema":{"@context":"https:\/\/schema.org","@graph":[{"@type":"WebPage","@id":"https:\/\/admin.industriall-union.org\/fr\/les-travailleurs-de-juno-lighting-en-greve-aux-etats-unis-pour-des-salaires-equitables\/","url":"https:\/\/admin.industriall-union.org\/fr\/les-travailleurs-de-juno-lighting-en-greve-aux-etats-unis-pour-des-salaires-equitables\/","name":"Les travailleurs de Juno Lighting en gr\u00e8ve aux \u00c9tats-Unis pour des salaires \u00e9quitables - industriall-union","isPartOf":{"@id":"https:\/\/admin.industriall-union.org\/#website"},"datePublished":"2014-09-04T14:59:58+00:00","dateModified":"2025-02-07T22:05:16+00:00","description":"Les travailleurs de Juno Lighting sont repr\u00e9sent\u00e9s par la Section Locale 2565 de la R\u00e9gionale de Chicago et du Midwest.L&rsquo;organisation syndicale","breadcrumb":{"@id":"https:\/\/admin.industriall-union.org\/fr\/les-travailleurs-de-juno-lighting-en-greve-aux-etats-unis-pour-des-salaires-equitables\/#breadcrumb"},"inLanguage":"fr-FR","potentialAction":[{"@type":"ReadAction","target":["https:\/\/admin.industriall-union.org\/fr\/les-travailleurs-de-juno-lighting-en-greve-aux-etats-unis-pour-des-salaires-equitables\/"]}]},{"@type":"BreadcrumbList","@id":"https:\/\/admin.industriall-union.org\/fr\/les-travailleurs-de-juno-lighting-en-greve-aux-etats-unis-pour-des-salaires-equitables\/#breadcrumb","itemListElement":[{"@type":"ListItem","position":1,"name":"Home","item":"https:\/\/admin.industriall-union.org\/"},{"@type":"ListItem","position":2,"name":"Articles","item":"https:\/\/admin.industriall-union.org\/article\/"},{"@type":"ListItem","position":3,"name":"Les travailleurs de Juno Lighting en gr\u00e8ve aux \u00c9tats-Unis pour des salaires \u00e9quitables"}]},{"@type":"WebSite","@id":"https:\/\/admin.industriall-union.org\/#website","url":"https:\/\/admin.industriall-union.org\/","name":"industriall-union","description":"","potentialAction":[{"@type":"SearchAction","target":{"@type":"EntryPoint","urlTemplate":"https:\/\/admin.industriall-union.org\/?s={search_term_string}"},"query-input":{"@type":"PropertyValueSpecification","valueRequired":true,"valueName":"search_term_string"}}],"inLanguage":"fr-FR"}]}},"_links":{"self":[{"href":"https:\/\/admin.industriall-union.org\/fr\/wp-json\/wp\/v2\/article\/152033","targetHints":{"allow":["GET"]}}],"collection":[{"href":"https:\/\/admin.industriall-union.org\/fr\/wp-json\/wp\/v2\/article"}],"about":[{"href":"https:\/\/admin.industriall-union.org\/fr\/wp-json\/wp\/v2\/types\/article"}],"wp:attachment":[{"href":"https:\/\/admin.industriall-union.org\/fr\/wp-json\/wp\/v2\/media?parent=152033"}],"wp:term":[{"taxonomy":"issues","embeddable":true,"href":"https:\/\/admin.industriall-union.org\/fr\/wp-json\/wp\/v2\/issues?post=152033"},{"taxonomy":"companies","embeddable":true,"href":"https:\/\/admin.industriall-union.org\/fr\/wp-json\/wp\/v2\/companies?post=152033"},{"taxonomy":"regions","embeddable":true,"href":"https:\/\/admin.industriall-union.org\/fr\/wp-json\/wp\/v2\/regions?post=152033"},{"taxonomy":"sectors","embeddable":true,"href":"https:\/\/admin.industriall-union.org\/fr\/wp-json\/wp\/v2\/sectors?post=152033"},{"taxonomy":"article_tags","embeddable":true,"href":"https:\/\/admin.industriall-union.org\/fr\/wp-json\/wp\/v2\/article_tags?post=152033"}],"curies":[{"name":"wp","href":"https:\/\/api.w.org\/{rel}","templated":true}]}}