{"id":152018,"date":"2014-09-16T08:53:44","date_gmt":"2014-09-16T08:53:44","guid":{"rendered":"https:\/\/admin.industriall-union.org\/la-suede-salue-l-arrivee-d-un-syndicaliste-comme-premier-ministre\/"},"modified":"2025-02-07T21:40:30","modified_gmt":"2025-02-07T21:40:30","slug":"la-suede-salue-l-arrivee-d-un-syndicaliste-comme-premier-ministre","status":"publish","type":"article","link":"https:\/\/admin.industriall-union.org\/fr\/la-suede-salue-l-arrivee-d-un-syndicaliste-comme-premier-ministre\/","title":{"rendered":"La Su\u00e8de salue l\u2019arriv\u00e9e d\u2019un syndicaliste comme premier ministre"},"content":{"rendered":"<p>Ce r\u00e9sultat signifie un retour \u00e0 un gouvernement socialiste apr\u00e8s huit ann\u00e9es de pouvoir conservateur en Su\u00e8de.<\/p><p>Soudeur de profession, L\u00f6fven est issu de la base de l&rsquo;affili\u00e9 d&rsquo;IndustriALL Global Union IF Metall et est devenu pr\u00e9sident de l&rsquo;un des plus grands syndicats su\u00e9dois. Il a \u00e9galement \u00e9t\u00e9 membre du Comit\u00e9 ex\u00e9cutif de la F\u00e9d\u00e9ration Internationale des Ouvriers de la M\u00e9tallurgie (FIOM).<\/p><p>Dans son discours inaugural lors du Congr\u00e8s de Fondation d&rsquo;IndustriALL \u00e0 Copenhagen en 2012, Stefan L\u00f6fven disait&nbsp;:<\/p><p>&ldquo;Dans tout d\u00e9bat politique, la voix des travailleurs devrait \u00eatre entendue et respect\u00e9e. Je suis toujours l&rsquo;un des v\u00f4tres et je le serai toujours.&rdquo;<\/p><p>Le Secr\u00e9taire g\u00e9n\u00e9ral d&rsquo;IndustriALL Jyrki Raina a d\u00e9clar\u00e9&nbsp;:<\/p><p>&ldquo;Nous f\u00e9licitons notre camarade pour cet \u00e9norme succ\u00e8s et nous sommes fiers de voir un syndicaliste prendre la direction d&rsquo;un pays. Quels que soient les d\u00e9fis qui se pr\u00e9senteront, Stefan est un n\u00e9gociateur d&rsquo;une grande exp\u00e9rience aux valeurs d\u00e9mocratiques fermement enracin\u00e9es.&rdquo;<\/p>","protected":false},"featured_media":0,"template":"","issues":[396],"companies":[],"regions":[247],"sectors":[],"article_tags":[],"class_list":["post-152018","article","type-article","status-publish","hentry","issues-building-strong-unions","regions-sweden"],"acf":[],"yoast_head":"<!-- This site is optimized with the Yoast SEO Premium plugin v27.1 (Yoast SEO v27.1) - https:\/\/yoast.com\/product\/yoast-seo-premium-wordpress\/ -->\n<title>La Su\u00e8de salue l\u2019arriv\u00e9e d\u2019un syndicaliste comme premier ministre - industriall-union<\/title>\n<meta name=\"description\" content=\"Ce r\u00e9sultat signifie un retour \u00e0 un gouvernement socialiste apr\u00e8s huit ann\u00e9es de pouvoir conservateur en Su\u00e8de.Soudeur de profession, L\u00f6fven est issu de\" \/>\n<meta name=\"robots\" content=\"index, follow, max-snippet:-1, max-image-preview:large, max-video-preview:-1\" \/>\n<link rel=\"canonical\" href=\"https:\/\/admin.industriall-union.org\/fr\/la-suede-salue-l-arrivee-d-un-syndicaliste-comme-premier-ministre\/\" \/>\n<meta property=\"og:locale\" content=\"fr_FR\" \/>\n<meta property=\"og:type\" content=\"article\" \/>\n<meta property=\"og:title\" content=\"La Su\u00e8de salue l\u2019arriv\u00e9e d\u2019un syndicaliste comme premier ministre\" \/>\n<meta property=\"og:description\" content=\"Ce r\u00e9sultat signifie un retour \u00e0 un gouvernement socialiste apr\u00e8s huit ann\u00e9es de pouvoir conservateur en Su\u00e8de.Soudeur de profession, L\u00f6fven est issu de\" \/>\n<meta property=\"og:url\" content=\"https:\/\/admin.industriall-union.org\/fr\/la-suede-salue-l-arrivee-d-un-syndicaliste-comme-premier-ministre\/\" \/>\n<meta property=\"og:site_name\" content=\"industriall-union\" \/>\n<meta property=\"article:modified_time\" content=\"2025-02-07T21:40:30+00:00\" \/>\n<meta name=\"twitter:card\" content=\"summary_large_image\" \/>\n<meta name=\"twitter:label1\" content=\"Est. reading time\" \/>\n\t<meta name=\"twitter:data1\" content=\"1 minute\" \/>\n<script type=\"application\/ld+json\" class=\"yoast-schema-graph\">{\"@context\":\"https:\/\/schema.org\",\"@graph\":[{\"@type\":\"WebPage\",\"@id\":\"https:\/\/admin.industriall-union.org\/fr\/la-suede-salue-l-arrivee-d-un-syndicaliste-comme-premier-ministre\/\",\"url\":\"https:\/\/admin.industriall-union.org\/fr\/la-suede-salue-l-arrivee-d-un-syndicaliste-comme-premier-ministre\/\",\"name\":\"La Su\u00e8de salue l\u2019arriv\u00e9e d\u2019un syndicaliste comme premier ministre - industriall-union\",\"isPartOf\":{\"@id\":\"https:\/\/admin.industriall-union.org\/#website\"},\"datePublished\":\"2014-09-16T08:53:44+00:00\",\"dateModified\":\"2025-02-07T21:40:30+00:00\",\"description\":\"Ce r\u00e9sultat signifie un retour \u00e0 un gouvernement socialiste apr\u00e8s huit ann\u00e9es de pouvoir conservateur en Su\u00e8de.Soudeur de profession, L\u00f6fven est issu de\",\"breadcrumb\":{\"@id\":\"https:\/\/admin.industriall-union.org\/fr\/la-suede-salue-l-arrivee-d-un-syndicaliste-comme-premier-ministre\/#breadcrumb\"},\"inLanguage\":\"fr-FR\",\"potentialAction\":[{\"@type\":\"ReadAction\",\"target\":[\"https:\/\/admin.industriall-union.org\/fr\/la-suede-salue-l-arrivee-d-un-syndicaliste-comme-premier-ministre\/\"]}]},{\"@type\":\"BreadcrumbList\",\"@id\":\"https:\/\/admin.industriall-union.org\/fr\/la-suede-salue-l-arrivee-d-un-syndicaliste-comme-premier-ministre\/#breadcrumb\",\"itemListElement\":[{\"@type\":\"ListItem\",\"position\":1,\"name\":\"Home\",\"item\":\"https:\/\/admin.industriall-union.org\/\"},{\"@type\":\"ListItem\",\"position\":2,\"name\":\"Articles\",\"item\":\"https:\/\/admin.industriall-union.org\/article\/\"},{\"@type\":\"ListItem\",\"position\":3,\"name\":\"La Su\u00e8de salue l\u2019arriv\u00e9e d\u2019un syndicaliste comme premier ministre\"}]},{\"@type\":\"WebSite\",\"@id\":\"https:\/\/admin.industriall-union.org\/#website\",\"url\":\"https:\/\/admin.industriall-union.org\/\",\"name\":\"industriall-union\",\"description\":\"\",\"potentialAction\":[{\"@type\":\"SearchAction\",\"target\":{\"@type\":\"EntryPoint\",\"urlTemplate\":\"https:\/\/admin.industriall-union.org\/?s={search_term_string}\"},\"query-input\":{\"@type\":\"PropertyValueSpecification\",\"valueRequired\":true,\"valueName\":\"search_term_string\"}}],\"inLanguage\":\"fr-FR\"}]}<\/script>\n<!-- \/ Yoast SEO Premium plugin. -->","yoast_head_json":{"title":"La Su\u00e8de salue l\u2019arriv\u00e9e d\u2019un syndicaliste comme premier ministre - industriall-union","description":"Ce r\u00e9sultat signifie un retour \u00e0 un gouvernement socialiste apr\u00e8s huit ann\u00e9es de pouvoir conservateur en Su\u00e8de.Soudeur de profession, L\u00f6fven est issu de","robots":{"index":"index","follow":"follow","max-snippet":"max-snippet:-1","max-image-preview":"max-image-preview:large","max-video-preview":"max-video-preview:-1"},"canonical":"https:\/\/admin.industriall-union.org\/fr\/la-suede-salue-l-arrivee-d-un-syndicaliste-comme-premier-ministre\/","og_locale":"fr_FR","og_type":"article","og_title":"La Su\u00e8de salue l\u2019arriv\u00e9e d\u2019un syndicaliste comme premier ministre","og_description":"Ce r\u00e9sultat signifie un retour \u00e0 un gouvernement socialiste apr\u00e8s huit ann\u00e9es de pouvoir conservateur en Su\u00e8de.Soudeur de profession, L\u00f6fven est issu de","og_url":"https:\/\/admin.industriall-union.org\/fr\/la-suede-salue-l-arrivee-d-un-syndicaliste-comme-premier-ministre\/","og_site_name":"industriall-union","article_modified_time":"2025-02-07T21:40:30+00:00","twitter_card":"summary_large_image","twitter_misc":{"Est. reading time":"1 minute"},"schema":{"@context":"https:\/\/schema.org","@graph":[{"@type":"WebPage","@id":"https:\/\/admin.industriall-union.org\/fr\/la-suede-salue-l-arrivee-d-un-syndicaliste-comme-premier-ministre\/","url":"https:\/\/admin.industriall-union.org\/fr\/la-suede-salue-l-arrivee-d-un-syndicaliste-comme-premier-ministre\/","name":"La Su\u00e8de salue l\u2019arriv\u00e9e d\u2019un syndicaliste comme premier ministre - industriall-union","isPartOf":{"@id":"https:\/\/admin.industriall-union.org\/#website"},"datePublished":"2014-09-16T08:53:44+00:00","dateModified":"2025-02-07T21:40:30+00:00","description":"Ce r\u00e9sultat signifie un retour \u00e0 un gouvernement socialiste apr\u00e8s huit ann\u00e9es de pouvoir conservateur en Su\u00e8de.Soudeur de profession, L\u00f6fven est issu de","breadcrumb":{"@id":"https:\/\/admin.industriall-union.org\/fr\/la-suede-salue-l-arrivee-d-un-syndicaliste-comme-premier-ministre\/#breadcrumb"},"inLanguage":"fr-FR","potentialAction":[{"@type":"ReadAction","target":["https:\/\/admin.industriall-union.org\/fr\/la-suede-salue-l-arrivee-d-un-syndicaliste-comme-premier-ministre\/"]}]},{"@type":"BreadcrumbList","@id":"https:\/\/admin.industriall-union.org\/fr\/la-suede-salue-l-arrivee-d-un-syndicaliste-comme-premier-ministre\/#breadcrumb","itemListElement":[{"@type":"ListItem","position":1,"name":"Home","item":"https:\/\/admin.industriall-union.org\/"},{"@type":"ListItem","position":2,"name":"Articles","item":"https:\/\/admin.industriall-union.org\/article\/"},{"@type":"ListItem","position":3,"name":"La Su\u00e8de salue l\u2019arriv\u00e9e d\u2019un syndicaliste comme premier ministre"}]},{"@type":"WebSite","@id":"https:\/\/admin.industriall-union.org\/#website","url":"https:\/\/admin.industriall-union.org\/","name":"industriall-union","description":"","potentialAction":[{"@type":"SearchAction","target":{"@type":"EntryPoint","urlTemplate":"https:\/\/admin.industriall-union.org\/?s={search_term_string}"},"query-input":{"@type":"PropertyValueSpecification","valueRequired":true,"valueName":"search_term_string"}}],"inLanguage":"fr-FR"}]}},"_links":{"self":[{"href":"https:\/\/admin.industriall-union.org\/fr\/wp-json\/wp\/v2\/article\/152018","targetHints":{"allow":["GET"]}}],"collection":[{"href":"https:\/\/admin.industriall-union.org\/fr\/wp-json\/wp\/v2\/article"}],"about":[{"href":"https:\/\/admin.industriall-union.org\/fr\/wp-json\/wp\/v2\/types\/article"}],"wp:attachment":[{"href":"https:\/\/admin.industriall-union.org\/fr\/wp-json\/wp\/v2\/media?parent=152018"}],"wp:term":[{"taxonomy":"issues","embeddable":true,"href":"https:\/\/admin.industriall-union.org\/fr\/wp-json\/wp\/v2\/issues?post=152018"},{"taxonomy":"companies","embeddable":true,"href":"https:\/\/admin.industriall-union.org\/fr\/wp-json\/wp\/v2\/companies?post=152018"},{"taxonomy":"regions","embeddable":true,"href":"https:\/\/admin.industriall-union.org\/fr\/wp-json\/wp\/v2\/regions?post=152018"},{"taxonomy":"sectors","embeddable":true,"href":"https:\/\/admin.industriall-union.org\/fr\/wp-json\/wp\/v2\/sectors?post=152018"},{"taxonomy":"article_tags","embeddable":true,"href":"https:\/\/admin.industriall-union.org\/fr\/wp-json\/wp\/v2\/article_tags?post=152018"}],"curies":[{"name":"wp","href":"https:\/\/api.w.org\/{rel}","templated":true}]}}