{"id":152010,"date":"2014-09-18T10:01:38","date_gmt":"2014-09-18T10:01:38","guid":{"rendered":"https:\/\/admin.industriall-union.org\/on-s-attend-a-un-impact-d-ebola-pour-les-travailleurs-ouest-africains\/"},"modified":"2025-02-07T21:34:42","modified_gmt":"2025-02-07T21:34:42","slug":"on-s-attend-a-un-impact-d-ebola-pour-les-travailleurs-ouest-africains","status":"publish","type":"article","link":"https:\/\/admin.industriall-union.org\/fr\/on-s-attend-a-un-impact-d-ebola-pour-les-travailleurs-ouest-africains\/","title":{"rendered":"On s\u2019attend \u00e0 un impact d\u2019Ebola pour les travailleurs ouest-africains"},"content":{"rendered":"<p>Une \u00e9pid\u00e9mie d&rsquo;Ebola dans le monde d\u00e9velopp\u00e9 serait rapidement circonscrite mais l&rsquo;Afrique de l&rsquo;Ouest a \u00e9t\u00e9 incapable de contenir la maladie qui se r\u00e9pand depuis plusieurs mois en raison de la mauvaise qualit\u00e9 des services de sant\u00e9 et de failles dans d&rsquo;autres services relevant des autorit\u00e9s publiques. Elle a, de multiples mani\u00e8res, un effet d\u00e9vastateur sur les services de sant\u00e9. Elle a co\u00fbt\u00e9 la vie \u00e0 des travailleurs de la sant\u00e9 qui n&rsquo;avaient pas d&rsquo;\u00e9quipement de protection ad\u00e9quat pour travailler en pr\u00e9sence de patients infect\u00e9s, ce qui met encore davantage de contraintes sur des ressources humaines d\u00e9j\u00e0 limit\u00e9es pour r\u00e9pondre aux besoins de sant\u00e9 dans ces pays. Cela s&rsquo;est traduit par la fermeture d&rsquo;\u00e9tablissements de sant\u00e9 incapables de traiter des patients atteints d&rsquo;Ebola et a laiss\u00e9 sans soins des milliers de personnes touch\u00e9es par l&#039;\u00e9pid\u00e9mie ou victimes d&rsquo;autres affections.<\/p><p>Plus longtemps l&rsquo;\u00e9pid\u00e9mie continuera \u00e0 se r\u00e9pandre, plus grand sera le risque d&rsquo;un impact n\u00e9gatif sur l&rsquo;\u00e9conomie. Les compagnies a\u00e9riennes suspendent leurs vols et les fronti\u00e8res avec les pays voisins ont \u00e9t\u00e9 ferm\u00e9es. Les multinationales r\u00e9duisent leurs effectifs et \u00e9vacuent le personnel \u00e9tranger des pays affect\u00e9s. D&rsquo;autres pays de la r\u00e9gion ont aussi \u00e9t\u00e9 affect\u00e9s de par la peur de voir l&rsquo;\u00e9pid\u00e9mie s&rsquo;y r\u00e9pandre, ce qui a des cons\u00e9quences sur le commerce et les activit\u00e9s \u00e9conomiques m\u00eame l\u00e0 o\u00f9 il n&rsquo;y a aucun cas d&rsquo;Ebola r\u00e9pertori\u00e9.<\/p><p>Dans une lettre aux affili\u00e9s du Liberia, de Sierra Leone et de Guin\u00e9e, le secr\u00e9taire g\u00e9n\u00e9ral d&rsquo;IndustriALL Global Union Jyrki Raina a exprim\u00e9 sa grave pr\u00e9occupation par rapport \u00e0 l&rsquo;impact de l&rsquo;\u00e9pid\u00e9mie sur les travailleurs et \u00e9crit&nbsp;: &ldquo;Nos affili\u00e9s ont un r\u00f4le important \u00e0 jouer dans l&rsquo;\u00e9valuation de l&rsquo;impact \u00e9conomique au niveau du ralentissement ou de l&rsquo;arr\u00eat de production de certaines compagnies, en particulier du secteur des mines, et des implications sur les salari\u00e9s en termes de mise \u00e0 pied. Une attention particuli\u00e8re est \u00e9galement n\u00e9cessaire par rapport \u00e0 l&rsquo;impact sur les travailleurs migrants.&rdquo;<\/p><p>Certains affili\u00e9s d&rsquo;IndustriALL des pays concern\u00e9s ont le sentiment qu&rsquo;ils devraient participer aux efforts pour contenir Ebola, en particulier en \u00e9duquant les travailleurs sur la maladie et la mani\u00e8re dont elle se r\u00e9pand. IndustriALL a encourag\u00e9 ses affili\u00e9s \u00e0 soutenir et collaborer avec M\u00e9decins Sans Fronti\u00e8res (MSF), qui a jusqu&rsquo;ici fournit la r\u00e9ponse la plus pointue \u00e0 l&rsquo;\u00e9pid\u00e9mie.<\/p><p>Le Fonds Humanitaire des M\u00e9tallos USW a consacr\u00e9 25.000 dollars au soutien \u00e0 la lutte contre Ebola en Afrique de l&rsquo;Ouest en apportant des fonds \u00e0 la fois \u00e0 MSF et \u00e0 une ONG locale qui a des liens avec le mouvement syndical et qui m\u00e8ne une campagne d&rsquo;\u00e9ducation en mati\u00e8re de sant\u00e9 publique. Le Fonds Humanitaire des M\u00e9tallos USW se consacre principalement au d\u00e9veloppement de projets et \u00e0 l&rsquo;aide d&rsquo;urgence dans les pays en d\u00e9veloppement, mais soutient \u00e9galement des communaut\u00e9s canadiennes lors de crises. Les membres des M\u00e9tallos USW contribuent \u00e0 ce fonds au travers de dispositions n\u00e9goci\u00e9es au sein de conventions collectives par lesquelles certains employeurs apportent une contribution \u00e9quivalente \u00e0 la leur.<\/p><p>IndustriALL encourage \u00e9galement ses affili\u00e9s qui voudraient apporter leur aide \u00e0 suivre l&rsquo;exemple du Fonds Humanitaire des M\u00e9tallos USW et \u00e0 soutenir le travail de MSF et d&rsquo;autres ONG cr\u00e9dibles sur le front de l&rsquo;\u00e9pid\u00e9mie.<\/p>","protected":false},"featured_media":0,"template":"","issues":[402],"companies":[],"regions":[311],"sectors":[],"article_tags":[],"class_list":["post-152010","article","type-article","status-publish","hentry","issues-health-and-safety","regions-sub-saharan-africa"],"acf":[],"yoast_head":"<!-- This site is optimized with the Yoast SEO Premium plugin v27.1 (Yoast SEO v27.1) - https:\/\/yoast.com\/product\/yoast-seo-premium-wordpress\/ -->\n<title>On s\u2019attend \u00e0 un impact d\u2019Ebola pour les travailleurs ouest-africains - industriall-union<\/title>\n<meta name=\"description\" content=\"Une \u00e9pid\u00e9mie d&rsquo;Ebola dans le monde d\u00e9velopp\u00e9 serait rapidement circonscrite mais l&rsquo;Afrique de l&rsquo;Ouest a \u00e9t\u00e9 incapable de contenir la\" \/>\n<meta name=\"robots\" content=\"index, follow, max-snippet:-1, max-image-preview:large, max-video-preview:-1\" \/>\n<link rel=\"canonical\" href=\"https:\/\/admin.industriall-union.org\/fr\/on-s-attend-a-un-impact-d-ebola-pour-les-travailleurs-ouest-africains\/\" \/>\n<meta property=\"og:locale\" content=\"fr_FR\" \/>\n<meta property=\"og:type\" content=\"article\" \/>\n<meta property=\"og:title\" content=\"On s\u2019attend \u00e0 un impact d\u2019Ebola pour les travailleurs ouest-africains\" \/>\n<meta property=\"og:description\" content=\"Une \u00e9pid\u00e9mie d&rsquo;Ebola dans le monde d\u00e9velopp\u00e9 serait rapidement circonscrite mais l&rsquo;Afrique de l&rsquo;Ouest a \u00e9t\u00e9 incapable de contenir la\" \/>\n<meta property=\"og:url\" content=\"https:\/\/admin.industriall-union.org\/fr\/on-s-attend-a-un-impact-d-ebola-pour-les-travailleurs-ouest-africains\/\" \/>\n<meta property=\"og:site_name\" content=\"industriall-union\" \/>\n<meta property=\"article:modified_time\" content=\"2025-02-07T21:34:42+00:00\" \/>\n<meta name=\"twitter:card\" content=\"summary_large_image\" \/>\n<meta name=\"twitter:label1\" content=\"Est. reading time\" \/>\n\t<meta name=\"twitter:data1\" content=\"3 minutes\" \/>\n<script type=\"application\/ld+json\" class=\"yoast-schema-graph\">{\"@context\":\"https:\/\/schema.org\",\"@graph\":[{\"@type\":\"WebPage\",\"@id\":\"https:\/\/admin.industriall-union.org\/fr\/on-s-attend-a-un-impact-d-ebola-pour-les-travailleurs-ouest-africains\/\",\"url\":\"https:\/\/admin.industriall-union.org\/fr\/on-s-attend-a-un-impact-d-ebola-pour-les-travailleurs-ouest-africains\/\",\"name\":\"On s\u2019attend \u00e0 un impact d\u2019Ebola pour les travailleurs ouest-africains - industriall-union\",\"isPartOf\":{\"@id\":\"https:\/\/admin.industriall-union.org\/#website\"},\"datePublished\":\"2014-09-18T10:01:38+00:00\",\"dateModified\":\"2025-02-07T21:34:42+00:00\",\"description\":\"Une \u00e9pid\u00e9mie d&rsquo;Ebola dans le monde d\u00e9velopp\u00e9 serait rapidement circonscrite mais l&rsquo;Afrique de l&rsquo;Ouest a \u00e9t\u00e9 incapable de contenir la\",\"breadcrumb\":{\"@id\":\"https:\/\/admin.industriall-union.org\/fr\/on-s-attend-a-un-impact-d-ebola-pour-les-travailleurs-ouest-africains\/#breadcrumb\"},\"inLanguage\":\"fr-FR\",\"potentialAction\":[{\"@type\":\"ReadAction\",\"target\":[\"https:\/\/admin.industriall-union.org\/fr\/on-s-attend-a-un-impact-d-ebola-pour-les-travailleurs-ouest-africains\/\"]}]},{\"@type\":\"BreadcrumbList\",\"@id\":\"https:\/\/admin.industriall-union.org\/fr\/on-s-attend-a-un-impact-d-ebola-pour-les-travailleurs-ouest-africains\/#breadcrumb\",\"itemListElement\":[{\"@type\":\"ListItem\",\"position\":1,\"name\":\"Home\",\"item\":\"https:\/\/admin.industriall-union.org\/\"},{\"@type\":\"ListItem\",\"position\":2,\"name\":\"Articles\",\"item\":\"https:\/\/admin.industriall-union.org\/article\/\"},{\"@type\":\"ListItem\",\"position\":3,\"name\":\"On s\u2019attend \u00e0 un impact d\u2019Ebola pour les travailleurs ouest-africains\"}]},{\"@type\":\"WebSite\",\"@id\":\"https:\/\/admin.industriall-union.org\/#website\",\"url\":\"https:\/\/admin.industriall-union.org\/\",\"name\":\"industriall-union\",\"description\":\"\",\"potentialAction\":[{\"@type\":\"SearchAction\",\"target\":{\"@type\":\"EntryPoint\",\"urlTemplate\":\"https:\/\/admin.industriall-union.org\/?s={search_term_string}\"},\"query-input\":{\"@type\":\"PropertyValueSpecification\",\"valueRequired\":true,\"valueName\":\"search_term_string\"}}],\"inLanguage\":\"fr-FR\"}]}<\/script>\n<!-- \/ Yoast SEO Premium plugin. -->","yoast_head_json":{"title":"On s\u2019attend \u00e0 un impact d\u2019Ebola pour les travailleurs ouest-africains - industriall-union","description":"Une \u00e9pid\u00e9mie d&rsquo;Ebola dans le monde d\u00e9velopp\u00e9 serait rapidement circonscrite mais l&rsquo;Afrique de l&rsquo;Ouest a \u00e9t\u00e9 incapable de contenir la","robots":{"index":"index","follow":"follow","max-snippet":"max-snippet:-1","max-image-preview":"max-image-preview:large","max-video-preview":"max-video-preview:-1"},"canonical":"https:\/\/admin.industriall-union.org\/fr\/on-s-attend-a-un-impact-d-ebola-pour-les-travailleurs-ouest-africains\/","og_locale":"fr_FR","og_type":"article","og_title":"On s\u2019attend \u00e0 un impact d\u2019Ebola pour les travailleurs ouest-africains","og_description":"Une \u00e9pid\u00e9mie d&rsquo;Ebola dans le monde d\u00e9velopp\u00e9 serait rapidement circonscrite mais l&rsquo;Afrique de l&rsquo;Ouest a \u00e9t\u00e9 incapable de contenir la","og_url":"https:\/\/admin.industriall-union.org\/fr\/on-s-attend-a-un-impact-d-ebola-pour-les-travailleurs-ouest-africains\/","og_site_name":"industriall-union","article_modified_time":"2025-02-07T21:34:42+00:00","twitter_card":"summary_large_image","twitter_misc":{"Est. reading time":"3 minutes"},"schema":{"@context":"https:\/\/schema.org","@graph":[{"@type":"WebPage","@id":"https:\/\/admin.industriall-union.org\/fr\/on-s-attend-a-un-impact-d-ebola-pour-les-travailleurs-ouest-africains\/","url":"https:\/\/admin.industriall-union.org\/fr\/on-s-attend-a-un-impact-d-ebola-pour-les-travailleurs-ouest-africains\/","name":"On s\u2019attend \u00e0 un impact d\u2019Ebola pour les travailleurs ouest-africains - industriall-union","isPartOf":{"@id":"https:\/\/admin.industriall-union.org\/#website"},"datePublished":"2014-09-18T10:01:38+00:00","dateModified":"2025-02-07T21:34:42+00:00","description":"Une \u00e9pid\u00e9mie d&rsquo;Ebola dans le monde d\u00e9velopp\u00e9 serait rapidement circonscrite mais l&rsquo;Afrique de l&rsquo;Ouest a \u00e9t\u00e9 incapable de contenir la","breadcrumb":{"@id":"https:\/\/admin.industriall-union.org\/fr\/on-s-attend-a-un-impact-d-ebola-pour-les-travailleurs-ouest-africains\/#breadcrumb"},"inLanguage":"fr-FR","potentialAction":[{"@type":"ReadAction","target":["https:\/\/admin.industriall-union.org\/fr\/on-s-attend-a-un-impact-d-ebola-pour-les-travailleurs-ouest-africains\/"]}]},{"@type":"BreadcrumbList","@id":"https:\/\/admin.industriall-union.org\/fr\/on-s-attend-a-un-impact-d-ebola-pour-les-travailleurs-ouest-africains\/#breadcrumb","itemListElement":[{"@type":"ListItem","position":1,"name":"Home","item":"https:\/\/admin.industriall-union.org\/"},{"@type":"ListItem","position":2,"name":"Articles","item":"https:\/\/admin.industriall-union.org\/article\/"},{"@type":"ListItem","position":3,"name":"On s\u2019attend \u00e0 un impact d\u2019Ebola pour les travailleurs ouest-africains"}]},{"@type":"WebSite","@id":"https:\/\/admin.industriall-union.org\/#website","url":"https:\/\/admin.industriall-union.org\/","name":"industriall-union","description":"","potentialAction":[{"@type":"SearchAction","target":{"@type":"EntryPoint","urlTemplate":"https:\/\/admin.industriall-union.org\/?s={search_term_string}"},"query-input":{"@type":"PropertyValueSpecification","valueRequired":true,"valueName":"search_term_string"}}],"inLanguage":"fr-FR"}]}},"_links":{"self":[{"href":"https:\/\/admin.industriall-union.org\/fr\/wp-json\/wp\/v2\/article\/152010","targetHints":{"allow":["GET"]}}],"collection":[{"href":"https:\/\/admin.industriall-union.org\/fr\/wp-json\/wp\/v2\/article"}],"about":[{"href":"https:\/\/admin.industriall-union.org\/fr\/wp-json\/wp\/v2\/types\/article"}],"wp:attachment":[{"href":"https:\/\/admin.industriall-union.org\/fr\/wp-json\/wp\/v2\/media?parent=152010"}],"wp:term":[{"taxonomy":"issues","embeddable":true,"href":"https:\/\/admin.industriall-union.org\/fr\/wp-json\/wp\/v2\/issues?post=152010"},{"taxonomy":"companies","embeddable":true,"href":"https:\/\/admin.industriall-union.org\/fr\/wp-json\/wp\/v2\/companies?post=152010"},{"taxonomy":"regions","embeddable":true,"href":"https:\/\/admin.industriall-union.org\/fr\/wp-json\/wp\/v2\/regions?post=152010"},{"taxonomy":"sectors","embeddable":true,"href":"https:\/\/admin.industriall-union.org\/fr\/wp-json\/wp\/v2\/sectors?post=152010"},{"taxonomy":"article_tags","embeddable":true,"href":"https:\/\/admin.industriall-union.org\/fr\/wp-json\/wp\/v2\/article_tags?post=152010"}],"curies":[{"name":"wp","href":"https:\/\/api.w.org\/{rel}","templated":true}]}}