{"id":151977,"date":"2014-10-09T08:16:17","date_gmt":"2014-10-09T08:16:17","guid":{"rendered":"https:\/\/admin.industriall-union.org\/avocate-mexicaine-remporte-le-premier-prix-dans-la-domaine-des-droits-de-l-homme\/"},"modified":"2025-02-07T20:49:07","modified_gmt":"2025-02-07T20:49:07","slug":"avocate-mexicaine-remporte-le-premier-prix-dans-la-domaine-des-droits-de-l-homme","status":"publish","type":"article","link":"https:\/\/admin.industriall-union.org\/fr\/avocate-mexicaine-remporte-le-premier-prix-dans-la-domaine-des-droits-de-l-homme\/","title":{"rendered":"Avocate mexicaine remporte le premier prix dans la domaine des droits de l\u2019homme"},"content":{"rendered":"<p>Ancheita est la fondatrice et directrice ex\u00e9cutive de l&rsquo;organisation mexicaine ProDESC (Projet pour les droits \u00e9conomiques, sociaux et culturels), qui vient en aide aux communaut\u00e9s locales dans la d\u00e9fense de leurs droits. Elle a pass\u00e9 les 15 derni\u00e8res ann\u00e9es \u00e0 \u0153uvrer \u00e0 la protection des droits \u00e0 la terre et au travail contre la cupidit\u00e9 impitoyable des multinationales des mines et de l&rsquo;\u00e9nergie, mettant souvent en danger, ce faisant, sa propre vie.<\/p><p>&ldquo;C&rsquo;est un grand honneur, non seulement pour la reconnaissance de mon travail et celui de mon organisation, mais aussi pour la reconnaissance du danger auquel sont confront\u00e9s au Mexique les d\u00e9fenseurs des droits de l&rsquo;homme,&rdquo; a-t-elle d\u00e9clar\u00e9 en recevant son prix. &ldquo;Il repr\u00e9sente aussi une grande responsabilit\u00e9,&rdquo; a-t-elle ajout\u00e9.<\/p><p>Les personnes et les communaut\u00e9s auxquelles elle vient en aide sont souvent confront\u00e9es \u00e0 des attaques violentes. Mme Ancheita a \u00e9t\u00e9 une pionni\u00e8re dans la qu\u00eate de justice au niveau des tribunaux mexicains face aux entreprises qui n\u00e9gligeaient de prendre en compte les droits des communaut\u00e9s.<\/p><p>&ldquo;Le choix d&rsquo;Alejandra Ancheita par le jury souligne l&rsquo;\u00e9ventail de forces auxquelles les d\u00e9fenseurs des droits de l&rsquo;homme sont confront\u00e9s,&rdquo; a d\u00e9clar\u00e9 Micheline Calmy-Rey, anciennement ministre suisse des affaires \u00e9trang\u00e8res, qui pr\u00e9side la fondation Martin Ennals.<\/p><p>&ldquo;Au Mexique, il existe clairement une tendance \u00e0 attaquer, menacer, criminaliser et assassiner les d\u00e9fenseurs des droits de l&rsquo;homme. Mme Ancheita et ProDESC ont \u00e9t\u00e9 soumis \u00e0 une surveillance et \u00e0 une campagne de diffamation dans la presse nationale, ainsi qu&rsquo;\u00e0 une intrusion dans leurs locaux.&rdquo;<\/p><p>Le Secr\u00e9taire g\u00e9n\u00e9ral adjoint d&rsquo;IndustriALL Global Union Fernando Lopes indique&nbsp;:<\/p><blockquote><p>Nous sommes heureux et fiers de pouvoir continuer \u00e0 travailler avec ProDESC au renforcement des syndicats d\u00e9mocratiques au Mexique. L&rsquo;engagement d&rsquo;Alejandra Ancheita par rapport aux droits de l&rsquo;homme est remarquable et nous la f\u00e9licitons chaleureusement pour sa distinction. Son travail est tr\u00e8s important dans un pays o\u00f9 droits syndicaux et des personnes sont souvent honteusement n\u00e9glig\u00e9s au profit des grandes entreprises.<\/p><\/blockquote><p>Le prix Martin Ennals, du nom de l&rsquo;ancien secr\u00e9taire g\u00e9n\u00e9ral d&rsquo;Amnesty International, est attribu\u00e9 aux d\u00e9fenseurs des droits de l&rsquo;homme qui montrent un engagement profond \u00e0 leur cause en d\u00e9pit de grands risques personnels.<\/p><p>Cette distinction a \u00e9t\u00e9 cr\u00e9\u00e9e en 1993, deux ans apr\u00e8s le d\u00e9c\u00e8s de M. Ennals. Le jury est compos\u00e9 d&rsquo;Amnesty International, de Human Rights Watch, de la Commission internationale de juristes ainsi que de sept autres organisations militantes internationales.<\/p><p>Le laur\u00e9at re\u00e7oit un prix de 20.000 francs suisses.<\/p><p><em>Le num\u00e9ro de d\u00e9cembre de Global Worker reprendra un article de fond sur Alejandra Ancheita.&nbsp;<\/em><\/p>","protected":false},"featured_media":0,"template":"","issues":[422,399,425],"companies":[],"regions":[275],"sectors":[495],"article_tags":[],"class_list":["post-151977","article","type-article","status-publish","hentry","issues-human-trade-union-rights","issues-union-building","issues-workers-rights","regions-mexico","sectors-mining"],"acf":[],"yoast_head":"<!-- This site is optimized with the Yoast SEO Premium plugin v27.1 (Yoast SEO v27.1) - https:\/\/yoast.com\/product\/yoast-seo-premium-wordpress\/ -->\n<title>Avocate mexicaine remporte le premier prix dans la domaine des droits de l\u2019homme - industriall-union<\/title>\n<meta name=\"description\" content=\"Ancheita est la fondatrice et directrice ex\u00e9cutive de l&rsquo;organisation mexicaine ProDESC (Projet pour les droits \u00e9conomiques, sociaux et culturels),\" \/>\n<meta name=\"robots\" content=\"index, follow, max-snippet:-1, max-image-preview:large, max-video-preview:-1\" \/>\n<link rel=\"canonical\" href=\"https:\/\/admin.industriall-union.org\/fr\/avocate-mexicaine-remporte-le-premier-prix-dans-la-domaine-des-droits-de-l-homme\/\" \/>\n<meta property=\"og:locale\" content=\"fr_FR\" \/>\n<meta property=\"og:type\" content=\"article\" \/>\n<meta property=\"og:title\" content=\"Avocate mexicaine remporte le premier prix dans la domaine des droits de l\u2019homme\" \/>\n<meta property=\"og:description\" content=\"Ancheita est la fondatrice et directrice ex\u00e9cutive de l&rsquo;organisation mexicaine ProDESC (Projet pour les droits \u00e9conomiques, sociaux et culturels),\" \/>\n<meta property=\"og:url\" content=\"https:\/\/admin.industriall-union.org\/fr\/avocate-mexicaine-remporte-le-premier-prix-dans-la-domaine-des-droits-de-l-homme\/\" \/>\n<meta property=\"og:site_name\" content=\"industriall-union\" \/>\n<meta property=\"article:modified_time\" content=\"2025-02-07T20:49:07+00:00\" \/>\n<meta name=\"twitter:card\" content=\"summary_large_image\" \/>\n<meta name=\"twitter:label1\" content=\"Est. reading time\" \/>\n\t<meta name=\"twitter:data1\" content=\"2 minutes\" \/>\n<script type=\"application\/ld+json\" class=\"yoast-schema-graph\">{\"@context\":\"https:\/\/schema.org\",\"@graph\":[{\"@type\":\"WebPage\",\"@id\":\"https:\/\/admin.industriall-union.org\/fr\/avocate-mexicaine-remporte-le-premier-prix-dans-la-domaine-des-droits-de-l-homme\/\",\"url\":\"https:\/\/admin.industriall-union.org\/fr\/avocate-mexicaine-remporte-le-premier-prix-dans-la-domaine-des-droits-de-l-homme\/\",\"name\":\"Avocate mexicaine remporte le premier prix dans la domaine des droits de l\u2019homme - industriall-union\",\"isPartOf\":{\"@id\":\"https:\/\/admin.industriall-union.org\/#website\"},\"datePublished\":\"2014-10-09T08:16:17+00:00\",\"dateModified\":\"2025-02-07T20:49:07+00:00\",\"description\":\"Ancheita est la fondatrice et directrice ex\u00e9cutive de l&rsquo;organisation mexicaine ProDESC (Projet pour les droits \u00e9conomiques, sociaux et culturels),\",\"breadcrumb\":{\"@id\":\"https:\/\/admin.industriall-union.org\/fr\/avocate-mexicaine-remporte-le-premier-prix-dans-la-domaine-des-droits-de-l-homme\/#breadcrumb\"},\"inLanguage\":\"fr-FR\",\"potentialAction\":[{\"@type\":\"ReadAction\",\"target\":[\"https:\/\/admin.industriall-union.org\/fr\/avocate-mexicaine-remporte-le-premier-prix-dans-la-domaine-des-droits-de-l-homme\/\"]}]},{\"@type\":\"BreadcrumbList\",\"@id\":\"https:\/\/admin.industriall-union.org\/fr\/avocate-mexicaine-remporte-le-premier-prix-dans-la-domaine-des-droits-de-l-homme\/#breadcrumb\",\"itemListElement\":[{\"@type\":\"ListItem\",\"position\":1,\"name\":\"Home\",\"item\":\"https:\/\/admin.industriall-union.org\/\"},{\"@type\":\"ListItem\",\"position\":2,\"name\":\"Articles\",\"item\":\"https:\/\/admin.industriall-union.org\/article\/\"},{\"@type\":\"ListItem\",\"position\":3,\"name\":\"Avocate mexicaine remporte le premier prix dans la domaine des droits de l\u2019homme\"}]},{\"@type\":\"WebSite\",\"@id\":\"https:\/\/admin.industriall-union.org\/#website\",\"url\":\"https:\/\/admin.industriall-union.org\/\",\"name\":\"industriall-union\",\"description\":\"\",\"potentialAction\":[{\"@type\":\"SearchAction\",\"target\":{\"@type\":\"EntryPoint\",\"urlTemplate\":\"https:\/\/admin.industriall-union.org\/?s={search_term_string}\"},\"query-input\":{\"@type\":\"PropertyValueSpecification\",\"valueRequired\":true,\"valueName\":\"search_term_string\"}}],\"inLanguage\":\"fr-FR\"}]}<\/script>\n<!-- \/ Yoast SEO Premium plugin. -->","yoast_head_json":{"title":"Avocate mexicaine remporte le premier prix dans la domaine des droits de l\u2019homme - industriall-union","description":"Ancheita est la fondatrice et directrice ex\u00e9cutive de l&rsquo;organisation mexicaine ProDESC (Projet pour les droits \u00e9conomiques, sociaux et culturels),","robots":{"index":"index","follow":"follow","max-snippet":"max-snippet:-1","max-image-preview":"max-image-preview:large","max-video-preview":"max-video-preview:-1"},"canonical":"https:\/\/admin.industriall-union.org\/fr\/avocate-mexicaine-remporte-le-premier-prix-dans-la-domaine-des-droits-de-l-homme\/","og_locale":"fr_FR","og_type":"article","og_title":"Avocate mexicaine remporte le premier prix dans la domaine des droits de l\u2019homme","og_description":"Ancheita est la fondatrice et directrice ex\u00e9cutive de l&rsquo;organisation mexicaine ProDESC (Projet pour les droits \u00e9conomiques, sociaux et culturels),","og_url":"https:\/\/admin.industriall-union.org\/fr\/avocate-mexicaine-remporte-le-premier-prix-dans-la-domaine-des-droits-de-l-homme\/","og_site_name":"industriall-union","article_modified_time":"2025-02-07T20:49:07+00:00","twitter_card":"summary_large_image","twitter_misc":{"Est. reading time":"2 minutes"},"schema":{"@context":"https:\/\/schema.org","@graph":[{"@type":"WebPage","@id":"https:\/\/admin.industriall-union.org\/fr\/avocate-mexicaine-remporte-le-premier-prix-dans-la-domaine-des-droits-de-l-homme\/","url":"https:\/\/admin.industriall-union.org\/fr\/avocate-mexicaine-remporte-le-premier-prix-dans-la-domaine-des-droits-de-l-homme\/","name":"Avocate mexicaine remporte le premier prix dans la domaine des droits de l\u2019homme - industriall-union","isPartOf":{"@id":"https:\/\/admin.industriall-union.org\/#website"},"datePublished":"2014-10-09T08:16:17+00:00","dateModified":"2025-02-07T20:49:07+00:00","description":"Ancheita est la fondatrice et directrice ex\u00e9cutive de l&rsquo;organisation mexicaine ProDESC (Projet pour les droits \u00e9conomiques, sociaux et culturels),","breadcrumb":{"@id":"https:\/\/admin.industriall-union.org\/fr\/avocate-mexicaine-remporte-le-premier-prix-dans-la-domaine-des-droits-de-l-homme\/#breadcrumb"},"inLanguage":"fr-FR","potentialAction":[{"@type":"ReadAction","target":["https:\/\/admin.industriall-union.org\/fr\/avocate-mexicaine-remporte-le-premier-prix-dans-la-domaine-des-droits-de-l-homme\/"]}]},{"@type":"BreadcrumbList","@id":"https:\/\/admin.industriall-union.org\/fr\/avocate-mexicaine-remporte-le-premier-prix-dans-la-domaine-des-droits-de-l-homme\/#breadcrumb","itemListElement":[{"@type":"ListItem","position":1,"name":"Home","item":"https:\/\/admin.industriall-union.org\/"},{"@type":"ListItem","position":2,"name":"Articles","item":"https:\/\/admin.industriall-union.org\/article\/"},{"@type":"ListItem","position":3,"name":"Avocate mexicaine remporte le premier prix dans la domaine des droits de l\u2019homme"}]},{"@type":"WebSite","@id":"https:\/\/admin.industriall-union.org\/#website","url":"https:\/\/admin.industriall-union.org\/","name":"industriall-union","description":"","potentialAction":[{"@type":"SearchAction","target":{"@type":"EntryPoint","urlTemplate":"https:\/\/admin.industriall-union.org\/?s={search_term_string}"},"query-input":{"@type":"PropertyValueSpecification","valueRequired":true,"valueName":"search_term_string"}}],"inLanguage":"fr-FR"}]}},"_links":{"self":[{"href":"https:\/\/admin.industriall-union.org\/fr\/wp-json\/wp\/v2\/article\/151977","targetHints":{"allow":["GET"]}}],"collection":[{"href":"https:\/\/admin.industriall-union.org\/fr\/wp-json\/wp\/v2\/article"}],"about":[{"href":"https:\/\/admin.industriall-union.org\/fr\/wp-json\/wp\/v2\/types\/article"}],"wp:attachment":[{"href":"https:\/\/admin.industriall-union.org\/fr\/wp-json\/wp\/v2\/media?parent=151977"}],"wp:term":[{"taxonomy":"issues","embeddable":true,"href":"https:\/\/admin.industriall-union.org\/fr\/wp-json\/wp\/v2\/issues?post=151977"},{"taxonomy":"companies","embeddable":true,"href":"https:\/\/admin.industriall-union.org\/fr\/wp-json\/wp\/v2\/companies?post=151977"},{"taxonomy":"regions","embeddable":true,"href":"https:\/\/admin.industriall-union.org\/fr\/wp-json\/wp\/v2\/regions?post=151977"},{"taxonomy":"sectors","embeddable":true,"href":"https:\/\/admin.industriall-union.org\/fr\/wp-json\/wp\/v2\/sectors?post=151977"},{"taxonomy":"article_tags","embeddable":true,"href":"https:\/\/admin.industriall-union.org\/fr\/wp-json\/wp\/v2\/article_tags?post=151977"}],"curies":[{"name":"wp","href":"https:\/\/api.w.org\/{rel}","templated":true}]}}