{"id":151976,"date":"2014-10-09T13:45:37","date_gmt":"2014-10-09T13:45:37","guid":{"rendered":"https:\/\/admin.industriall-union.org\/stop-travail-precaire-les-travailleurs-se-mobilisent\/"},"modified":"2025-02-07T20:47:07","modified_gmt":"2025-02-07T20:47:07","slug":"stop-travail-precaire-les-travailleurs-se-mobilisent","status":"publish","type":"article","link":"https:\/\/admin.industriall-union.org\/fr\/stop-travail-precaire-les-travailleurs-se-mobilisent\/","title":{"rendered":"STOP Travail pr\u00e9caire: les travailleurs se mobilisent"},"content":{"rendered":"<p>Plus de 90 affili\u00e9s de IndustriALL Global Union dans plus de 40 pays ont engag\u00e9 des <a href=\"http:\/\/www.industriall-union.org\/issues\/social-justice-and-globalization\/stop-precarious-work\">actions<\/a> dans le cadre de meetings, s\u00e9minaires et campagnes de sensibilisation pour marquer cette Journ\u00e9e. Cette ann\u00e9e, IndustriALL s&rsquo;est servi des m\u00e9dias sociaux pour atteindre encore plus de militants et militantes &ndash; les 1.592 activistes qui se sont engag\u00e9s dans des actions ont \u00e9t\u00e9 un v\u00e9ritable coup de tonnerre, et ont permis d&rsquo;atteindre le nombre massif de 1.194.792 personnes sur twitter, Facebook et Tumblr.<\/p><p>Au Japon, en Slovaquie, \u00e0 Trinit\u00e9-et-Tobago, en R\u00e9publique d\u00e9mocratique du Congo et en Bosnie-Herz\u00e9govine, les affili\u00e9s sont descendus dans la rue et ont organis\u00e9 des s\u00e9minaires sur les menaces de l&rsquo;emploi pr\u00e9caire sur la s\u00e9curit\u00e9 d&rsquo;emploi, les salaires et les conditions de travail.<\/p><p>Les syndicats se battent en R\u00e9publique dominicaine, en Indon\u00e9sie et en R\u00e9publique d\u00e9mocratique du Congo, contre des l\u00e9gislations qui permettent le d\u00e9veloppement de l&rsquo;emploi pr\u00e9caire. Les affili\u00e9s dominicains ont d\u00e9fil\u00e9 tout d&rsquo;abord devant les bureaux de l&rsquo;association patronale, puis jusqu&rsquo;au minist\u00e8re du Travail et enfin au Parlement, o\u00f9 ils ont remis un projet de proposition de loi.<\/p><p>En Inde et au Pakistan, les travailleurs et travailleuses ont organis\u00e9 des r\u00e9unions et des manifestations dans les deux pays sur divers lieux de travail. Le Pakistan a plus de 20 millions de personnes employ\u00e9es dans le secteur informel, dont 12 millions de travailleuses. La f\u00e9d\u00e9ration des travailleuses \u00e0 domicile (HBWWF) a \u00e9galement organis\u00e9 des manifestations de femmes qui produisent \u00e0 domicile des bracelets de verre et des v\u00eatements \u00e0 Hyderabad et \u00e0 Karachi, pour pr\u00e9senter leurs revendications l\u00e9gales et notamment STOP Travail pr\u00e9caire.<\/p><p>Des actions continuent d&rsquo;\u00eatre signal\u00e9es, et il faut consulter la page de IndustriALL <a href=\"http:\/\/www.industriall-union.org\/fr\/themes\/justice-sociale-et-mondialisation\/stop-au-travail-precaire\">STOP Travail pr\u00e9caire<\/a> pour en prendre connaissance et savoir qui a entrepris une action lors de la Journ\u00e9e mondiale pour le travail d\u00e9cent.<\/p><p>Dans le cas o\u00f9 votre syndicat aurait entrepris une action autour du 7 octobre qui n&rsquo;appara\u00eetrait pas sur la <a href=\"http:\/\/www.industriall-union.org\/fr\/themes\/justice-sociale-et-mondialisation\/stop-au-travail-precaire\">page de la campagne STOP Travail pr\u00e9caire<\/a> de IndustriALL, veuillez nous avertir sur: <a href=\"mailto:press@industriALL-union.org?subject=SPW%20-%20ACTION\">press@industriALL-union.org<\/a>.<\/p><p>Vous pouvez \u00e9galement twitter avec le hashtag #STOPrecariousWork ou partager vos actions &nbsp;&nbsp;avec nous sur facebook.<\/p>","protected":false},"featured_media":0,"template":"","issues":[415],"companies":[],"regions":[155,202,254,288,308,311],"sectors":[],"article_tags":[],"class_list":["post-151976","article","type-article","status-publish","hentry","issues-stop-precarious-work","regions-asia-pacific","regions-europe","regions-latin-america-and-the-caribbean","regions-middle-east-and-north-africa","regions-north-america","regions-sub-saharan-africa"],"acf":[],"yoast_head":"<!-- This site is optimized with the Yoast SEO Premium plugin v27.1 (Yoast SEO v27.1) - https:\/\/yoast.com\/product\/yoast-seo-premium-wordpress\/ -->\n<title>STOP Travail pr\u00e9caire: les travailleurs se mobilisent - industriall-union<\/title>\n<meta name=\"description\" content=\"Plus de 90 affili\u00e9s de IndustriALL Global Union dans plus de 40 pays ont engag\u00e9 des actions dans le cadre de meetings, s\u00e9minaires et campagnes de\" \/>\n<meta name=\"robots\" content=\"index, follow, max-snippet:-1, max-image-preview:large, max-video-preview:-1\" \/>\n<link rel=\"canonical\" href=\"https:\/\/admin.industriall-union.org\/fr\/stop-travail-precaire-les-travailleurs-se-mobilisent\/\" \/>\n<meta property=\"og:locale\" content=\"fr_FR\" \/>\n<meta property=\"og:type\" content=\"article\" \/>\n<meta property=\"og:title\" content=\"STOP Travail pr\u00e9caire: les travailleurs se mobilisent\" \/>\n<meta property=\"og:description\" content=\"Plus de 90 affili\u00e9s de IndustriALL Global Union dans plus de 40 pays ont engag\u00e9 des actions dans le cadre de meetings, s\u00e9minaires et campagnes de\" \/>\n<meta property=\"og:url\" content=\"https:\/\/admin.industriall-union.org\/fr\/stop-travail-precaire-les-travailleurs-se-mobilisent\/\" \/>\n<meta property=\"og:site_name\" content=\"industriall-union\" \/>\n<meta property=\"article:modified_time\" content=\"2025-02-07T20:47:07+00:00\" \/>\n<meta name=\"twitter:card\" content=\"summary_large_image\" \/>\n<meta name=\"twitter:label1\" content=\"Est. reading time\" \/>\n\t<meta name=\"twitter:data1\" content=\"2 minutes\" \/>\n<script type=\"application\/ld+json\" class=\"yoast-schema-graph\">{\"@context\":\"https:\/\/schema.org\",\"@graph\":[{\"@type\":\"WebPage\",\"@id\":\"https:\/\/admin.industriall-union.org\/fr\/stop-travail-precaire-les-travailleurs-se-mobilisent\/\",\"url\":\"https:\/\/admin.industriall-union.org\/fr\/stop-travail-precaire-les-travailleurs-se-mobilisent\/\",\"name\":\"STOP Travail pr\u00e9caire: les travailleurs se mobilisent - industriall-union\",\"isPartOf\":{\"@id\":\"https:\/\/admin.industriall-union.org\/#website\"},\"datePublished\":\"2014-10-09T13:45:37+00:00\",\"dateModified\":\"2025-02-07T20:47:07+00:00\",\"description\":\"Plus de 90 affili\u00e9s de IndustriALL Global Union dans plus de 40 pays ont engag\u00e9 des actions dans le cadre de meetings, s\u00e9minaires et campagnes de\",\"breadcrumb\":{\"@id\":\"https:\/\/admin.industriall-union.org\/fr\/stop-travail-precaire-les-travailleurs-se-mobilisent\/#breadcrumb\"},\"inLanguage\":\"fr-FR\",\"potentialAction\":[{\"@type\":\"ReadAction\",\"target\":[\"https:\/\/admin.industriall-union.org\/fr\/stop-travail-precaire-les-travailleurs-se-mobilisent\/\"]}]},{\"@type\":\"BreadcrumbList\",\"@id\":\"https:\/\/admin.industriall-union.org\/fr\/stop-travail-precaire-les-travailleurs-se-mobilisent\/#breadcrumb\",\"itemListElement\":[{\"@type\":\"ListItem\",\"position\":1,\"name\":\"Home\",\"item\":\"https:\/\/admin.industriall-union.org\/\"},{\"@type\":\"ListItem\",\"position\":2,\"name\":\"Articles\",\"item\":\"https:\/\/admin.industriall-union.org\/article\/\"},{\"@type\":\"ListItem\",\"position\":3,\"name\":\"STOP Travail pr\u00e9caire: les travailleurs se mobilisent\"}]},{\"@type\":\"WebSite\",\"@id\":\"https:\/\/admin.industriall-union.org\/#website\",\"url\":\"https:\/\/admin.industriall-union.org\/\",\"name\":\"industriall-union\",\"description\":\"\",\"potentialAction\":[{\"@type\":\"SearchAction\",\"target\":{\"@type\":\"EntryPoint\",\"urlTemplate\":\"https:\/\/admin.industriall-union.org\/?s={search_term_string}\"},\"query-input\":{\"@type\":\"PropertyValueSpecification\",\"valueRequired\":true,\"valueName\":\"search_term_string\"}}],\"inLanguage\":\"fr-FR\"}]}<\/script>\n<!-- \/ Yoast SEO Premium plugin. -->","yoast_head_json":{"title":"STOP Travail pr\u00e9caire: les travailleurs se mobilisent - industriall-union","description":"Plus de 90 affili\u00e9s de IndustriALL Global Union dans plus de 40 pays ont engag\u00e9 des actions dans le cadre de meetings, s\u00e9minaires et campagnes de","robots":{"index":"index","follow":"follow","max-snippet":"max-snippet:-1","max-image-preview":"max-image-preview:large","max-video-preview":"max-video-preview:-1"},"canonical":"https:\/\/admin.industriall-union.org\/fr\/stop-travail-precaire-les-travailleurs-se-mobilisent\/","og_locale":"fr_FR","og_type":"article","og_title":"STOP Travail pr\u00e9caire: les travailleurs se mobilisent","og_description":"Plus de 90 affili\u00e9s de IndustriALL Global Union dans plus de 40 pays ont engag\u00e9 des actions dans le cadre de meetings, s\u00e9minaires et campagnes de","og_url":"https:\/\/admin.industriall-union.org\/fr\/stop-travail-precaire-les-travailleurs-se-mobilisent\/","og_site_name":"industriall-union","article_modified_time":"2025-02-07T20:47:07+00:00","twitter_card":"summary_large_image","twitter_misc":{"Est. reading time":"2 minutes"},"schema":{"@context":"https:\/\/schema.org","@graph":[{"@type":"WebPage","@id":"https:\/\/admin.industriall-union.org\/fr\/stop-travail-precaire-les-travailleurs-se-mobilisent\/","url":"https:\/\/admin.industriall-union.org\/fr\/stop-travail-precaire-les-travailleurs-se-mobilisent\/","name":"STOP Travail pr\u00e9caire: les travailleurs se mobilisent - industriall-union","isPartOf":{"@id":"https:\/\/admin.industriall-union.org\/#website"},"datePublished":"2014-10-09T13:45:37+00:00","dateModified":"2025-02-07T20:47:07+00:00","description":"Plus de 90 affili\u00e9s de IndustriALL Global Union dans plus de 40 pays ont engag\u00e9 des actions dans le cadre de meetings, s\u00e9minaires et campagnes de","breadcrumb":{"@id":"https:\/\/admin.industriall-union.org\/fr\/stop-travail-precaire-les-travailleurs-se-mobilisent\/#breadcrumb"},"inLanguage":"fr-FR","potentialAction":[{"@type":"ReadAction","target":["https:\/\/admin.industriall-union.org\/fr\/stop-travail-precaire-les-travailleurs-se-mobilisent\/"]}]},{"@type":"BreadcrumbList","@id":"https:\/\/admin.industriall-union.org\/fr\/stop-travail-precaire-les-travailleurs-se-mobilisent\/#breadcrumb","itemListElement":[{"@type":"ListItem","position":1,"name":"Home","item":"https:\/\/admin.industriall-union.org\/"},{"@type":"ListItem","position":2,"name":"Articles","item":"https:\/\/admin.industriall-union.org\/article\/"},{"@type":"ListItem","position":3,"name":"STOP Travail pr\u00e9caire: les travailleurs se mobilisent"}]},{"@type":"WebSite","@id":"https:\/\/admin.industriall-union.org\/#website","url":"https:\/\/admin.industriall-union.org\/","name":"industriall-union","description":"","potentialAction":[{"@type":"SearchAction","target":{"@type":"EntryPoint","urlTemplate":"https:\/\/admin.industriall-union.org\/?s={search_term_string}"},"query-input":{"@type":"PropertyValueSpecification","valueRequired":true,"valueName":"search_term_string"}}],"inLanguage":"fr-FR"}]}},"_links":{"self":[{"href":"https:\/\/admin.industriall-union.org\/fr\/wp-json\/wp\/v2\/article\/151976","targetHints":{"allow":["GET"]}}],"collection":[{"href":"https:\/\/admin.industriall-union.org\/fr\/wp-json\/wp\/v2\/article"}],"about":[{"href":"https:\/\/admin.industriall-union.org\/fr\/wp-json\/wp\/v2\/types\/article"}],"wp:attachment":[{"href":"https:\/\/admin.industriall-union.org\/fr\/wp-json\/wp\/v2\/media?parent=151976"}],"wp:term":[{"taxonomy":"issues","embeddable":true,"href":"https:\/\/admin.industriall-union.org\/fr\/wp-json\/wp\/v2\/issues?post=151976"},{"taxonomy":"companies","embeddable":true,"href":"https:\/\/admin.industriall-union.org\/fr\/wp-json\/wp\/v2\/companies?post=151976"},{"taxonomy":"regions","embeddable":true,"href":"https:\/\/admin.industriall-union.org\/fr\/wp-json\/wp\/v2\/regions?post=151976"},{"taxonomy":"sectors","embeddable":true,"href":"https:\/\/admin.industriall-union.org\/fr\/wp-json\/wp\/v2\/sectors?post=151976"},{"taxonomy":"article_tags","embeddable":true,"href":"https:\/\/admin.industriall-union.org\/fr\/wp-json\/wp\/v2\/article_tags?post=151976"}],"curies":[{"name":"wp","href":"https:\/\/api.w.org\/{rel}","templated":true}]}}