{"id":151959,"date":"2014-10-20T15:40:19","date_gmt":"2014-10-20T15:40:19","guid":{"rendered":"https:\/\/admin.industriall-union.org\/la-victoire-des-travailleurs-chez-schneider-electric-met-fin-a-la-greve\/"},"modified":"2025-02-07T20:21:20","modified_gmt":"2025-02-07T20:21:20","slug":"la-victoire-des-travailleurs-chez-schneider-electric-met-fin-a-la-greve","status":"publish","type":"article","link":"https:\/\/admin.industriall-union.org\/fr\/la-victoire-des-travailleurs-chez-schneider-electric-met-fin-a-la-greve\/","title":{"rendered":"La victoire des travailleurs chez Schneider Electric met fin \u00e0 la gr\u00e8ve"},"content":{"rendered":"<p>Plus de 300 membres de l&rsquo;IAM de la section locale 2069 ont pris part aux <a href=\"http:\/\/www.industriall-union.org\/fr\/greve-chez-schneider-electric-aux-etats-unis\">actions syndicales<\/a> dans l&rsquo;usine Square D de Schneider \u00e0 Peru, dans l&rsquo;Indiana, qui se sont termin\u00e9es ce 19 octobre.<\/p><p>&ldquo;Nos membres ont tenu bon et ont obtenu des am\u00e9liorations dont ils peuvent \u00eatre fiers,&rdquo; a d\u00e9clar\u00e9 le Directeur pour les N\u00e9gociations collectives de l&rsquo;IAM Tom O&rsquo;Heron. &ldquo;Schneider Electric est une entreprise extr\u00eamement florissante et nos membres, qui rendent ces profits possibles, se sont battus pour une part l\u00e9gitime dans le succ\u00e8s de l&rsquo;entreprise.&rdquo;<\/p><p>Les membres de la section locale 2069 ont obtenu des avanc\u00e9es dans des domaines cl\u00e9s de cette nouvelle convention conclue pour trois ans. En plus d&rsquo;une prime de 1.600 dollars, il y aura des augmentations de 3% la premi\u00e8re ann\u00e9e et 2% les deuxi\u00e8me et troisi\u00e8me ann\u00e9es. Les n\u00e9gociateurs de l&rsquo;IAM ont \u00e9galement r\u00e9pondu aux pr\u00e9occupations des membres concernant un foss\u00e9 devant trop grand entre les bas et les hauts salaires.<\/p><p>Bien que le nouveau pacte g\u00e8le le plan de pension actuel au 31 d\u00e9cembre 2015, les n\u00e9gociateurs de l&rsquo;IAM ont obtenu que les contributions de l&rsquo;entreprise dans le cadre de la transition vers un autre syst\u00e8me soient plus \u00e9lev\u00e9es que ce qu&rsquo;elle avait pr\u00e9vu \u00e0 l&rsquo;origine.<\/p><p>&ldquo;Aussi bien les entreprises locales que les autres syndicats de la r\u00e9gion ont apport\u00e9 un extraordinaire soutien \u00e0 nos membres,&rdquo; a d\u00e9clar\u00e9 O&rsquo;Heron. &ldquo;Le comit\u00e9 de n\u00e9gociation de la section 2069 a aussi fait du tr\u00e8s bon boulot en tenant inform\u00e9s nos membres et toute la communaut\u00e9 locale de l&rsquo;ensemble du processus. Au bout du compte, cela a fait une grosse diff\u00e9rence et nous leur sommes reconnaissants que cela ait pu d\u00e9boucher sur un accord.&rdquo;<\/p><p>Schneider Electric, multinationale europ\u00e9enne, emploie 130.000 personnes dans plus de 100 pays.<\/p><p>Le Secr\u00e9taire g\u00e9n\u00e9ral d&rsquo;IndustriALL, Jyrki Raina, pr\u00e9cise&nbsp;:<\/p><p>&ldquo;C&rsquo;est une victoire consid\u00e9rable pour l&rsquo;IAM \u00e0 l&rsquo;issue d&rsquo;un mouvement social bien soutenu par ses adh\u00e9rents. Schneider a finalement \u00e9t\u00e9 forc\u00e9 \u00e0 revenir \u00e0 la table des n\u00e9gociations apr\u00e8s avoir \u00e9t\u00e9 mis sous pression de mani\u00e8re significative par l&rsquo;IAM et sa section locale.<\/p><p>L&rsquo;<a href=\"http:\/\/www.goiam.org\/\">IAM<\/a> est l&rsquo;un des plus importants syndicats d&rsquo;Am\u00e9rique du Nord et repr\u00e9sente pr\u00e8s de 600.000 adh\u00e9rents actifs et retrait\u00e9s.<\/p>","protected":false},"featured_media":0,"template":"","issues":[425],"companies":[],"regions":[310],"sectors":[491],"article_tags":[529],"class_list":["post-151959","article","type-article","status-publish","hentry","issues-workers-rights","regions-usa","sectors-electrical","article_tags-strike"],"acf":[],"yoast_head":"<!-- This site is optimized with the Yoast SEO Premium plugin v27.1 (Yoast SEO v27.1) - https:\/\/yoast.com\/product\/yoast-seo-premium-wordpress\/ -->\n<title>La victoire des travailleurs chez Schneider Electric met fin \u00e0 la gr\u00e8ve - industriall-union<\/title>\n<meta name=\"description\" content=\"Plus de 300 membres de l&rsquo;IAM de la section locale 2069 ont pris part aux actions syndicales dans l&rsquo;usine Square D de Schneider \u00e0 Peru, dans\" \/>\n<meta name=\"robots\" content=\"index, follow, max-snippet:-1, max-image-preview:large, max-video-preview:-1\" \/>\n<link rel=\"canonical\" href=\"https:\/\/admin.industriall-union.org\/fr\/la-victoire-des-travailleurs-chez-schneider-electric-met-fin-a-la-greve\/\" \/>\n<meta property=\"og:locale\" content=\"fr_FR\" \/>\n<meta property=\"og:type\" content=\"article\" \/>\n<meta property=\"og:title\" content=\"La victoire des travailleurs chez Schneider Electric met fin \u00e0 la gr\u00e8ve\" \/>\n<meta property=\"og:description\" content=\"Plus de 300 membres de l&rsquo;IAM de la section locale 2069 ont pris part aux actions syndicales dans l&rsquo;usine Square D de Schneider \u00e0 Peru, dans\" \/>\n<meta property=\"og:url\" content=\"https:\/\/admin.industriall-union.org\/fr\/la-victoire-des-travailleurs-chez-schneider-electric-met-fin-a-la-greve\/\" \/>\n<meta property=\"og:site_name\" content=\"industriall-union\" \/>\n<meta property=\"article:modified_time\" content=\"2025-02-07T20:21:20+00:00\" \/>\n<meta name=\"twitter:card\" content=\"summary_large_image\" \/>\n<meta name=\"twitter:label1\" content=\"Est. reading time\" \/>\n\t<meta name=\"twitter:data1\" content=\"2 minutes\" \/>\n<script type=\"application\/ld+json\" class=\"yoast-schema-graph\">{\"@context\":\"https:\/\/schema.org\",\"@graph\":[{\"@type\":\"WebPage\",\"@id\":\"https:\/\/admin.industriall-union.org\/fr\/la-victoire-des-travailleurs-chez-schneider-electric-met-fin-a-la-greve\/\",\"url\":\"https:\/\/admin.industriall-union.org\/fr\/la-victoire-des-travailleurs-chez-schneider-electric-met-fin-a-la-greve\/\",\"name\":\"La victoire des travailleurs chez Schneider Electric met fin \u00e0 la gr\u00e8ve - industriall-union\",\"isPartOf\":{\"@id\":\"https:\/\/admin.industriall-union.org\/#website\"},\"datePublished\":\"2014-10-20T15:40:19+00:00\",\"dateModified\":\"2025-02-07T20:21:20+00:00\",\"description\":\"Plus de 300 membres de l&rsquo;IAM de la section locale 2069 ont pris part aux actions syndicales dans l&rsquo;usine Square D de Schneider \u00e0 Peru, dans\",\"breadcrumb\":{\"@id\":\"https:\/\/admin.industriall-union.org\/fr\/la-victoire-des-travailleurs-chez-schneider-electric-met-fin-a-la-greve\/#breadcrumb\"},\"inLanguage\":\"fr-FR\",\"potentialAction\":[{\"@type\":\"ReadAction\",\"target\":[\"https:\/\/admin.industriall-union.org\/fr\/la-victoire-des-travailleurs-chez-schneider-electric-met-fin-a-la-greve\/\"]}]},{\"@type\":\"BreadcrumbList\",\"@id\":\"https:\/\/admin.industriall-union.org\/fr\/la-victoire-des-travailleurs-chez-schneider-electric-met-fin-a-la-greve\/#breadcrumb\",\"itemListElement\":[{\"@type\":\"ListItem\",\"position\":1,\"name\":\"Home\",\"item\":\"https:\/\/admin.industriall-union.org\/\"},{\"@type\":\"ListItem\",\"position\":2,\"name\":\"Articles\",\"item\":\"https:\/\/admin.industriall-union.org\/article\/\"},{\"@type\":\"ListItem\",\"position\":3,\"name\":\"La victoire des travailleurs chez Schneider Electric met fin \u00e0 la gr\u00e8ve\"}]},{\"@type\":\"WebSite\",\"@id\":\"https:\/\/admin.industriall-union.org\/#website\",\"url\":\"https:\/\/admin.industriall-union.org\/\",\"name\":\"industriall-union\",\"description\":\"\",\"potentialAction\":[{\"@type\":\"SearchAction\",\"target\":{\"@type\":\"EntryPoint\",\"urlTemplate\":\"https:\/\/admin.industriall-union.org\/?s={search_term_string}\"},\"query-input\":{\"@type\":\"PropertyValueSpecification\",\"valueRequired\":true,\"valueName\":\"search_term_string\"}}],\"inLanguage\":\"fr-FR\"}]}<\/script>\n<!-- \/ Yoast SEO Premium plugin. -->","yoast_head_json":{"title":"La victoire des travailleurs chez Schneider Electric met fin \u00e0 la gr\u00e8ve - industriall-union","description":"Plus de 300 membres de l&rsquo;IAM de la section locale 2069 ont pris part aux actions syndicales dans l&rsquo;usine Square D de Schneider \u00e0 Peru, dans","robots":{"index":"index","follow":"follow","max-snippet":"max-snippet:-1","max-image-preview":"max-image-preview:large","max-video-preview":"max-video-preview:-1"},"canonical":"https:\/\/admin.industriall-union.org\/fr\/la-victoire-des-travailleurs-chez-schneider-electric-met-fin-a-la-greve\/","og_locale":"fr_FR","og_type":"article","og_title":"La victoire des travailleurs chez Schneider Electric met fin \u00e0 la gr\u00e8ve","og_description":"Plus de 300 membres de l&rsquo;IAM de la section locale 2069 ont pris part aux actions syndicales dans l&rsquo;usine Square D de Schneider \u00e0 Peru, dans","og_url":"https:\/\/admin.industriall-union.org\/fr\/la-victoire-des-travailleurs-chez-schneider-electric-met-fin-a-la-greve\/","og_site_name":"industriall-union","article_modified_time":"2025-02-07T20:21:20+00:00","twitter_card":"summary_large_image","twitter_misc":{"Est. reading time":"2 minutes"},"schema":{"@context":"https:\/\/schema.org","@graph":[{"@type":"WebPage","@id":"https:\/\/admin.industriall-union.org\/fr\/la-victoire-des-travailleurs-chez-schneider-electric-met-fin-a-la-greve\/","url":"https:\/\/admin.industriall-union.org\/fr\/la-victoire-des-travailleurs-chez-schneider-electric-met-fin-a-la-greve\/","name":"La victoire des travailleurs chez Schneider Electric met fin \u00e0 la gr\u00e8ve - industriall-union","isPartOf":{"@id":"https:\/\/admin.industriall-union.org\/#website"},"datePublished":"2014-10-20T15:40:19+00:00","dateModified":"2025-02-07T20:21:20+00:00","description":"Plus de 300 membres de l&rsquo;IAM de la section locale 2069 ont pris part aux actions syndicales dans l&rsquo;usine Square D de Schneider \u00e0 Peru, dans","breadcrumb":{"@id":"https:\/\/admin.industriall-union.org\/fr\/la-victoire-des-travailleurs-chez-schneider-electric-met-fin-a-la-greve\/#breadcrumb"},"inLanguage":"fr-FR","potentialAction":[{"@type":"ReadAction","target":["https:\/\/admin.industriall-union.org\/fr\/la-victoire-des-travailleurs-chez-schneider-electric-met-fin-a-la-greve\/"]}]},{"@type":"BreadcrumbList","@id":"https:\/\/admin.industriall-union.org\/fr\/la-victoire-des-travailleurs-chez-schneider-electric-met-fin-a-la-greve\/#breadcrumb","itemListElement":[{"@type":"ListItem","position":1,"name":"Home","item":"https:\/\/admin.industriall-union.org\/"},{"@type":"ListItem","position":2,"name":"Articles","item":"https:\/\/admin.industriall-union.org\/article\/"},{"@type":"ListItem","position":3,"name":"La victoire des travailleurs chez Schneider Electric met fin \u00e0 la gr\u00e8ve"}]},{"@type":"WebSite","@id":"https:\/\/admin.industriall-union.org\/#website","url":"https:\/\/admin.industriall-union.org\/","name":"industriall-union","description":"","potentialAction":[{"@type":"SearchAction","target":{"@type":"EntryPoint","urlTemplate":"https:\/\/admin.industriall-union.org\/?s={search_term_string}"},"query-input":{"@type":"PropertyValueSpecification","valueRequired":true,"valueName":"search_term_string"}}],"inLanguage":"fr-FR"}]}},"_links":{"self":[{"href":"https:\/\/admin.industriall-union.org\/fr\/wp-json\/wp\/v2\/article\/151959","targetHints":{"allow":["GET"]}}],"collection":[{"href":"https:\/\/admin.industriall-union.org\/fr\/wp-json\/wp\/v2\/article"}],"about":[{"href":"https:\/\/admin.industriall-union.org\/fr\/wp-json\/wp\/v2\/types\/article"}],"wp:attachment":[{"href":"https:\/\/admin.industriall-union.org\/fr\/wp-json\/wp\/v2\/media?parent=151959"}],"wp:term":[{"taxonomy":"issues","embeddable":true,"href":"https:\/\/admin.industriall-union.org\/fr\/wp-json\/wp\/v2\/issues?post=151959"},{"taxonomy":"companies","embeddable":true,"href":"https:\/\/admin.industriall-union.org\/fr\/wp-json\/wp\/v2\/companies?post=151959"},{"taxonomy":"regions","embeddable":true,"href":"https:\/\/admin.industriall-union.org\/fr\/wp-json\/wp\/v2\/regions?post=151959"},{"taxonomy":"sectors","embeddable":true,"href":"https:\/\/admin.industriall-union.org\/fr\/wp-json\/wp\/v2\/sectors?post=151959"},{"taxonomy":"article_tags","embeddable":true,"href":"https:\/\/admin.industriall-union.org\/fr\/wp-json\/wp\/v2\/article_tags?post=151959"}],"curies":[{"name":"wp","href":"https:\/\/api.w.org\/{rel}","templated":true}]}}