{"id":151950,"date":"2014-10-23T15:57:05","date_gmt":"2014-10-23T15:57:05","guid":{"rendered":"https:\/\/admin.industriall-union.org\/le-pdg-d-ibm-abandonne-la-feuille-de-route-2015\/"},"modified":"2025-02-07T20:14:17","modified_gmt":"2025-02-07T20:14:17","slug":"le-pdg-d-ibm-abandonne-la-feuille-de-route-2015","status":"publish","type":"article","link":"https:\/\/admin.industriall-union.org\/fr\/le-pdg-d-ibm-abandonne-la-feuille-de-route-2015\/","title":{"rendered":"Le PDG d\u2019IBM abandonne la Feuille de Route 2015"},"content":{"rendered":"<p>Alors qu&rsquo;IBM se focalisait sur la &ldquo;Feuille de Route&rdquo; et ses objectifs hors de port\u00e9e, des dommages consid\u00e9rables ont \u00e9t\u00e9 commis \u00e0 la fois aux salari\u00e9s et \u00e0 l&rsquo;entreprise&nbsp;:<\/p><ul><li>Des dizaines de milliers de salari\u00e9s dans le monde ont perdu leur emploi dans le cadre&nbsp; &ldquo;d&rsquo;actions sur les ressources&rdquo;.<\/li><li>Des diminutions de salaires et de prestations ainsi que l&rsquo;absence de hausses salariales ont eu de graves r\u00e9percussions sur les moyens de subsistance de salari\u00e9s.<\/li><li>Des d\u00e9partements et des emplois ont \u00e9t\u00e9 c\u00e9d\u00e9s \u00e0 d&rsquo;autres entreprises et, dans certains cas, IBM a \u00e9t\u00e9 jusqu&rsquo;\u00e0 payer pour que ceux-ci soient repris par d&rsquo;autres entreprises comme dans le cas de Global Foundries.<\/li><li>Des coupes insens\u00e9es dans certaines d\u00e9penses ont affect\u00e9 les besoins financiers journaliers des salari\u00e9s.<\/li><li>Des salari\u00e9s ont quitt\u00e9 l&rsquo;entreprise en grand nombre en raison d&rsquo;un climat de travail d\u00e9l\u00e9t\u00e8re.<\/li><li>Le travail a \u00e9t\u00e9 d\u00e9localis\u00e9, d\u00e9cimant les salari\u00e9s dans des pays tels que les \u00c9tats-Unis et l&rsquo;Australie.<\/li><li>Les clients ont perdu confiance en l&rsquo;entreprise.<\/li><li>Le moral des troupes au sein d&rsquo;IBM est au plus bas.<\/li><\/ul><p>Bien que la&nbsp; &ldquo;Feuille de Route 2015&rdquo; ait \u00e9t\u00e9 abandonn\u00e9e, les pertes d&rsquo;emplois, les coupes dans les salaires et le climat de travail d\u00e9l\u00e9t\u00e8re signifient que les salari\u00e9s d&rsquo;IBM ne sont pas au bout de leurs peines.<\/p><p>Les <a href=\"http:\/\/www.industriall-union.org\/fr\/les-syndicats-dibm-arretent-une-nouvelle-strategie-mondiale-contre-les-suppressions-demplois\">syndicats membres<\/a> de l&rsquo;Alliance mondiale des syndicats d&rsquo;IBM, dont ceux d&rsquo;IndustriALL, se sont fermement oppos\u00e9s \u00e0 la Feuille de Route 2015 et vont continuer \u00e0 se battre contre les pertes d&rsquo;emploi et les actions prises au d\u00e9triment des salari\u00e9s d&rsquo;IBM. L&rsquo;Alliance exhorte les dirigeants d&rsquo;IBM \u00e0 \u00e9couter ses salari\u00e9s et syndicats avant que cette entreprise autrefois si prestigieuse ne perde son \u00e2me par la cupidit\u00e9 et l&rsquo;incomp\u00e9tence de ses cadres.<\/p>","protected":false},"featured_media":0,"template":"","issues":[406],"companies":[74],"regions":[],"sectors":[493],"article_tags":[],"class_list":["post-151950","article","type-article","status-publish","hentry","issues-confronting-global-capital","companies-ibm","sectors-ict"],"acf":[],"yoast_head":"<!-- This site is optimized with the Yoast SEO Premium plugin v27.1 (Yoast SEO v27.1) - https:\/\/yoast.com\/product\/yoast-seo-premium-wordpress\/ -->\n<title>Le PDG d\u2019IBM abandonne la Feuille de Route 2015 - industriall-union<\/title>\n<meta name=\"description\" content=\"Alors qu&rsquo;IBM se focalisait sur la &ldquo;Feuille de Route&rdquo; et ses objectifs hors de port\u00e9e, des dommages consid\u00e9rables ont \u00e9t\u00e9 commis \u00e0 la\" \/>\n<meta name=\"robots\" content=\"index, follow, max-snippet:-1, max-image-preview:large, max-video-preview:-1\" \/>\n<link rel=\"canonical\" href=\"https:\/\/admin.industriall-union.org\/fr\/le-pdg-d-ibm-abandonne-la-feuille-de-route-2015\/\" \/>\n<meta property=\"og:locale\" content=\"fr_FR\" \/>\n<meta property=\"og:type\" content=\"article\" \/>\n<meta property=\"og:title\" content=\"Le PDG d\u2019IBM abandonne la Feuille de Route 2015\" \/>\n<meta property=\"og:description\" content=\"Alors qu&rsquo;IBM se focalisait sur la &ldquo;Feuille de Route&rdquo; et ses objectifs hors de port\u00e9e, des dommages consid\u00e9rables ont \u00e9t\u00e9 commis \u00e0 la\" \/>\n<meta property=\"og:url\" content=\"https:\/\/admin.industriall-union.org\/fr\/le-pdg-d-ibm-abandonne-la-feuille-de-route-2015\/\" \/>\n<meta property=\"og:site_name\" content=\"industriall-union\" \/>\n<meta property=\"article:modified_time\" content=\"2025-02-07T20:14:17+00:00\" \/>\n<meta name=\"twitter:card\" content=\"summary_large_image\" \/>\n<meta name=\"twitter:label1\" content=\"Est. reading time\" \/>\n\t<meta name=\"twitter:data1\" content=\"2 minutes\" \/>\n<script type=\"application\/ld+json\" class=\"yoast-schema-graph\">{\"@context\":\"https:\/\/schema.org\",\"@graph\":[{\"@type\":\"WebPage\",\"@id\":\"https:\/\/admin.industriall-union.org\/fr\/le-pdg-d-ibm-abandonne-la-feuille-de-route-2015\/\",\"url\":\"https:\/\/admin.industriall-union.org\/fr\/le-pdg-d-ibm-abandonne-la-feuille-de-route-2015\/\",\"name\":\"Le PDG d\u2019IBM abandonne la Feuille de Route 2015 - industriall-union\",\"isPartOf\":{\"@id\":\"https:\/\/admin.industriall-union.org\/#website\"},\"datePublished\":\"2014-10-23T15:57:05+00:00\",\"dateModified\":\"2025-02-07T20:14:17+00:00\",\"description\":\"Alors qu&rsquo;IBM se focalisait sur la &ldquo;Feuille de Route&rdquo; et ses objectifs hors de port\u00e9e, des dommages consid\u00e9rables ont \u00e9t\u00e9 commis \u00e0 la\",\"breadcrumb\":{\"@id\":\"https:\/\/admin.industriall-union.org\/fr\/le-pdg-d-ibm-abandonne-la-feuille-de-route-2015\/#breadcrumb\"},\"inLanguage\":\"fr-FR\",\"potentialAction\":[{\"@type\":\"ReadAction\",\"target\":[\"https:\/\/admin.industriall-union.org\/fr\/le-pdg-d-ibm-abandonne-la-feuille-de-route-2015\/\"]}]},{\"@type\":\"BreadcrumbList\",\"@id\":\"https:\/\/admin.industriall-union.org\/fr\/le-pdg-d-ibm-abandonne-la-feuille-de-route-2015\/#breadcrumb\",\"itemListElement\":[{\"@type\":\"ListItem\",\"position\":1,\"name\":\"Home\",\"item\":\"https:\/\/admin.industriall-union.org\/\"},{\"@type\":\"ListItem\",\"position\":2,\"name\":\"Articles\",\"item\":\"https:\/\/admin.industriall-union.org\/article\/\"},{\"@type\":\"ListItem\",\"position\":3,\"name\":\"Le PDG d\u2019IBM abandonne la Feuille de Route 2015\"}]},{\"@type\":\"WebSite\",\"@id\":\"https:\/\/admin.industriall-union.org\/#website\",\"url\":\"https:\/\/admin.industriall-union.org\/\",\"name\":\"industriall-union\",\"description\":\"\",\"potentialAction\":[{\"@type\":\"SearchAction\",\"target\":{\"@type\":\"EntryPoint\",\"urlTemplate\":\"https:\/\/admin.industriall-union.org\/?s={search_term_string}\"},\"query-input\":{\"@type\":\"PropertyValueSpecification\",\"valueRequired\":true,\"valueName\":\"search_term_string\"}}],\"inLanguage\":\"fr-FR\"}]}<\/script>\n<!-- \/ Yoast SEO Premium plugin. -->","yoast_head_json":{"title":"Le PDG d\u2019IBM abandonne la Feuille de Route 2015 - industriall-union","description":"Alors qu&rsquo;IBM se focalisait sur la &ldquo;Feuille de Route&rdquo; et ses objectifs hors de port\u00e9e, des dommages consid\u00e9rables ont \u00e9t\u00e9 commis \u00e0 la","robots":{"index":"index","follow":"follow","max-snippet":"max-snippet:-1","max-image-preview":"max-image-preview:large","max-video-preview":"max-video-preview:-1"},"canonical":"https:\/\/admin.industriall-union.org\/fr\/le-pdg-d-ibm-abandonne-la-feuille-de-route-2015\/","og_locale":"fr_FR","og_type":"article","og_title":"Le PDG d\u2019IBM abandonne la Feuille de Route 2015","og_description":"Alors qu&rsquo;IBM se focalisait sur la &ldquo;Feuille de Route&rdquo; et ses objectifs hors de port\u00e9e, des dommages consid\u00e9rables ont \u00e9t\u00e9 commis \u00e0 la","og_url":"https:\/\/admin.industriall-union.org\/fr\/le-pdg-d-ibm-abandonne-la-feuille-de-route-2015\/","og_site_name":"industriall-union","article_modified_time":"2025-02-07T20:14:17+00:00","twitter_card":"summary_large_image","twitter_misc":{"Est. reading time":"2 minutes"},"schema":{"@context":"https:\/\/schema.org","@graph":[{"@type":"WebPage","@id":"https:\/\/admin.industriall-union.org\/fr\/le-pdg-d-ibm-abandonne-la-feuille-de-route-2015\/","url":"https:\/\/admin.industriall-union.org\/fr\/le-pdg-d-ibm-abandonne-la-feuille-de-route-2015\/","name":"Le PDG d\u2019IBM abandonne la Feuille de Route 2015 - industriall-union","isPartOf":{"@id":"https:\/\/admin.industriall-union.org\/#website"},"datePublished":"2014-10-23T15:57:05+00:00","dateModified":"2025-02-07T20:14:17+00:00","description":"Alors qu&rsquo;IBM se focalisait sur la &ldquo;Feuille de Route&rdquo; et ses objectifs hors de port\u00e9e, des dommages consid\u00e9rables ont \u00e9t\u00e9 commis \u00e0 la","breadcrumb":{"@id":"https:\/\/admin.industriall-union.org\/fr\/le-pdg-d-ibm-abandonne-la-feuille-de-route-2015\/#breadcrumb"},"inLanguage":"fr-FR","potentialAction":[{"@type":"ReadAction","target":["https:\/\/admin.industriall-union.org\/fr\/le-pdg-d-ibm-abandonne-la-feuille-de-route-2015\/"]}]},{"@type":"BreadcrumbList","@id":"https:\/\/admin.industriall-union.org\/fr\/le-pdg-d-ibm-abandonne-la-feuille-de-route-2015\/#breadcrumb","itemListElement":[{"@type":"ListItem","position":1,"name":"Home","item":"https:\/\/admin.industriall-union.org\/"},{"@type":"ListItem","position":2,"name":"Articles","item":"https:\/\/admin.industriall-union.org\/article\/"},{"@type":"ListItem","position":3,"name":"Le PDG d\u2019IBM abandonne la Feuille de Route 2015"}]},{"@type":"WebSite","@id":"https:\/\/admin.industriall-union.org\/#website","url":"https:\/\/admin.industriall-union.org\/","name":"industriall-union","description":"","potentialAction":[{"@type":"SearchAction","target":{"@type":"EntryPoint","urlTemplate":"https:\/\/admin.industriall-union.org\/?s={search_term_string}"},"query-input":{"@type":"PropertyValueSpecification","valueRequired":true,"valueName":"search_term_string"}}],"inLanguage":"fr-FR"}]}},"_links":{"self":[{"href":"https:\/\/admin.industriall-union.org\/fr\/wp-json\/wp\/v2\/article\/151950","targetHints":{"allow":["GET"]}}],"collection":[{"href":"https:\/\/admin.industriall-union.org\/fr\/wp-json\/wp\/v2\/article"}],"about":[{"href":"https:\/\/admin.industriall-union.org\/fr\/wp-json\/wp\/v2\/types\/article"}],"wp:attachment":[{"href":"https:\/\/admin.industriall-union.org\/fr\/wp-json\/wp\/v2\/media?parent=151950"}],"wp:term":[{"taxonomy":"issues","embeddable":true,"href":"https:\/\/admin.industriall-union.org\/fr\/wp-json\/wp\/v2\/issues?post=151950"},{"taxonomy":"companies","embeddable":true,"href":"https:\/\/admin.industriall-union.org\/fr\/wp-json\/wp\/v2\/companies?post=151950"},{"taxonomy":"regions","embeddable":true,"href":"https:\/\/admin.industriall-union.org\/fr\/wp-json\/wp\/v2\/regions?post=151950"},{"taxonomy":"sectors","embeddable":true,"href":"https:\/\/admin.industriall-union.org\/fr\/wp-json\/wp\/v2\/sectors?post=151950"},{"taxonomy":"article_tags","embeddable":true,"href":"https:\/\/admin.industriall-union.org\/fr\/wp-json\/wp\/v2\/article_tags?post=151950"}],"curies":[{"name":"wp","href":"https:\/\/api.w.org\/{rel}","templated":true}]}}