{"id":151915,"date":"2014-11-10T12:56:57","date_gmt":"2014-11-10T12:56:57","guid":{"rendered":"https:\/\/admin.industriall-union.org\/le-syndicaliste-colombien-dario-cardenas-acquitte-et-libere\/"},"modified":"2025-02-07T19:37:15","modified_gmt":"2025-02-07T19:37:15","slug":"le-syndicaliste-colombien-dario-cardenas-acquitte-et-libere","status":"publish","type":"article","link":"https:\/\/admin.industriall-union.org\/fr\/le-syndicaliste-colombien-dario-cardenas-acquitte-et-libere\/","title":{"rendered":"Le syndicaliste colombien Dar\u00edo C\u00e1rdenas acquitt\u00e9 et lib\u00e9r\u00e9"},"content":{"rendered":"<p>C\u00e1rdenas a \u00e9t\u00e9 acquitt\u00e9 des accusations port\u00e9es contre lui par le procureur \u00e0 la suite d&rsquo;une d\u00e9cision prise par le juge Segundo Promiscuo \u00e0 Puerto L\u00f3pez ce 5 novembre 2014.<\/p><p>C\u00e1rdenas avait \u00e9t\u00e9 mis en d\u00e9tention \u00e0 Villavicencio, dans le d\u00e9partement du Meta, le 2 novembre 2013 apr\u00e8s que la premi\u00e8re cour criminelle a pris \u00e0 son encontre une d\u00e9cision l&rsquo;accusant d&rsquo;obstruction sur la voie publique, de dommages aux ressources naturelles et de dommages aggrav\u00e9s \u00e0 la propri\u00e9t\u00e9 priv\u00e9e.<\/p><p>L&rsquo;USO, qui est affili\u00e9e \u00e0 IndustriALL, a publi\u00e9 un communiqu\u00e9 qui pr\u00e9cise&nbsp;: &ldquo;Ceci met un frein aux tentatives visant \u00e0 criminaliser et discr\u00e9diter les dirigeants de l&rsquo;USO qui protestaient contre les multinationales du p\u00e9trole et leurs mauvaises conditions de travail et de vie, en particulier s&rsquo;agissant de Pacific Rubiales Energy \u00e0 Puerto Gait\u00e1n (Meta) en 2011 et 2012.&rdquo;<\/p><p>IndustriALL f\u00e9licite les coll\u00e8gues de l&rsquo;USO pour la lutte d\u00e9termin\u00e9e men\u00e9e depuis que ces injustices avaient \u00e9t\u00e9 commises. Nous condamnons les coups mont\u00e9s contre elle dans le seul but de s&rsquo;en prendre aux syndicats et de les intimider ainsi que toute personne faisant preuve de solidarit\u00e9 avec eux.<\/p><p>Fernando Lopes, Secr\u00e9taire g\u00e9n\u00e9ral adjoint d&rsquo;IndustriALL a rendu visite \u00e0 Dar\u00edo C\u00e1rdenas \u00e0 la prison de Villavicencio en mai de cette ann\u00e9e pour lui faire part en personne du soutien et de la solidarit\u00e9 de notre f\u00e9d\u00e9ration.<\/p><p>Dans son communiqu\u00e9, l&rsquo;USO ajoute&nbsp;: &ldquo;Cette d\u00e9cision nous encourage \u00e0 poursuivre notre travail et \u00e0 insister pour que le gouvernement cesse de pers\u00e9cuter les travailleurs du p\u00e9trole, le mouvement syndical et les d\u00e9fenseurs des droits sociaux dans ce pays. Nous appelons \u00e0 la souverainet\u00e9 du syst\u00e8me judiciaire colombien par rapport aux int\u00e9r\u00eats des multinationales, \u00e0 la reconnaissance des libert\u00e9s syndicales et droits des travailleurs, \u00e0 l&rsquo;abrogation du Statut de S\u00e9curit\u00e9 Citoyenne et de toute autre l\u00e9gislation qui criminalise la protestation sociale, foule aux pieds les droits des travailleurs et met en place ce qui est, de fait, une dictature civile dans le pays.&rdquo;<\/p><p>IndustriALL a souvent exprim\u00e9 sa pr\u00e9occupation par rapport \u00e0 la pers\u00e9cution du mouvement syndical en Colombie. Elle va poursuivre son soutien \u00e0 l&rsquo;USO dans sa campagne visant la lib\u00e9ration de Rafael Rodr\u00edguez Moros, dirigeant de la Section Centre de l&rsquo;USO, qui est toujours en d\u00e9tention.<\/p>","protected":false},"featured_media":0,"template":"","issues":[],"companies":[],"regions":[264],"sectors":[483],"article_tags":[],"class_list":["post-151915","article","type-article","status-publish","hentry","regions-colombia","sectors-energy-oil-gas-electricity-and-nuclear"],"acf":[],"yoast_head":"<!-- This site is optimized with the Yoast SEO Premium plugin v27.1 (Yoast SEO v27.1) - https:\/\/yoast.com\/product\/yoast-seo-premium-wordpress\/ -->\n<title>Le syndicaliste colombien Dar\u00edo C\u00e1rdenas acquitt\u00e9 et lib\u00e9r\u00e9 - industriall-union<\/title>\n<meta name=\"description\" content=\"C\u00e1rdenas a \u00e9t\u00e9 acquitt\u00e9 des accusations port\u00e9es contre lui par le procureur \u00e0 la suite d&rsquo;une d\u00e9cision prise par le juge Segundo Promiscuo \u00e0 Puerto\" \/>\n<meta name=\"robots\" content=\"index, follow, max-snippet:-1, max-image-preview:large, max-video-preview:-1\" \/>\n<link rel=\"canonical\" href=\"https:\/\/admin.industriall-union.org\/fr\/le-syndicaliste-colombien-dario-cardenas-acquitte-et-libere\/\" \/>\n<meta property=\"og:locale\" content=\"fr_FR\" \/>\n<meta property=\"og:type\" content=\"article\" \/>\n<meta property=\"og:title\" content=\"Le syndicaliste colombien Dar\u00edo C\u00e1rdenas acquitt\u00e9 et lib\u00e9r\u00e9\" \/>\n<meta property=\"og:description\" content=\"C\u00e1rdenas a \u00e9t\u00e9 acquitt\u00e9 des accusations port\u00e9es contre lui par le procureur \u00e0 la suite d&rsquo;une d\u00e9cision prise par le juge Segundo Promiscuo \u00e0 Puerto\" \/>\n<meta property=\"og:url\" content=\"https:\/\/admin.industriall-union.org\/fr\/le-syndicaliste-colombien-dario-cardenas-acquitte-et-libere\/\" \/>\n<meta property=\"og:site_name\" content=\"industriall-union\" \/>\n<meta property=\"article:modified_time\" content=\"2025-02-07T19:37:15+00:00\" \/>\n<meta name=\"twitter:card\" content=\"summary_large_image\" \/>\n<meta name=\"twitter:label1\" content=\"Est. reading time\" \/>\n\t<meta name=\"twitter:data1\" content=\"2 minutes\" \/>\n<script type=\"application\/ld+json\" class=\"yoast-schema-graph\">{\"@context\":\"https:\/\/schema.org\",\"@graph\":[{\"@type\":\"WebPage\",\"@id\":\"https:\/\/admin.industriall-union.org\/fr\/le-syndicaliste-colombien-dario-cardenas-acquitte-et-libere\/\",\"url\":\"https:\/\/admin.industriall-union.org\/fr\/le-syndicaliste-colombien-dario-cardenas-acquitte-et-libere\/\",\"name\":\"Le syndicaliste colombien Dar\u00edo C\u00e1rdenas acquitt\u00e9 et lib\u00e9r\u00e9 - industriall-union\",\"isPartOf\":{\"@id\":\"https:\/\/admin.industriall-union.org\/#website\"},\"datePublished\":\"2014-11-10T12:56:57+00:00\",\"dateModified\":\"2025-02-07T19:37:15+00:00\",\"description\":\"C\u00e1rdenas a \u00e9t\u00e9 acquitt\u00e9 des accusations port\u00e9es contre lui par le procureur \u00e0 la suite d&rsquo;une d\u00e9cision prise par le juge Segundo Promiscuo \u00e0 Puerto\",\"breadcrumb\":{\"@id\":\"https:\/\/admin.industriall-union.org\/fr\/le-syndicaliste-colombien-dario-cardenas-acquitte-et-libere\/#breadcrumb\"},\"inLanguage\":\"fr-FR\",\"potentialAction\":[{\"@type\":\"ReadAction\",\"target\":[\"https:\/\/admin.industriall-union.org\/fr\/le-syndicaliste-colombien-dario-cardenas-acquitte-et-libere\/\"]}]},{\"@type\":\"BreadcrumbList\",\"@id\":\"https:\/\/admin.industriall-union.org\/fr\/le-syndicaliste-colombien-dario-cardenas-acquitte-et-libere\/#breadcrumb\",\"itemListElement\":[{\"@type\":\"ListItem\",\"position\":1,\"name\":\"Home\",\"item\":\"https:\/\/admin.industriall-union.org\/\"},{\"@type\":\"ListItem\",\"position\":2,\"name\":\"Articles\",\"item\":\"https:\/\/admin.industriall-union.org\/article\/\"},{\"@type\":\"ListItem\",\"position\":3,\"name\":\"Le syndicaliste colombien Dar\u00edo C\u00e1rdenas acquitt\u00e9 et lib\u00e9r\u00e9\"}]},{\"@type\":\"WebSite\",\"@id\":\"https:\/\/admin.industriall-union.org\/#website\",\"url\":\"https:\/\/admin.industriall-union.org\/\",\"name\":\"industriall-union\",\"description\":\"\",\"potentialAction\":[{\"@type\":\"SearchAction\",\"target\":{\"@type\":\"EntryPoint\",\"urlTemplate\":\"https:\/\/admin.industriall-union.org\/?s={search_term_string}\"},\"query-input\":{\"@type\":\"PropertyValueSpecification\",\"valueRequired\":true,\"valueName\":\"search_term_string\"}}],\"inLanguage\":\"fr-FR\"}]}<\/script>\n<!-- \/ Yoast SEO Premium plugin. -->","yoast_head_json":{"title":"Le syndicaliste colombien Dar\u00edo C\u00e1rdenas acquitt\u00e9 et lib\u00e9r\u00e9 - industriall-union","description":"C\u00e1rdenas a \u00e9t\u00e9 acquitt\u00e9 des accusations port\u00e9es contre lui par le procureur \u00e0 la suite d&rsquo;une d\u00e9cision prise par le juge Segundo Promiscuo \u00e0 Puerto","robots":{"index":"index","follow":"follow","max-snippet":"max-snippet:-1","max-image-preview":"max-image-preview:large","max-video-preview":"max-video-preview:-1"},"canonical":"https:\/\/admin.industriall-union.org\/fr\/le-syndicaliste-colombien-dario-cardenas-acquitte-et-libere\/","og_locale":"fr_FR","og_type":"article","og_title":"Le syndicaliste colombien Dar\u00edo C\u00e1rdenas acquitt\u00e9 et lib\u00e9r\u00e9","og_description":"C\u00e1rdenas a \u00e9t\u00e9 acquitt\u00e9 des accusations port\u00e9es contre lui par le procureur \u00e0 la suite d&rsquo;une d\u00e9cision prise par le juge Segundo Promiscuo \u00e0 Puerto","og_url":"https:\/\/admin.industriall-union.org\/fr\/le-syndicaliste-colombien-dario-cardenas-acquitte-et-libere\/","og_site_name":"industriall-union","article_modified_time":"2025-02-07T19:37:15+00:00","twitter_card":"summary_large_image","twitter_misc":{"Est. reading time":"2 minutes"},"schema":{"@context":"https:\/\/schema.org","@graph":[{"@type":"WebPage","@id":"https:\/\/admin.industriall-union.org\/fr\/le-syndicaliste-colombien-dario-cardenas-acquitte-et-libere\/","url":"https:\/\/admin.industriall-union.org\/fr\/le-syndicaliste-colombien-dario-cardenas-acquitte-et-libere\/","name":"Le syndicaliste colombien Dar\u00edo C\u00e1rdenas acquitt\u00e9 et lib\u00e9r\u00e9 - industriall-union","isPartOf":{"@id":"https:\/\/admin.industriall-union.org\/#website"},"datePublished":"2014-11-10T12:56:57+00:00","dateModified":"2025-02-07T19:37:15+00:00","description":"C\u00e1rdenas a \u00e9t\u00e9 acquitt\u00e9 des accusations port\u00e9es contre lui par le procureur \u00e0 la suite d&rsquo;une d\u00e9cision prise par le juge Segundo Promiscuo \u00e0 Puerto","breadcrumb":{"@id":"https:\/\/admin.industriall-union.org\/fr\/le-syndicaliste-colombien-dario-cardenas-acquitte-et-libere\/#breadcrumb"},"inLanguage":"fr-FR","potentialAction":[{"@type":"ReadAction","target":["https:\/\/admin.industriall-union.org\/fr\/le-syndicaliste-colombien-dario-cardenas-acquitte-et-libere\/"]}]},{"@type":"BreadcrumbList","@id":"https:\/\/admin.industriall-union.org\/fr\/le-syndicaliste-colombien-dario-cardenas-acquitte-et-libere\/#breadcrumb","itemListElement":[{"@type":"ListItem","position":1,"name":"Home","item":"https:\/\/admin.industriall-union.org\/"},{"@type":"ListItem","position":2,"name":"Articles","item":"https:\/\/admin.industriall-union.org\/article\/"},{"@type":"ListItem","position":3,"name":"Le syndicaliste colombien Dar\u00edo C\u00e1rdenas acquitt\u00e9 et lib\u00e9r\u00e9"}]},{"@type":"WebSite","@id":"https:\/\/admin.industriall-union.org\/#website","url":"https:\/\/admin.industriall-union.org\/","name":"industriall-union","description":"","potentialAction":[{"@type":"SearchAction","target":{"@type":"EntryPoint","urlTemplate":"https:\/\/admin.industriall-union.org\/?s={search_term_string}"},"query-input":{"@type":"PropertyValueSpecification","valueRequired":true,"valueName":"search_term_string"}}],"inLanguage":"fr-FR"}]}},"_links":{"self":[{"href":"https:\/\/admin.industriall-union.org\/fr\/wp-json\/wp\/v2\/article\/151915","targetHints":{"allow":["GET"]}}],"collection":[{"href":"https:\/\/admin.industriall-union.org\/fr\/wp-json\/wp\/v2\/article"}],"about":[{"href":"https:\/\/admin.industriall-union.org\/fr\/wp-json\/wp\/v2\/types\/article"}],"wp:attachment":[{"href":"https:\/\/admin.industriall-union.org\/fr\/wp-json\/wp\/v2\/media?parent=151915"}],"wp:term":[{"taxonomy":"issues","embeddable":true,"href":"https:\/\/admin.industriall-union.org\/fr\/wp-json\/wp\/v2\/issues?post=151915"},{"taxonomy":"companies","embeddable":true,"href":"https:\/\/admin.industriall-union.org\/fr\/wp-json\/wp\/v2\/companies?post=151915"},{"taxonomy":"regions","embeddable":true,"href":"https:\/\/admin.industriall-union.org\/fr\/wp-json\/wp\/v2\/regions?post=151915"},{"taxonomy":"sectors","embeddable":true,"href":"https:\/\/admin.industriall-union.org\/fr\/wp-json\/wp\/v2\/sectors?post=151915"},{"taxonomy":"article_tags","embeddable":true,"href":"https:\/\/admin.industriall-union.org\/fr\/wp-json\/wp\/v2\/article_tags?post=151915"}],"curies":[{"name":"wp","href":"https:\/\/api.w.org\/{rel}","templated":true}]}}