{"id":151888,"date":"2014-11-28T13:00:46","date_gmt":"2014-11-28T13:00:46","guid":{"rendered":"https:\/\/admin.industriall-union.org\/des-syndicats-plus-forts-se-battent-contre-l-emploi-precaire-en-amerique-latine\/"},"modified":"2025-02-07T19:11:56","modified_gmt":"2025-02-07T19:11:56","slug":"des-syndicats-plus-forts-se-battent-contre-l-emploi-precaire-en-amerique-latine","status":"publish","type":"article","link":"https:\/\/admin.industriall-union.org\/fr\/des-syndicats-plus-forts-se-battent-contre-l-emploi-precaire-en-amerique-latine\/","title":{"rendered":"Des syndicats plus forts se battent contre l\u2019emploi pr\u00e9caire en Am\u00e9rique latine"},"content":{"rendered":"<p>L&rsquo;affili\u00e9 chilien de IndustriALL Global Union, Constramet, ratifiera fin novembre la transformation de la conf\u00e9d\u00e9ration des travailleurs de la sid\u00e9rurgie en syndicat national sectoriel. Au cours du s\u00e9minaire sur l&rsquo;emploi pr\u00e9caire, les repr\u00e9sentants de Constramet ont soulign\u00e9 l&rsquo;importance de cette transformation visant \u00e0 \u00e9tablir un syndicat plus puissant pour r\u00e9pondre aux nombreux d\u00e9fis auxquels les syndicats sont confront\u00e9s de nos jours au Chili, notamment avec l&rsquo;explosion de l&rsquo;emploi pr\u00e9caire.<\/p><p>En 2012, 17 pour cent de la main-d&rsquo;\u0153uvre chilienne \u00e9tait employ\u00e9e avec des contrats \u00e0 court-terme ou embauch\u00e9e par des agences de travail temporaire. Le secteur des mines et de la fabrication industrielle sont particuli\u00e8rement touch\u00e9s par le d\u00e9veloppement de l&rsquo;emploi pr\u00e9caire avec 70 pour cent de travailleurs et travailleuses externalis\u00e9s.<\/p><p>Dans la ligne de l&rsquo;initiative de Constramet, les affili\u00e9s colombiens, USO, Sintracarb\u00f3n et Sintraelecol, ont pr\u00e9sent\u00e9 les r\u00e9sultats de leurs efforts pour syndiquer et internaliser la main-d&rsquo;\u0153uvre pr\u00e9caire. En deux ans, Sintraelecol a r\u00e9ussi \u00e0 syndiquer 1.400 travailleurs et travailleuses pr\u00e9caires. Actuellement 80 pour cent des membres de l&rsquo;USO occupent un emploi pr\u00e9caire et d\u00e9tiennent des positions \u00e0 la direction syndicale aux niveaux r\u00e9gional et national.<\/p><p>Au cours des r\u00e9centes n\u00e9gociations sur une nouvelle convention collective avec Ecopetrol, USO a pu mobiliser 38.000 travailleurs et travailleuses externalis\u00e9s chez Ecopetrol pour une journ\u00e9e de gr\u00e8ve. USO a \u00e9galement engag\u00e9 un processus d&rsquo;internalisation de la plus grande partie des emplois sous-trait\u00e9s dans l&rsquo;entreprise p\u00e9troli\u00e8re.<\/p><p>\u00c0 ce jour, Sintracarb\u00f3n a r\u00e9ussi \u00e0 syndiquer 3.200 des 8.000 travailleurs\/euses sous-trait\u00e9s \u00e0 la mine \u00e0 ciel ouvert Carbones de Cerrej\u00f3n. Depuis 2011, le syndicat a r\u00e9ussi \u00e0 r\u00e9gulariser plus de 800 travailleurs\/euses externalis\u00e9s et \u00e0 n\u00e9gocier 11 conventions collectives. Aujourd&rsquo;hui, les travailleurs\/euses externalis\u00e9s b\u00e9n\u00e9ficient de primes, de la s\u00e9curit\u00e9 sociale et de jours de cong\u00e9.<\/p><p>Lors du s\u00e9minaire, Constramet and FTC (Federacion de trabajadores del Cobre) ont d\u00e9cid\u00e9 de continuer d&rsquo;accorder leur soutien au nouveau projet de loi portant modification de la l\u00e9gislation chilienne du travail sur la sous-traitance. Les changements propos\u00e9s par la CUT avec le soutien des affili\u00e9s de IndustriALL ont \u00e9t\u00e9 inclus dans la nouvelle politique du travail du gouvernement. Le projet de loi concerne l&rsquo;interdiction d&rsquo;employer une main-d&rsquo;\u0153uvre externalis\u00e9e ou fournie par des agences de travail temporaire pour les activit\u00e9s essentielles d&rsquo;une entreprise. En outre, elle vise \u00e0 mettre fin au syst\u00e8me MultiRUT (multiplication de la personnalit\u00e9 juridique d&rsquo;une m\u00eame entreprise), qui permet \u00e0 une entreprise d&rsquo;ignorer sa responsabilit\u00e9 en tant qu&rsquo;employeur.<\/p><p>Les f\u00e9d\u00e9rations des syndicats br\u00e9siliens des travailleurs de la chimie, du m\u00e9tal, de la construction et du textile, affil\u00e9es \u00e0 la CUT, ont fait \u00e9tat de leur combat contre un projet de loi pr\u00e9sent\u00e9 au Congr\u00e8s qui permettrait l&rsquo;externalisation d&rsquo;activit\u00e9s essentielles aux entreprises Les affili\u00e9s br\u00e9siliens ont soulign\u00e9 l&rsquo;importance d&rsquo;une action unifi\u00e9e dans la lutte contre l&rsquo;emploi pr\u00e9caire.<\/p><blockquote><p>L&rsquo;emploi pr\u00e9caire est un fl\u00e9au international. Ces contrats sont sans valeur car les travailleurs\/euses pr\u00e9caires n&rsquo;en tirent aucun avantage social. La syndicalisation des travailleurs et travailleuses pr\u00e9caires est seulement une \u00e9tape sur le long chemin qui m\u00e8ne \u00e0 l&rsquo;\u00e9limination de l&rsquo;emploi pr\u00e9caire,<\/p><\/blockquote><p>a d\u00e9clar\u00e9 le repr\u00e9sentant de Sintracarb\u00f3n.<\/p>","protected":false},"featured_media":0,"template":"","issues":[396,401,415],"companies":[],"regions":[254],"sectors":[],"article_tags":[],"class_list":["post-151888","article","type-article","status-publish","hentry","issues-building-strong-unions","issues-projects","issues-stop-precarious-work","regions-latin-america-and-the-caribbean"],"acf":[],"yoast_head":"<!-- This site is optimized with the Yoast SEO Premium plugin v27.1 (Yoast SEO v27.1) - https:\/\/yoast.com\/product\/yoast-seo-premium-wordpress\/ -->\n<title>Des syndicats plus forts se battent contre l\u2019emploi pr\u00e9caire en Am\u00e9rique latine - industriall-union<\/title>\n<meta name=\"description\" content=\"L&rsquo;affili\u00e9 chilien de IndustriALL Global Union, Constramet, ratifiera fin novembre la transformation de la conf\u00e9d\u00e9ration des travailleurs de la\" \/>\n<meta name=\"robots\" content=\"index, follow, max-snippet:-1, max-image-preview:large, max-video-preview:-1\" \/>\n<link rel=\"canonical\" href=\"https:\/\/admin.industriall-union.org\/fr\/des-syndicats-plus-forts-se-battent-contre-l-emploi-precaire-en-amerique-latine\/\" \/>\n<meta property=\"og:locale\" content=\"fr_FR\" \/>\n<meta property=\"og:type\" content=\"article\" \/>\n<meta property=\"og:title\" content=\"Des syndicats plus forts se battent contre l\u2019emploi pr\u00e9caire en Am\u00e9rique latine\" \/>\n<meta property=\"og:description\" content=\"L&rsquo;affili\u00e9 chilien de IndustriALL Global Union, Constramet, ratifiera fin novembre la transformation de la conf\u00e9d\u00e9ration des travailleurs de la\" \/>\n<meta property=\"og:url\" content=\"https:\/\/admin.industriall-union.org\/fr\/des-syndicats-plus-forts-se-battent-contre-l-emploi-precaire-en-amerique-latine\/\" \/>\n<meta property=\"og:site_name\" content=\"industriall-union\" \/>\n<meta property=\"article:modified_time\" content=\"2025-02-07T19:11:56+00:00\" \/>\n<meta name=\"twitter:card\" content=\"summary_large_image\" \/>\n<meta name=\"twitter:label1\" content=\"Est. reading time\" \/>\n\t<meta name=\"twitter:data1\" content=\"3 minutes\" \/>\n<script type=\"application\/ld+json\" class=\"yoast-schema-graph\">{\"@context\":\"https:\/\/schema.org\",\"@graph\":[{\"@type\":\"WebPage\",\"@id\":\"https:\/\/admin.industriall-union.org\/fr\/des-syndicats-plus-forts-se-battent-contre-l-emploi-precaire-en-amerique-latine\/\",\"url\":\"https:\/\/admin.industriall-union.org\/fr\/des-syndicats-plus-forts-se-battent-contre-l-emploi-precaire-en-amerique-latine\/\",\"name\":\"Des syndicats plus forts se battent contre l\u2019emploi pr\u00e9caire en Am\u00e9rique latine - industriall-union\",\"isPartOf\":{\"@id\":\"https:\/\/admin.industriall-union.org\/ru\/#website\"},\"datePublished\":\"2014-11-28T13:00:46+00:00\",\"dateModified\":\"2025-02-07T19:11:56+00:00\",\"description\":\"L&rsquo;affili\u00e9 chilien de IndustriALL Global Union, Constramet, ratifiera fin novembre la transformation de la conf\u00e9d\u00e9ration des travailleurs de la\",\"breadcrumb\":{\"@id\":\"https:\/\/admin.industriall-union.org\/fr\/des-syndicats-plus-forts-se-battent-contre-l-emploi-precaire-en-amerique-latine\/#breadcrumb\"},\"inLanguage\":\"fr-FR\",\"potentialAction\":[{\"@type\":\"ReadAction\",\"target\":[\"https:\/\/admin.industriall-union.org\/fr\/des-syndicats-plus-forts-se-battent-contre-l-emploi-precaire-en-amerique-latine\/\"]}]},{\"@type\":\"BreadcrumbList\",\"@id\":\"https:\/\/admin.industriall-union.org\/fr\/des-syndicats-plus-forts-se-battent-contre-l-emploi-precaire-en-amerique-latine\/#breadcrumb\",\"itemListElement\":[{\"@type\":\"ListItem\",\"position\":1,\"name\":\"Home\",\"item\":\"https:\/\/admin.industriall-union.org\/ru\/\"},{\"@type\":\"ListItem\",\"position\":2,\"name\":\"Articles\",\"item\":\"https:\/\/admin.industriall-union.org\/ru\/article\/\"},{\"@type\":\"ListItem\",\"position\":3,\"name\":\"Des syndicats plus forts se battent contre l\u2019emploi pr\u00e9caire en Am\u00e9rique latine\"}]},{\"@type\":\"WebSite\",\"@id\":\"https:\/\/admin.industriall-union.org\/ru\/#website\",\"url\":\"https:\/\/admin.industriall-union.org\/ru\/\",\"name\":\"industriall-union\",\"description\":\"\",\"potentialAction\":[{\"@type\":\"SearchAction\",\"target\":{\"@type\":\"EntryPoint\",\"urlTemplate\":\"https:\/\/admin.industriall-union.org\/ru\/?s={search_term_string}\"},\"query-input\":{\"@type\":\"PropertyValueSpecification\",\"valueRequired\":true,\"valueName\":\"search_term_string\"}}],\"inLanguage\":\"fr-FR\"}]}<\/script>\n<!-- \/ Yoast SEO Premium plugin. -->","yoast_head_json":{"title":"Des syndicats plus forts se battent contre l\u2019emploi pr\u00e9caire en Am\u00e9rique latine - industriall-union","description":"L&rsquo;affili\u00e9 chilien de IndustriALL Global Union, Constramet, ratifiera fin novembre la transformation de la conf\u00e9d\u00e9ration des travailleurs de la","robots":{"index":"index","follow":"follow","max-snippet":"max-snippet:-1","max-image-preview":"max-image-preview:large","max-video-preview":"max-video-preview:-1"},"canonical":"https:\/\/admin.industriall-union.org\/fr\/des-syndicats-plus-forts-se-battent-contre-l-emploi-precaire-en-amerique-latine\/","og_locale":"fr_FR","og_type":"article","og_title":"Des syndicats plus forts se battent contre l\u2019emploi pr\u00e9caire en Am\u00e9rique latine","og_description":"L&rsquo;affili\u00e9 chilien de IndustriALL Global Union, Constramet, ratifiera fin novembre la transformation de la conf\u00e9d\u00e9ration des travailleurs de la","og_url":"https:\/\/admin.industriall-union.org\/fr\/des-syndicats-plus-forts-se-battent-contre-l-emploi-precaire-en-amerique-latine\/","og_site_name":"industriall-union","article_modified_time":"2025-02-07T19:11:56+00:00","twitter_card":"summary_large_image","twitter_misc":{"Est. reading time":"3 minutes"},"schema":{"@context":"https:\/\/schema.org","@graph":[{"@type":"WebPage","@id":"https:\/\/admin.industriall-union.org\/fr\/des-syndicats-plus-forts-se-battent-contre-l-emploi-precaire-en-amerique-latine\/","url":"https:\/\/admin.industriall-union.org\/fr\/des-syndicats-plus-forts-se-battent-contre-l-emploi-precaire-en-amerique-latine\/","name":"Des syndicats plus forts se battent contre l\u2019emploi pr\u00e9caire en Am\u00e9rique latine - industriall-union","isPartOf":{"@id":"https:\/\/admin.industriall-union.org\/ru\/#website"},"datePublished":"2014-11-28T13:00:46+00:00","dateModified":"2025-02-07T19:11:56+00:00","description":"L&rsquo;affili\u00e9 chilien de IndustriALL Global Union, Constramet, ratifiera fin novembre la transformation de la conf\u00e9d\u00e9ration des travailleurs de la","breadcrumb":{"@id":"https:\/\/admin.industriall-union.org\/fr\/des-syndicats-plus-forts-se-battent-contre-l-emploi-precaire-en-amerique-latine\/#breadcrumb"},"inLanguage":"fr-FR","potentialAction":[{"@type":"ReadAction","target":["https:\/\/admin.industriall-union.org\/fr\/des-syndicats-plus-forts-se-battent-contre-l-emploi-precaire-en-amerique-latine\/"]}]},{"@type":"BreadcrumbList","@id":"https:\/\/admin.industriall-union.org\/fr\/des-syndicats-plus-forts-se-battent-contre-l-emploi-precaire-en-amerique-latine\/#breadcrumb","itemListElement":[{"@type":"ListItem","position":1,"name":"Home","item":"https:\/\/admin.industriall-union.org\/ru\/"},{"@type":"ListItem","position":2,"name":"Articles","item":"https:\/\/admin.industriall-union.org\/ru\/article\/"},{"@type":"ListItem","position":3,"name":"Des syndicats plus forts se battent contre l\u2019emploi pr\u00e9caire en Am\u00e9rique latine"}]},{"@type":"WebSite","@id":"https:\/\/admin.industriall-union.org\/ru\/#website","url":"https:\/\/admin.industriall-union.org\/ru\/","name":"industriall-union","description":"","potentialAction":[{"@type":"SearchAction","target":{"@type":"EntryPoint","urlTemplate":"https:\/\/admin.industriall-union.org\/ru\/?s={search_term_string}"},"query-input":{"@type":"PropertyValueSpecification","valueRequired":true,"valueName":"search_term_string"}}],"inLanguage":"fr-FR"}]}},"_links":{"self":[{"href":"https:\/\/admin.industriall-union.org\/fr\/wp-json\/wp\/v2\/article\/151888","targetHints":{"allow":["GET"]}}],"collection":[{"href":"https:\/\/admin.industriall-union.org\/fr\/wp-json\/wp\/v2\/article"}],"about":[{"href":"https:\/\/admin.industriall-union.org\/fr\/wp-json\/wp\/v2\/types\/article"}],"wp:attachment":[{"href":"https:\/\/admin.industriall-union.org\/fr\/wp-json\/wp\/v2\/media?parent=151888"}],"wp:term":[{"taxonomy":"issues","embeddable":true,"href":"https:\/\/admin.industriall-union.org\/fr\/wp-json\/wp\/v2\/issues?post=151888"},{"taxonomy":"companies","embeddable":true,"href":"https:\/\/admin.industriall-union.org\/fr\/wp-json\/wp\/v2\/companies?post=151888"},{"taxonomy":"regions","embeddable":true,"href":"https:\/\/admin.industriall-union.org\/fr\/wp-json\/wp\/v2\/regions?post=151888"},{"taxonomy":"sectors","embeddable":true,"href":"https:\/\/admin.industriall-union.org\/fr\/wp-json\/wp\/v2\/sectors?post=151888"},{"taxonomy":"article_tags","embeddable":true,"href":"https:\/\/admin.industriall-union.org\/fr\/wp-json\/wp\/v2\/article_tags?post=151888"}],"curies":[{"name":"wp","href":"https:\/\/api.w.org\/{rel}","templated":true}]}}