{"id":151864,"date":"2014-12-05T12:25:49","date_gmt":"2014-12-05T12:25:49","guid":{"rendered":"https:\/\/admin.industriall-union.org\/la-lutte-pour-l-acces-aux-ressources-menace-les-droits-du-travail\/"},"modified":"2025-02-07T18:49:05","modified_gmt":"2025-02-07T18:49:05","slug":"la-lutte-pour-l-acces-aux-ressources-menace-les-droits-du-travail","status":"publish","type":"article","link":"https:\/\/admin.industriall-union.org\/fr\/la-lutte-pour-l-acces-aux-ressources-menace-les-droits-du-travail\/","title":{"rendered":"La lutte pour l\u2019acc\u00e8s aux ressources menace les droits du travail"},"content":{"rendered":"<p>La transformation est en cours. Nous avons le choix entre la violence du d\u00e9sordre pour assurer la conservation de ressources, comme l&rsquo;eau, l&rsquo;\u00e9nergie et les terres fertiles, des mesures d\u00e9sesp\u00e9r\u00e9es de survie de derni\u00e8re minute qui r\u00e9voquent compl\u00e8tement les droits de la personne et la protection sociale, ou une transition ordonn\u00e9e et juste, qui respecte et prot\u00e8ge les travailleurs et travailleuses d&rsquo;aujourd&rsquo;hui, tout en cr\u00e9ant des emplois nouveaux et d\u00e9cents dans les industries viables de demain.<\/p><p>Il ne s&rsquo;agit pas d&rsquo;un futur abstrait. C&rsquo;est ce que vivent d\u00e9j\u00e0 certaines personnes. Le 4 d\u00e9cembre, la d\u00e9l\u00e9gation syndicale au COP-20 a rencontr\u00e9 des veuves, des enfants et des amis de quatre dirigeants Ash\u00e1ninka de la communaut\u00e9 p\u00e9ruvienne de Saweto \u00e0 la fronti\u00e8re br\u00e9silienne: Edwin Chota Valera, Leoncio Quincima Mel\u00e9ndez, Jorge R\u00edos P\u00e9rez et Francisco Pinedo d&rsquo;Alto Tamaya, Ucayali. Ils ont \u00e9t\u00e9 assassin\u00e9s par des b\u00fbcherons qui abattaient ill\u00e9galement des arbres, alors qu&rsquo;ils tentaient de prot\u00e9ger leurs terres ancestrales de la destruction. Le changement climatique occasionnant des pressions, il est \u00e0 craindre que de telles confrontations iront en s&rsquo;amplifiant.<\/p><p>Ces hommes assassin\u00e9s \u00e9taient des dirigeants de leur communaut\u00e9.&nbsp; Leurs veuves nous ont lanc\u00e9 un appel au secours. Les \u00e9motions \u00e9taient \u00e0 vif.<\/p><p>L&rsquo;une a dit: &ldquo;J&rsquo;ai fait beaucoup de chemin. Vous ne me connaissez pas, mais vous devez savoir que nous sommes harcel\u00e9s. Le gouvernement ne reconna\u00eet pas notre droit au sol et vend nos terres aux multinationales. Mais c&rsquo;est notre terre ancestrale, comment peuvent-ils la vendre? Cela me rend si triste. Je suis maintenant veuve. Les gens parlent du climat, mais ce sont les multinationales qui d\u00e9truisent le climat, la terre et l&rsquo;eau. Nous voulons le prot\u00e9ger.&rdquo;<\/p><p>Une autre, fille d&rsquo;un des hommes assassin\u00e9s, a dit: &ldquo;Nous sommes maintenant les seules gardiennes de notre for\u00eat. Nous ne sommes pas trait\u00e9es avec respect. L&rsquo;\u00c9tat d\u00e9truit le lieu o\u00f9 nous vivons. Je veux \u00eatre respect\u00e9e en tant que membre de la communaut\u00e9 indig\u00e8ne. Il est important d&rsquo;avoir du soutien pour emp\u00eacher la destruction des arbres, et les hommes ont \u00e9t\u00e9 tu\u00e9s. Nous prot\u00e9geons la for\u00eat, non seulement pour nous, mais pour tout le monde &ndash; elle est la source de l&rsquo;eau claire, de l&rsquo;air pur. Soutenez notre lutte.&rdquo;<\/p><p>Une troisi\u00e8me femme nous a dit: &ldquo;C&rsquo;est gr\u00e2ce au soutien de ma famille que nous sommes encore ici. Nous subissons une menace constante des b\u00fbcherons exploitant ill\u00e9galement la for\u00eat et des trafiquants de drogue. Le Br\u00e9sil comme le P\u00e9rou doivent nous prot\u00e9ger. Nous sommes des \u00eatres humains, nous demandons justice. Nous ne voulons pas tuer les tueurs, Je demande justice. Nous voulons vivre en paix et en harmonie.&rdquo;<\/p><p>L&rsquo;un des hommes a ajout\u00e9: &ldquo;Les gouvernements ne comprennent pas que les fronti\u00e8res n&rsquo;existent pas. Les populations indig\u00e8nes ne connaissent pas de fronti\u00e8res, le fait que l&rsquo;on soit au P\u00e9rou ou au Br\u00e9sil est hors de propos. L&rsquo;environnement non plus ne conna\u00eet pas de fronti\u00e8res. Il y a ici une lutte men\u00e9e par des populations indig\u00e8nes pour leur terre. Mais vous devez comprendre qu&rsquo;il s&rsquo;agit d&lsquo;une question qui concerne l&rsquo;humanit\u00e9. Les exploiteurs peuvent gagner de l&rsquo;argent, mais bient\u00f4t ils n&rsquo;auront pas les moyens d&rsquo;acheter de l&rsquo;eau, de l&rsquo;oxyg\u00e8ne ou la vie elle-m\u00eame.&rdquo;<\/p>","protected":false},"featured_media":0,"template":"","issues":[418],"companies":[],"regions":[279],"sectors":[],"article_tags":[],"class_list":["post-151864","article","type-article","status-publish","hentry","issues-sustainability","regions-peru"],"acf":[],"yoast_head":"<!-- This site is optimized with the Yoast SEO Premium plugin v27.1 (Yoast SEO v27.1) - https:\/\/yoast.com\/product\/yoast-seo-premium-wordpress\/ -->\n<title>La lutte pour l\u2019acc\u00e8s aux ressources menace les droits du travail - industriall-union<\/title>\n<meta name=\"description\" content=\"La transformation est en cours. Nous avons le choix entre la violence du d\u00e9sordre pour assurer la conservation de ressources, comme l&rsquo;eau,\" \/>\n<meta name=\"robots\" content=\"index, follow, max-snippet:-1, max-image-preview:large, max-video-preview:-1\" \/>\n<link rel=\"canonical\" href=\"https:\/\/admin.industriall-union.org\/fr\/la-lutte-pour-l-acces-aux-ressources-menace-les-droits-du-travail\/\" \/>\n<meta property=\"og:locale\" content=\"fr_FR\" \/>\n<meta property=\"og:type\" content=\"article\" \/>\n<meta property=\"og:title\" content=\"La lutte pour l\u2019acc\u00e8s aux ressources menace les droits du travail\" \/>\n<meta property=\"og:description\" content=\"La transformation est en cours. Nous avons le choix entre la violence du d\u00e9sordre pour assurer la conservation de ressources, comme l&rsquo;eau,\" \/>\n<meta property=\"og:url\" content=\"https:\/\/admin.industriall-union.org\/fr\/la-lutte-pour-l-acces-aux-ressources-menace-les-droits-du-travail\/\" \/>\n<meta property=\"og:site_name\" content=\"industriall-union\" \/>\n<meta property=\"article:modified_time\" content=\"2025-02-07T18:49:05+00:00\" \/>\n<meta name=\"twitter:card\" content=\"summary_large_image\" \/>\n<meta name=\"twitter:label1\" content=\"Est. reading time\" \/>\n\t<meta name=\"twitter:data1\" content=\"3 minutes\" \/>\n<script type=\"application\/ld+json\" class=\"yoast-schema-graph\">{\"@context\":\"https:\/\/schema.org\",\"@graph\":[{\"@type\":\"WebPage\",\"@id\":\"https:\/\/admin.industriall-union.org\/fr\/la-lutte-pour-l-acces-aux-ressources-menace-les-droits-du-travail\/\",\"url\":\"https:\/\/admin.industriall-union.org\/fr\/la-lutte-pour-l-acces-aux-ressources-menace-les-droits-du-travail\/\",\"name\":\"La lutte pour l\u2019acc\u00e8s aux ressources menace les droits du travail - industriall-union\",\"isPartOf\":{\"@id\":\"https:\/\/admin.industriall-union.org\/#website\"},\"datePublished\":\"2014-12-05T12:25:49+00:00\",\"dateModified\":\"2025-02-07T18:49:05+00:00\",\"description\":\"La transformation est en cours. Nous avons le choix entre la violence du d\u00e9sordre pour assurer la conservation de ressources, comme l&rsquo;eau,\",\"breadcrumb\":{\"@id\":\"https:\/\/admin.industriall-union.org\/fr\/la-lutte-pour-l-acces-aux-ressources-menace-les-droits-du-travail\/#breadcrumb\"},\"inLanguage\":\"fr-FR\",\"potentialAction\":[{\"@type\":\"ReadAction\",\"target\":[\"https:\/\/admin.industriall-union.org\/fr\/la-lutte-pour-l-acces-aux-ressources-menace-les-droits-du-travail\/\"]}]},{\"@type\":\"BreadcrumbList\",\"@id\":\"https:\/\/admin.industriall-union.org\/fr\/la-lutte-pour-l-acces-aux-ressources-menace-les-droits-du-travail\/#breadcrumb\",\"itemListElement\":[{\"@type\":\"ListItem\",\"position\":1,\"name\":\"Home\",\"item\":\"https:\/\/admin.industriall-union.org\/\"},{\"@type\":\"ListItem\",\"position\":2,\"name\":\"Articles\",\"item\":\"https:\/\/admin.industriall-union.org\/article\/\"},{\"@type\":\"ListItem\",\"position\":3,\"name\":\"La lutte pour l\u2019acc\u00e8s aux ressources menace les droits du travail\"}]},{\"@type\":\"WebSite\",\"@id\":\"https:\/\/admin.industriall-union.org\/#website\",\"url\":\"https:\/\/admin.industriall-union.org\/\",\"name\":\"industriall-union\",\"description\":\"\",\"potentialAction\":[{\"@type\":\"SearchAction\",\"target\":{\"@type\":\"EntryPoint\",\"urlTemplate\":\"https:\/\/admin.industriall-union.org\/?s={search_term_string}\"},\"query-input\":{\"@type\":\"PropertyValueSpecification\",\"valueRequired\":true,\"valueName\":\"search_term_string\"}}],\"inLanguage\":\"fr-FR\"}]}<\/script>\n<!-- \/ Yoast SEO Premium plugin. -->","yoast_head_json":{"title":"La lutte pour l\u2019acc\u00e8s aux ressources menace les droits du travail - industriall-union","description":"La transformation est en cours. Nous avons le choix entre la violence du d\u00e9sordre pour assurer la conservation de ressources, comme l&rsquo;eau,","robots":{"index":"index","follow":"follow","max-snippet":"max-snippet:-1","max-image-preview":"max-image-preview:large","max-video-preview":"max-video-preview:-1"},"canonical":"https:\/\/admin.industriall-union.org\/fr\/la-lutte-pour-l-acces-aux-ressources-menace-les-droits-du-travail\/","og_locale":"fr_FR","og_type":"article","og_title":"La lutte pour l\u2019acc\u00e8s aux ressources menace les droits du travail","og_description":"La transformation est en cours. Nous avons le choix entre la violence du d\u00e9sordre pour assurer la conservation de ressources, comme l&rsquo;eau,","og_url":"https:\/\/admin.industriall-union.org\/fr\/la-lutte-pour-l-acces-aux-ressources-menace-les-droits-du-travail\/","og_site_name":"industriall-union","article_modified_time":"2025-02-07T18:49:05+00:00","twitter_card":"summary_large_image","twitter_misc":{"Est. reading time":"3 minutes"},"schema":{"@context":"https:\/\/schema.org","@graph":[{"@type":"WebPage","@id":"https:\/\/admin.industriall-union.org\/fr\/la-lutte-pour-l-acces-aux-ressources-menace-les-droits-du-travail\/","url":"https:\/\/admin.industriall-union.org\/fr\/la-lutte-pour-l-acces-aux-ressources-menace-les-droits-du-travail\/","name":"La lutte pour l\u2019acc\u00e8s aux ressources menace les droits du travail - industriall-union","isPartOf":{"@id":"https:\/\/admin.industriall-union.org\/#website"},"datePublished":"2014-12-05T12:25:49+00:00","dateModified":"2025-02-07T18:49:05+00:00","description":"La transformation est en cours. Nous avons le choix entre la violence du d\u00e9sordre pour assurer la conservation de ressources, comme l&rsquo;eau,","breadcrumb":{"@id":"https:\/\/admin.industriall-union.org\/fr\/la-lutte-pour-l-acces-aux-ressources-menace-les-droits-du-travail\/#breadcrumb"},"inLanguage":"fr-FR","potentialAction":[{"@type":"ReadAction","target":["https:\/\/admin.industriall-union.org\/fr\/la-lutte-pour-l-acces-aux-ressources-menace-les-droits-du-travail\/"]}]},{"@type":"BreadcrumbList","@id":"https:\/\/admin.industriall-union.org\/fr\/la-lutte-pour-l-acces-aux-ressources-menace-les-droits-du-travail\/#breadcrumb","itemListElement":[{"@type":"ListItem","position":1,"name":"Home","item":"https:\/\/admin.industriall-union.org\/"},{"@type":"ListItem","position":2,"name":"Articles","item":"https:\/\/admin.industriall-union.org\/article\/"},{"@type":"ListItem","position":3,"name":"La lutte pour l\u2019acc\u00e8s aux ressources menace les droits du travail"}]},{"@type":"WebSite","@id":"https:\/\/admin.industriall-union.org\/#website","url":"https:\/\/admin.industriall-union.org\/","name":"industriall-union","description":"","potentialAction":[{"@type":"SearchAction","target":{"@type":"EntryPoint","urlTemplate":"https:\/\/admin.industriall-union.org\/?s={search_term_string}"},"query-input":{"@type":"PropertyValueSpecification","valueRequired":true,"valueName":"search_term_string"}}],"inLanguage":"fr-FR"}]}},"_links":{"self":[{"href":"https:\/\/admin.industriall-union.org\/fr\/wp-json\/wp\/v2\/article\/151864","targetHints":{"allow":["GET"]}}],"collection":[{"href":"https:\/\/admin.industriall-union.org\/fr\/wp-json\/wp\/v2\/article"}],"about":[{"href":"https:\/\/admin.industriall-union.org\/fr\/wp-json\/wp\/v2\/types\/article"}],"wp:attachment":[{"href":"https:\/\/admin.industriall-union.org\/fr\/wp-json\/wp\/v2\/media?parent=151864"}],"wp:term":[{"taxonomy":"issues","embeddable":true,"href":"https:\/\/admin.industriall-union.org\/fr\/wp-json\/wp\/v2\/issues?post=151864"},{"taxonomy":"companies","embeddable":true,"href":"https:\/\/admin.industriall-union.org\/fr\/wp-json\/wp\/v2\/companies?post=151864"},{"taxonomy":"regions","embeddable":true,"href":"https:\/\/admin.industriall-union.org\/fr\/wp-json\/wp\/v2\/regions?post=151864"},{"taxonomy":"sectors","embeddable":true,"href":"https:\/\/admin.industriall-union.org\/fr\/wp-json\/wp\/v2\/sectors?post=151864"},{"taxonomy":"article_tags","embeddable":true,"href":"https:\/\/admin.industriall-union.org\/fr\/wp-json\/wp\/v2\/article_tags?post=151864"}],"curies":[{"name":"wp","href":"https:\/\/api.w.org\/{rel}","templated":true}]}}