{"id":151822,"date":"2014-12-19T14:43:47","date_gmt":"2014-12-19T14:43:47","guid":{"rendered":"https:\/\/admin.industriall-union.org\/le-conflit-du-travail-chez-thyssenkrupp-en-italie-est-resolu\/"},"modified":"2025-02-07T18:27:46","modified_gmt":"2025-02-07T18:27:46","slug":"le-conflit-du-travail-chez-thyssenkrupp-en-italie-est-resolu","status":"publish","type":"article","link":"https:\/\/admin.industriall-union.org\/fr\/le-conflit-du-travail-chez-thyssenkrupp-en-italie-est-resolu\/","title":{"rendered":"Le conflit du travail chez ThyssenKrupp en Italie est r\u00e9solu"},"content":{"rendered":"<p>Dans le cadre d&rsquo;un scrutin r\u00e9parti sur trois jours du 15 au 17 d\u00e9cembre, les travailleurs et travailleuses d&rsquo;AST ont vot\u00e9 par une majorit\u00e9 de 80% en faveur de l&rsquo;accord n\u00e9goci\u00e9 entre leurs repr\u00e9sentants syndicaux et la direction de l&rsquo;entreprise.<\/p><p>Les extraordinaires mobilisations et la s\u00e9rie de protestations men\u00e9es par les travailleurs et travailleuses d&rsquo;AST et leurs syndicats, les affili\u00e9s d&rsquo;IndustriALL FIM-CISL, FIOM-CGIL et UILM, ont jou\u00e9 un r\u00f4le d\u00e9terminant dans la r\u00e9solution du conflit.<\/p><p>La gr\u00e8ve de 40 jours men\u00e9e par les travailleurs et travailleuses d&rsquo;AST a eu un impact \u00e9norme sur les n\u00e9gociations et a fait que l&rsquo;entreprise a revu ses plans visant \u00e0 consid\u00e9rablement r\u00e9duire la production d&rsquo;acier inoxydable au sein de son site de production de Terni, o\u00f9 2.398 personnes sont occup\u00e9es.<\/p><p>Ce plan aurait men\u00e9 \u00e0 la mise \u00e0 l&rsquo;arr\u00eat d&rsquo;un des deux hauts fourneaux et au moins 575 travailleurs et travailleuses auraient pu se retrouver sans emploi et bien d&rsquo;autres encore touch\u00e9s indirectement.<\/p><p>Dans le cadre de l&rsquo;accord, l&rsquo;entreprise maintiendra les deux hauts fourneaux en activit\u00e9 pendant au moins quatre ans avec la garantie de maintenir le volume de production actuel d&rsquo;un million de tonnes par an. L&rsquo;entreprise pr\u00e9voit \u00e9galement des investissements substantiels dans son usine AST.<\/p><p>Bien que certains membres du personnel partiront sur base strictement volontaire, la clause fondamentale concernant la sauvegarde des emplois a \u00e9t\u00e9 conclue dans l&rsquo;int\u00e9r\u00eat des travailleurs et travailleuses.<\/p><p>Les syndicats poursuivent les n\u00e9gociations au nom des travailleurs et travailleuses employ\u00e9s par des entreprises tierces.<\/p><p>Fernando Lopes, Secr\u00e9taire g\u00e9n\u00e9ral adjoint d&rsquo;IndustriALL a fait l&rsquo;\u00e9loge des r\u00e9sultats obtenus par les travailleurs et travailleuses d&rsquo;AST&nbsp;: &ldquo;Nous rendons hommage \u00e0 la d\u00e9termination et au militantisme de nos camarades italiens. Cette victoire est une nouvelle preuve que l&rsquo;unit\u00e9 et la d\u00e9termination sont les composantes les plus importantes de notre force et de nos victoires syndicales.&quot;<\/p>","protected":false},"featured_media":0,"template":"","issues":[425],"companies":[136],"regions":[224],"sectors":[481],"article_tags":[],"class_list":["post-151822","article","type-article","status-publish","hentry","issues-workers-rights","companies-thyssenkrupp","regions-italy","sectors-base-metals"],"acf":[],"yoast_head":"<!-- This site is optimized with the Yoast SEO Premium plugin v27.1 (Yoast SEO v27.1) - https:\/\/yoast.com\/product\/yoast-seo-premium-wordpress\/ -->\n<title>Le conflit du travail chez ThyssenKrupp en Italie est r\u00e9solu - industriall-union<\/title>\n<meta name=\"description\" content=\"Dans le cadre d&rsquo;un scrutin r\u00e9parti sur trois jours du 15 au 17 d\u00e9cembre, les travailleurs et travailleuses d&rsquo;AST ont vot\u00e9 par une majorit\u00e9 de\" \/>\n<meta name=\"robots\" content=\"index, follow, max-snippet:-1, max-image-preview:large, max-video-preview:-1\" \/>\n<link rel=\"canonical\" href=\"https:\/\/admin.industriall-union.org\/fr\/le-conflit-du-travail-chez-thyssenkrupp-en-italie-est-resolu\/\" \/>\n<meta property=\"og:locale\" content=\"fr_FR\" \/>\n<meta property=\"og:type\" content=\"article\" \/>\n<meta property=\"og:title\" content=\"Le conflit du travail chez ThyssenKrupp en Italie est r\u00e9solu\" \/>\n<meta property=\"og:description\" content=\"Dans le cadre d&rsquo;un scrutin r\u00e9parti sur trois jours du 15 au 17 d\u00e9cembre, les travailleurs et travailleuses d&rsquo;AST ont vot\u00e9 par une majorit\u00e9 de\" \/>\n<meta property=\"og:url\" content=\"https:\/\/admin.industriall-union.org\/fr\/le-conflit-du-travail-chez-thyssenkrupp-en-italie-est-resolu\/\" \/>\n<meta property=\"og:site_name\" content=\"industriall-union\" \/>\n<meta property=\"article:modified_time\" content=\"2025-02-07T18:27:46+00:00\" \/>\n<meta name=\"twitter:card\" content=\"summary_large_image\" \/>\n<meta name=\"twitter:label1\" content=\"Est. reading time\" \/>\n\t<meta name=\"twitter:data1\" content=\"2 minutes\" \/>\n<script type=\"application\/ld+json\" class=\"yoast-schema-graph\">{\"@context\":\"https:\/\/schema.org\",\"@graph\":[{\"@type\":\"WebPage\",\"@id\":\"https:\/\/admin.industriall-union.org\/fr\/le-conflit-du-travail-chez-thyssenkrupp-en-italie-est-resolu\/\",\"url\":\"https:\/\/admin.industriall-union.org\/fr\/le-conflit-du-travail-chez-thyssenkrupp-en-italie-est-resolu\/\",\"name\":\"Le conflit du travail chez ThyssenKrupp en Italie est r\u00e9solu - industriall-union\",\"isPartOf\":{\"@id\":\"https:\/\/admin.industriall-union.org\/#website\"},\"datePublished\":\"2014-12-19T14:43:47+00:00\",\"dateModified\":\"2025-02-07T18:27:46+00:00\",\"description\":\"Dans le cadre d&rsquo;un scrutin r\u00e9parti sur trois jours du 15 au 17 d\u00e9cembre, les travailleurs et travailleuses d&rsquo;AST ont vot\u00e9 par une majorit\u00e9 de\",\"breadcrumb\":{\"@id\":\"https:\/\/admin.industriall-union.org\/fr\/le-conflit-du-travail-chez-thyssenkrupp-en-italie-est-resolu\/#breadcrumb\"},\"inLanguage\":\"fr-FR\",\"potentialAction\":[{\"@type\":\"ReadAction\",\"target\":[\"https:\/\/admin.industriall-union.org\/fr\/le-conflit-du-travail-chez-thyssenkrupp-en-italie-est-resolu\/\"]}]},{\"@type\":\"BreadcrumbList\",\"@id\":\"https:\/\/admin.industriall-union.org\/fr\/le-conflit-du-travail-chez-thyssenkrupp-en-italie-est-resolu\/#breadcrumb\",\"itemListElement\":[{\"@type\":\"ListItem\",\"position\":1,\"name\":\"Home\",\"item\":\"https:\/\/admin.industriall-union.org\/\"},{\"@type\":\"ListItem\",\"position\":2,\"name\":\"Articles\",\"item\":\"https:\/\/admin.industriall-union.org\/article\/\"},{\"@type\":\"ListItem\",\"position\":3,\"name\":\"Le conflit du travail chez ThyssenKrupp en Italie est r\u00e9solu\"}]},{\"@type\":\"WebSite\",\"@id\":\"https:\/\/admin.industriall-union.org\/#website\",\"url\":\"https:\/\/admin.industriall-union.org\/\",\"name\":\"industriall-union\",\"description\":\"\",\"potentialAction\":[{\"@type\":\"SearchAction\",\"target\":{\"@type\":\"EntryPoint\",\"urlTemplate\":\"https:\/\/admin.industriall-union.org\/?s={search_term_string}\"},\"query-input\":{\"@type\":\"PropertyValueSpecification\",\"valueRequired\":true,\"valueName\":\"search_term_string\"}}],\"inLanguage\":\"fr-FR\"}]}<\/script>\n<!-- \/ Yoast SEO Premium plugin. -->","yoast_head_json":{"title":"Le conflit du travail chez ThyssenKrupp en Italie est r\u00e9solu - industriall-union","description":"Dans le cadre d&rsquo;un scrutin r\u00e9parti sur trois jours du 15 au 17 d\u00e9cembre, les travailleurs et travailleuses d&rsquo;AST ont vot\u00e9 par une majorit\u00e9 de","robots":{"index":"index","follow":"follow","max-snippet":"max-snippet:-1","max-image-preview":"max-image-preview:large","max-video-preview":"max-video-preview:-1"},"canonical":"https:\/\/admin.industriall-union.org\/fr\/le-conflit-du-travail-chez-thyssenkrupp-en-italie-est-resolu\/","og_locale":"fr_FR","og_type":"article","og_title":"Le conflit du travail chez ThyssenKrupp en Italie est r\u00e9solu","og_description":"Dans le cadre d&rsquo;un scrutin r\u00e9parti sur trois jours du 15 au 17 d\u00e9cembre, les travailleurs et travailleuses d&rsquo;AST ont vot\u00e9 par une majorit\u00e9 de","og_url":"https:\/\/admin.industriall-union.org\/fr\/le-conflit-du-travail-chez-thyssenkrupp-en-italie-est-resolu\/","og_site_name":"industriall-union","article_modified_time":"2025-02-07T18:27:46+00:00","twitter_card":"summary_large_image","twitter_misc":{"Est. reading time":"2 minutes"},"schema":{"@context":"https:\/\/schema.org","@graph":[{"@type":"WebPage","@id":"https:\/\/admin.industriall-union.org\/fr\/le-conflit-du-travail-chez-thyssenkrupp-en-italie-est-resolu\/","url":"https:\/\/admin.industriall-union.org\/fr\/le-conflit-du-travail-chez-thyssenkrupp-en-italie-est-resolu\/","name":"Le conflit du travail chez ThyssenKrupp en Italie est r\u00e9solu - industriall-union","isPartOf":{"@id":"https:\/\/admin.industriall-union.org\/#website"},"datePublished":"2014-12-19T14:43:47+00:00","dateModified":"2025-02-07T18:27:46+00:00","description":"Dans le cadre d&rsquo;un scrutin r\u00e9parti sur trois jours du 15 au 17 d\u00e9cembre, les travailleurs et travailleuses d&rsquo;AST ont vot\u00e9 par une majorit\u00e9 de","breadcrumb":{"@id":"https:\/\/admin.industriall-union.org\/fr\/le-conflit-du-travail-chez-thyssenkrupp-en-italie-est-resolu\/#breadcrumb"},"inLanguage":"fr-FR","potentialAction":[{"@type":"ReadAction","target":["https:\/\/admin.industriall-union.org\/fr\/le-conflit-du-travail-chez-thyssenkrupp-en-italie-est-resolu\/"]}]},{"@type":"BreadcrumbList","@id":"https:\/\/admin.industriall-union.org\/fr\/le-conflit-du-travail-chez-thyssenkrupp-en-italie-est-resolu\/#breadcrumb","itemListElement":[{"@type":"ListItem","position":1,"name":"Home","item":"https:\/\/admin.industriall-union.org\/"},{"@type":"ListItem","position":2,"name":"Articles","item":"https:\/\/admin.industriall-union.org\/article\/"},{"@type":"ListItem","position":3,"name":"Le conflit du travail chez ThyssenKrupp en Italie est r\u00e9solu"}]},{"@type":"WebSite","@id":"https:\/\/admin.industriall-union.org\/#website","url":"https:\/\/admin.industriall-union.org\/","name":"industriall-union","description":"","potentialAction":[{"@type":"SearchAction","target":{"@type":"EntryPoint","urlTemplate":"https:\/\/admin.industriall-union.org\/?s={search_term_string}"},"query-input":{"@type":"PropertyValueSpecification","valueRequired":true,"valueName":"search_term_string"}}],"inLanguage":"fr-FR"}]}},"_links":{"self":[{"href":"https:\/\/admin.industriall-union.org\/fr\/wp-json\/wp\/v2\/article\/151822","targetHints":{"allow":["GET"]}}],"collection":[{"href":"https:\/\/admin.industriall-union.org\/fr\/wp-json\/wp\/v2\/article"}],"about":[{"href":"https:\/\/admin.industriall-union.org\/fr\/wp-json\/wp\/v2\/types\/article"}],"wp:attachment":[{"href":"https:\/\/admin.industriall-union.org\/fr\/wp-json\/wp\/v2\/media?parent=151822"}],"wp:term":[{"taxonomy":"issues","embeddable":true,"href":"https:\/\/admin.industriall-union.org\/fr\/wp-json\/wp\/v2\/issues?post=151822"},{"taxonomy":"companies","embeddable":true,"href":"https:\/\/admin.industriall-union.org\/fr\/wp-json\/wp\/v2\/companies?post=151822"},{"taxonomy":"regions","embeddable":true,"href":"https:\/\/admin.industriall-union.org\/fr\/wp-json\/wp\/v2\/regions?post=151822"},{"taxonomy":"sectors","embeddable":true,"href":"https:\/\/admin.industriall-union.org\/fr\/wp-json\/wp\/v2\/sectors?post=151822"},{"taxonomy":"article_tags","embeddable":true,"href":"https:\/\/admin.industriall-union.org\/fr\/wp-json\/wp\/v2\/article_tags?post=151822"}],"curies":[{"name":"wp","href":"https:\/\/api.w.org\/{rel}","templated":true}]}}