{"id":151785,"date":"2015-01-15T08:29:50","date_gmt":"2015-01-15T08:29:50","guid":{"rendered":"https:\/\/admin.industriall-union.org\/la-campagne-syndicale-accroit-la-pression-sur-lafargeholcim\/"},"modified":"2025-02-07T18:12:40","modified_gmt":"2025-02-07T18:12:40","slug":"la-campagne-syndicale-accroit-la-pression-sur-lafargeholcim","status":"publish","type":"article","link":"https:\/\/admin.industriall-union.org\/fr\/la-campagne-syndicale-accroit-la-pression-sur-lafargeholcim\/","title":{"rendered":"La campagne syndicale accro\u00eet la pression sur LafargeHolcim"},"content":{"rendered":"<p>Ces actions marquent le lancement d&rsquo;une campagne mondiale contre l&rsquo;attitude de Lafarge et Holcim dans le processus de fusion. La campagne est organis\u00e9e par l&rsquo;<a href=\"http:\/\/www.bwint.org\/\">Internationale des travailleurs du b\u00e2timent et du bois<\/a> (IBB), la <a href=\"http:\/\/www.efbww.org\/default.asp?Language=EN\">F\u00e9d\u00e9ration europ\u00e9enne des travailleurs du b\u00e2timent et du bois<\/a> (FETBB) et <a href=\"http:\/\/www.industriall-union.org\/\">IndustriALL Global Union<\/a>.<\/p><p>Depuis l&rsquo;annonce de leurs projets de fusion l&rsquo;an dernier, Holcim et Lafarge, qui ont leurs si\u00e8ges en Suisse et en France, ont toujours refus\u00e9 de discuter s\u00e9rieusement avec les syndicats des cons\u00e9quences de la fusion pour les travailleurs et travailleuses. Selon les diff\u00e9rentes estimations, 15.000 salari\u00e9s au moins se retrouveront sans emploi du fait de l&rsquo;importance de la restructuration. Toutefois, les deux entreprises ont manqu\u00e9 de transparence envers le public sur le processus de fusion, laissant ainsi les salari\u00e9s dans l&rsquo;incertitude sur leur avenir.<\/p><p>Les principales revendications des syndicats concernant Lafarge et Holcim sont les suivantes:<\/p><ul><li>Garantie de la protection des conditions de travail dans les parties dont les entreprises veulent se s\u00e9parer.<\/li><li>Garantie du respect de l&rsquo;ensemble des conventions collectives en vigueur par la nouvelle entreprise n\u00e9e de la fusion.<\/li><li>Engagement \u00e0 maintenir le dialogue social au niveau mondial pr\u00e9alablement entretenu entre Lafarge et les syndicats.<\/li><li>Consultation des travailleurs et travailleuses et de leurs syndicats dans le processus de fusion.<\/li><\/ul><p>Beaucoup de syndicats au Br\u00e9sil, en Gr\u00e8ce, aux Pays-Bas, en Tha\u00eflande, au Nigeria et au Zimbabwe distribuent des tracts et parlent aux travailleurs et travailleuses de la fa\u00e7on dont la fusion les touchera. Comme les salari\u00e9s n&rsquo;ont pas re\u00e7u de renseignements complets sur le processus de fusion, ces discussions sont d\u00e9terminantes pour att\u00e9nuer leur anxi\u00e9t\u00e9 concernant leur avenir. Dans plusieurs pays comme le Liban, le Br\u00e9sil et la France, les syndicats ont d\u00e9cid\u00e9 d&rsquo;effectuer des arr\u00eats de travail dans les usines. Aux Philippines, en Jordanie, en Roumanie et en Allemagne, les syndicats organisent des rassemblements devant les usines de Lafarge et de Holcim.&nbsp; Il faut noter l&rsquo;int\u00e9r\u00eat port\u00e9 par les m\u00e9dias sur la fusion, et les syndicats en Colombie, en Inde et en Serbie organisent des conf\u00e9rences de presse.<\/p><p>Les syndicats continueront d&rsquo;organiser des actions jusqu&rsquo;\u00e0 ce que les revendications soient satisfaites.<\/p><p>Pour soutenir les actions men\u00e9es sur place et maintenir la pression sur les directions des entreprises, IBB, IndustriALL et la FETBB avec le site Internet LabourStart ont lanc\u00e9 une campagne conjointe en ligne. Suivez le lien pour envoyer votre message de protestation \u00e0 Holcim et Lafarge sur <a href=\"http:\/\/www.labourstart.org\/go\/nomerger\">http:\/\/www.labourstart.org\/go\/nomerger<\/a><\/p>","protected":false},"featured_media":0,"template":"","issues":[406,409,425],"companies":[68,86],"regions":[],"sectors":[485],"article_tags":[],"class_list":["post-151785","article","type-article","status-publish","hentry","issues-confronting-global-capital","issues-multinational-companies-mncs","issues-workers-rights","companies-holcim","companies-lafarge","sectors-cement"],"acf":[],"yoast_head":"<!-- This site is optimized with the Yoast SEO Premium plugin v27.1 (Yoast SEO v27.1) - https:\/\/yoast.com\/product\/yoast-seo-premium-wordpress\/ -->\n<title>La campagne syndicale accro\u00eet la pression sur LafargeHolcim - industriall-union<\/title>\n<meta name=\"description\" content=\"Ces actions marquent le lancement d&rsquo;une campagne mondiale contre l&rsquo;attitude de Lafarge et Holcim dans le processus de fusion. La campagne est\" \/>\n<meta name=\"robots\" content=\"index, follow, max-snippet:-1, max-image-preview:large, max-video-preview:-1\" \/>\n<link rel=\"canonical\" href=\"https:\/\/admin.industriall-union.org\/fr\/la-campagne-syndicale-accroit-la-pression-sur-lafargeholcim\/\" \/>\n<meta property=\"og:locale\" content=\"fr_FR\" \/>\n<meta property=\"og:type\" content=\"article\" \/>\n<meta property=\"og:title\" content=\"La campagne syndicale accro\u00eet la pression sur LafargeHolcim\" \/>\n<meta property=\"og:description\" content=\"Ces actions marquent le lancement d&rsquo;une campagne mondiale contre l&rsquo;attitude de Lafarge et Holcim dans le processus de fusion. La campagne est\" \/>\n<meta property=\"og:url\" content=\"https:\/\/admin.industriall-union.org\/fr\/la-campagne-syndicale-accroit-la-pression-sur-lafargeholcim\/\" \/>\n<meta property=\"og:site_name\" content=\"industriall-union\" \/>\n<meta property=\"article:modified_time\" content=\"2025-02-07T18:12:40+00:00\" \/>\n<meta name=\"twitter:card\" content=\"summary_large_image\" \/>\n<meta name=\"twitter:label1\" content=\"Est. reading time\" \/>\n\t<meta name=\"twitter:data1\" content=\"2 minutes\" \/>\n<script type=\"application\/ld+json\" class=\"yoast-schema-graph\">{\"@context\":\"https:\/\/schema.org\",\"@graph\":[{\"@type\":\"WebPage\",\"@id\":\"https:\/\/admin.industriall-union.org\/fr\/la-campagne-syndicale-accroit-la-pression-sur-lafargeholcim\/\",\"url\":\"https:\/\/admin.industriall-union.org\/fr\/la-campagne-syndicale-accroit-la-pression-sur-lafargeholcim\/\",\"name\":\"La campagne syndicale accro\u00eet la pression sur LafargeHolcim - industriall-union\",\"isPartOf\":{\"@id\":\"https:\/\/admin.industriall-union.org\/#website\"},\"datePublished\":\"2015-01-15T08:29:50+00:00\",\"dateModified\":\"2025-02-07T18:12:40+00:00\",\"description\":\"Ces actions marquent le lancement d&rsquo;une campagne mondiale contre l&rsquo;attitude de Lafarge et Holcim dans le processus de fusion. La campagne est\",\"breadcrumb\":{\"@id\":\"https:\/\/admin.industriall-union.org\/fr\/la-campagne-syndicale-accroit-la-pression-sur-lafargeholcim\/#breadcrumb\"},\"inLanguage\":\"fr-FR\",\"potentialAction\":[{\"@type\":\"ReadAction\",\"target\":[\"https:\/\/admin.industriall-union.org\/fr\/la-campagne-syndicale-accroit-la-pression-sur-lafargeholcim\/\"]}]},{\"@type\":\"BreadcrumbList\",\"@id\":\"https:\/\/admin.industriall-union.org\/fr\/la-campagne-syndicale-accroit-la-pression-sur-lafargeholcim\/#breadcrumb\",\"itemListElement\":[{\"@type\":\"ListItem\",\"position\":1,\"name\":\"Home\",\"item\":\"https:\/\/admin.industriall-union.org\/\"},{\"@type\":\"ListItem\",\"position\":2,\"name\":\"Articles\",\"item\":\"https:\/\/admin.industriall-union.org\/article\/\"},{\"@type\":\"ListItem\",\"position\":3,\"name\":\"La campagne syndicale accro\u00eet la pression sur LafargeHolcim\"}]},{\"@type\":\"WebSite\",\"@id\":\"https:\/\/admin.industriall-union.org\/#website\",\"url\":\"https:\/\/admin.industriall-union.org\/\",\"name\":\"industriall-union\",\"description\":\"\",\"potentialAction\":[{\"@type\":\"SearchAction\",\"target\":{\"@type\":\"EntryPoint\",\"urlTemplate\":\"https:\/\/admin.industriall-union.org\/?s={search_term_string}\"},\"query-input\":{\"@type\":\"PropertyValueSpecification\",\"valueRequired\":true,\"valueName\":\"search_term_string\"}}],\"inLanguage\":\"fr-FR\"}]}<\/script>\n<!-- \/ Yoast SEO Premium plugin. -->","yoast_head_json":{"title":"La campagne syndicale accro\u00eet la pression sur LafargeHolcim - industriall-union","description":"Ces actions marquent le lancement d&rsquo;une campagne mondiale contre l&rsquo;attitude de Lafarge et Holcim dans le processus de fusion. La campagne est","robots":{"index":"index","follow":"follow","max-snippet":"max-snippet:-1","max-image-preview":"max-image-preview:large","max-video-preview":"max-video-preview:-1"},"canonical":"https:\/\/admin.industriall-union.org\/fr\/la-campagne-syndicale-accroit-la-pression-sur-lafargeholcim\/","og_locale":"fr_FR","og_type":"article","og_title":"La campagne syndicale accro\u00eet la pression sur LafargeHolcim","og_description":"Ces actions marquent le lancement d&rsquo;une campagne mondiale contre l&rsquo;attitude de Lafarge et Holcim dans le processus de fusion. La campagne est","og_url":"https:\/\/admin.industriall-union.org\/fr\/la-campagne-syndicale-accroit-la-pression-sur-lafargeholcim\/","og_site_name":"industriall-union","article_modified_time":"2025-02-07T18:12:40+00:00","twitter_card":"summary_large_image","twitter_misc":{"Est. reading time":"2 minutes"},"schema":{"@context":"https:\/\/schema.org","@graph":[{"@type":"WebPage","@id":"https:\/\/admin.industriall-union.org\/fr\/la-campagne-syndicale-accroit-la-pression-sur-lafargeholcim\/","url":"https:\/\/admin.industriall-union.org\/fr\/la-campagne-syndicale-accroit-la-pression-sur-lafargeholcim\/","name":"La campagne syndicale accro\u00eet la pression sur LafargeHolcim - industriall-union","isPartOf":{"@id":"https:\/\/admin.industriall-union.org\/#website"},"datePublished":"2015-01-15T08:29:50+00:00","dateModified":"2025-02-07T18:12:40+00:00","description":"Ces actions marquent le lancement d&rsquo;une campagne mondiale contre l&rsquo;attitude de Lafarge et Holcim dans le processus de fusion. La campagne est","breadcrumb":{"@id":"https:\/\/admin.industriall-union.org\/fr\/la-campagne-syndicale-accroit-la-pression-sur-lafargeholcim\/#breadcrumb"},"inLanguage":"fr-FR","potentialAction":[{"@type":"ReadAction","target":["https:\/\/admin.industriall-union.org\/fr\/la-campagne-syndicale-accroit-la-pression-sur-lafargeholcim\/"]}]},{"@type":"BreadcrumbList","@id":"https:\/\/admin.industriall-union.org\/fr\/la-campagne-syndicale-accroit-la-pression-sur-lafargeholcim\/#breadcrumb","itemListElement":[{"@type":"ListItem","position":1,"name":"Home","item":"https:\/\/admin.industriall-union.org\/"},{"@type":"ListItem","position":2,"name":"Articles","item":"https:\/\/admin.industriall-union.org\/article\/"},{"@type":"ListItem","position":3,"name":"La campagne syndicale accro\u00eet la pression sur LafargeHolcim"}]},{"@type":"WebSite","@id":"https:\/\/admin.industriall-union.org\/#website","url":"https:\/\/admin.industriall-union.org\/","name":"industriall-union","description":"","potentialAction":[{"@type":"SearchAction","target":{"@type":"EntryPoint","urlTemplate":"https:\/\/admin.industriall-union.org\/?s={search_term_string}"},"query-input":{"@type":"PropertyValueSpecification","valueRequired":true,"valueName":"search_term_string"}}],"inLanguage":"fr-FR"}]}},"_links":{"self":[{"href":"https:\/\/admin.industriall-union.org\/fr\/wp-json\/wp\/v2\/article\/151785","targetHints":{"allow":["GET"]}}],"collection":[{"href":"https:\/\/admin.industriall-union.org\/fr\/wp-json\/wp\/v2\/article"}],"about":[{"href":"https:\/\/admin.industriall-union.org\/fr\/wp-json\/wp\/v2\/types\/article"}],"wp:attachment":[{"href":"https:\/\/admin.industriall-union.org\/fr\/wp-json\/wp\/v2\/media?parent=151785"}],"wp:term":[{"taxonomy":"issues","embeddable":true,"href":"https:\/\/admin.industriall-union.org\/fr\/wp-json\/wp\/v2\/issues?post=151785"},{"taxonomy":"companies","embeddable":true,"href":"https:\/\/admin.industriall-union.org\/fr\/wp-json\/wp\/v2\/companies?post=151785"},{"taxonomy":"regions","embeddable":true,"href":"https:\/\/admin.industriall-union.org\/fr\/wp-json\/wp\/v2\/regions?post=151785"},{"taxonomy":"sectors","embeddable":true,"href":"https:\/\/admin.industriall-union.org\/fr\/wp-json\/wp\/v2\/sectors?post=151785"},{"taxonomy":"article_tags","embeddable":true,"href":"https:\/\/admin.industriall-union.org\/fr\/wp-json\/wp\/v2\/article_tags?post=151785"}],"curies":[{"name":"wp","href":"https:\/\/api.w.org\/{rel}","templated":true}]}}